{"id":56195,"date":"2021-05-06T09:02:41","date_gmt":"2021-05-06T12:02:41","guid":{"rendered":"http:\/\/blogdoeloiltoncajuhy.com.br\/site\/?p=56195"},"modified":"2021-05-06T09:02:42","modified_gmt":"2021-05-06T12:02:42","slug":"gestante-fica-ferida-apos-ser-atacada-com-golpes-de-arma-branca-companheiro-confessou-crime-e-foi-preso","status":"publish","type":"post","link":"https:\/\/blogdoeloiltoncajuhy.com.br\/site\/gestante-fica-ferida-apos-ser-atacada-com-golpes-de-arma-branca-companheiro-confessou-crime-e-foi-preso\/","title":{"rendered":"Gestante fica ferida ap\u00f3s ser atacada com golpes de arma branca; companheiro confessou crime e foi preso"},"content":{"rendered":"\n<h5 class=\"has-text-align-center wp-block-heading\"><em>Caso ocorreu na noite de quarta-feira (5), em Salvador. Homem foi preso em flagrante e est\u00e1 \u00e0 disposi\u00e7\u00e3o do poder judici\u00e1rio<\/em><\/h5>\n\n\n\n<div class=\"wp-block-image\"><figure class=\"aligncenter size-large\"><a href=\"https:\/\/i0.wp.com\/blogdoeloiltoncajuhy.com.br\/site\/wp-content\/uploads\/2021\/05\/SSA_HGE.jpg\"><img data-recalc-dims=\"1\" fetchpriority=\"high\" decoding=\"async\" width=\"800\" height=\"501\" src=\"https:\/\/i0.wp.com\/blogdoeloiltoncajuhy.com.br\/site\/wp-content\/uploads\/2021\/05\/SSA_HGE.jpg?resize=800%2C501\" alt=\"\" class=\"wp-image-56196\" srcset=\"https:\/\/i0.wp.com\/blogdoeloiltoncajuhy.com.br\/site\/wp-content\/uploads\/2021\/05\/SSA_HGE.jpg?w=984&amp;ssl=1 984w, https:\/\/i0.wp.com\/blogdoeloiltoncajuhy.com.br\/site\/wp-content\/uploads\/2021\/05\/SSA_HGE.jpg?resize=300%2C188&amp;ssl=1 300w, https:\/\/i0.wp.com\/blogdoeloiltoncajuhy.com.br\/site\/wp-content\/uploads\/2021\/05\/SSA_HGE.jpg?resize=768%2C481&amp;ssl=1 768w\" sizes=\"(max-width: 800px) 100vw, 800px\" \/><\/a><figcaption><em><sub>Mulher foi levada para o Hospital Geral do Estado (HGE) \u2014 Foto: Maiana Belo\/G1 BA<\/sub><\/em><\/figcaption><\/figure><\/div>\n\n\n\n<p>Uma gestante de 20 anos de idade ficou ferida, ap\u00f3s ser atacada a golpes de arma branca, na noite de quarta-feira (5), em sua resid\u00eancia, no bairro de Jardim Cajazeiras, em Salvador. A v\u00edtima foi encaminhada para o Hospital Geral do Estado (HGE), entretanto o estado de sa\u00fade dela n\u00e3o foi divulgado.<\/p>\n\n\n\n<p>Atrav\u00e9s de nota, a Pol\u00edcia Militar (PM) informou que uma guarni\u00e7\u00e3o da 47\u00aa CIPM foi acionada, ap\u00f3s informa\u00e7\u00f5es de uma v\u00edtima de golpes de arma branca, na Rua Luciano Gomes. No local, o fato foi confirmado e a v\u00edtima foi socorrida por uma equipe m\u00e9dica do Samu.<\/p>\n\n\n\n<p>Posteriormente, o suspeito, companheiro da v\u00edtima, foi localizado e conduzido para a Delegacia Especial de Atendimento \u00e0 Mulher (Deam), que investigar\u00e1 o crime.<\/p>\n\n\n\n<p>De acordo com a Pol\u00edcia Civil, o companheiro da gestante confessou ter sido o autor do crime. Ele foi preso em flagrante e est\u00e1 \u00e0 disposi\u00e7\u00e3o do poder judici\u00e1rio. N\u00e3o h\u00e1 informa\u00e7\u00f5es sobre a motiva\u00e7\u00e3o do crime.<\/p>\n","protected":false},"excerpt":{"rendered":"<p>Caso ocorreu na noite de quarta-feira (5), em Salvador. Homem foi preso em flagrante e est\u00e1 \u00e0 disposi\u00e7\u00e3o do poder judici\u00e1rio Uma gestante de 20 anos de idade ficou ferida, ap\u00f3s ser atacada a golpes de arma branca, na noite de quarta-feira (5), em sua resid\u00eancia, no bairro de Jardim Cajazeiras, em Salvador. A v\u00edtima [&hellip;]<\/p>\n","protected":false},"author":2,"featured_media":56196,"comment_status":"open","ping_status":"open","sticky":false,"template":"","format":"standard","meta":{"_acf_changed":false,"_monsterinsights_skip_tracking":false,"_monsterinsights_sitenote_active":false,"_monsterinsights_sitenote_note":"","_monsterinsights_sitenote_category":0,"_jetpack_memberships_contains_paid_content":false,"footnotes":"","jetpack_publicize_message":"","jetpack_publicize_feature_enabled":true,"jetpack_social_post_already_shared":true,"jetpack_social_options":{"image_generator_settings":{"template":"highway","default_image_id":0,"font":"","enabled":false},"version":2}},"categories":[15],"tags":[],"class_list":["post-56195","post","type-post","status-publish","format-standard","has-post-thumbnail","hentry","category-policia"],"acf":[],"jetpack_publicize_connections":[],"jetpack_featured_media_url":"https:\/\/i0.wp.com\/blogdoeloiltoncajuhy.com.br\/site\/wp-content\/uploads\/2021\/05\/SSA_HGE.jpg?fit=984%2C616&ssl=1","jetpack_sharing_enabled":true,"publishpress_future_workflow_manual_trigger":{"enabledWorkflows":[]},"_links":{"self":[{"href":"https:\/\/blogdoeloiltoncajuhy.com.br\/site\/wp-json\/wp\/v2\/posts\/56195","targetHints":{"allow":["GET"]}}],"collection":[{"href":"https:\/\/blogdoeloiltoncajuhy.com.br\/site\/wp-json\/wp\/v2\/posts"}],"about":[{"href":"https:\/\/blogdoeloiltoncajuhy.com.br\/site\/wp-json\/wp\/v2\/types\/post"}],"author":[{"embeddable":true,"href":"https:\/\/blogdoeloiltoncajuhy.com.br\/site\/wp-json\/wp\/v2\/users\/2"}],"replies":[{"embeddable":true,"href":"https:\/\/blogdoeloiltoncajuhy.com.br\/site\/wp-json\/wp\/v2\/comments?post=56195"}],"version-history":[{"count":2,"href":"https:\/\/blogdoeloiltoncajuhy.com.br\/site\/wp-json\/wp\/v2\/posts\/56195\/revisions"}],"predecessor-version":[{"id":56198,"href":"https:\/\/blogdoeloiltoncajuhy.com.br\/site\/wp-json\/wp\/v2\/posts\/56195\/revisions\/56198"}],"wp:featuredmedia":[{"embeddable":true,"href":"https:\/\/blogdoeloiltoncajuhy.com.br\/site\/wp-json\/wp\/v2\/media\/56196"}],"wp:attachment":[{"href":"https:\/\/blogdoeloiltoncajuhy.com.br\/site\/wp-json\/wp\/v2\/media?parent=56195"}],"wp:term":[{"taxonomy":"category","embeddable":true,"href":"https:\/\/blogdoeloiltoncajuhy.com.br\/site\/wp-json\/wp\/v2\/categories?post=56195"},{"taxonomy":"post_tag","embeddable":true,"href":"https:\/\/blogdoeloiltoncajuhy.com.br\/site\/wp-json\/wp\/v2\/tags?post=56195"}],"curies":[{"name":"wp","href":"https:\/\/api.w.org\/{rel}","templated":true}]}}