{"id":56192,"date":"2021-05-06T08:33:56","date_gmt":"2021-05-06T11:33:56","guid":{"rendered":"http:\/\/blogdoeloiltoncajuhy.com.br\/site\/?p=56192"},"modified":"2021-05-06T08:33:57","modified_gmt":"2021-05-06T11:33:57","slug":"variante-agressiva-da-covid-19-se-alastra-em-povoado-de-campo-formoso-e-preocupa-secretaria-de-saude","status":"publish","type":"post","link":"https:\/\/blogdoeloiltoncajuhy.com.br\/site\/variante-agressiva-da-covid-19-se-alastra-em-povoado-de-campo-formoso-e-preocupa-secretaria-de-saude\/","title":{"rendered":"Variante agressiva da Covid-19 se alastra em povoado de Campo Formoso e preocupa Secretaria de Sa\u00fade"},"content":{"rendered":"\n<div class=\"wp-block-image\"><figure class=\"aligncenter size-full is-resized\"><a href=\"https:\/\/i0.wp.com\/blogdoeloiltoncajuhy.com.br\/site\/wp-content\/uploads\/2020\/07\/Coronavirus_Bonfim_01.jpeg\"><img data-recalc-dims=\"1\" fetchpriority=\"high\" decoding=\"async\" src=\"https:\/\/i0.wp.com\/blogdoeloiltoncajuhy.com.br\/site\/wp-content\/uploads\/2020\/07\/Coronavirus_Bonfim_01.jpeg?resize=768%2C324\" alt=\"\" class=\"wp-image-46232\" width=\"768\" height=\"324\" srcset=\"https:\/\/i0.wp.com\/blogdoeloiltoncajuhy.com.br\/site\/wp-content\/uploads\/2020\/07\/Coronavirus_Bonfim_01.jpeg?w=768&amp;ssl=1 768w, https:\/\/i0.wp.com\/blogdoeloiltoncajuhy.com.br\/site\/wp-content\/uploads\/2020\/07\/Coronavirus_Bonfim_01.jpeg?resize=300%2C127&amp;ssl=1 300w\" sizes=\"(max-width: 768px) 100vw, 768px\" \/><\/a><\/figure><\/div>\n\n\n\n<p>\u00c9 crescente o n\u00famero de infec\u00e7\u00f5es por Covid-19 na zona rural de Campo Formoso. Os dados da Secretaria Municipal de Sa\u00fade apontam que em abril 131 casos foram confirmados, sendo 93 em Po\u00e7os, 17 em Cara\u00edbas, 12 em Araras e 09 em Limoeiro.<\/p>\n\n\n\n<p>Em entrevista ao Jornal 98 Not\u00edcias desta quarta-feira (05), o secret\u00e1rio de Sa\u00fade, Paulo Henrique Nascimento, afirmou que o povoado de Araras \u00e9 o que mais preocupa por conta da variante mais agressiva. Por\u00e9m, ele sinalizou que nesta quinta-feira (06) uma interven\u00e7\u00e3o ser\u00e1 feita pela pasta com 120 atendimentos.<\/p>\n\n\n\n<p><em>\u201cA variante que est\u00e1 naquela regi\u00e3o \u00e9 mais agressiva, acometendo pessoas jovens, levando at\u00e9 a \u00f3bitos. Estou muito preocupado (\u2026) Araras registrou durante estes dois meses um n\u00famero de \u00f3bitos diferenciado das demais localidades (\u2026) A gente est\u00e1 levando uma equipe de m\u00e9dicos e especialistas e que v\u00e3o atender exclusivamente com a Covid. Vamos nos preparar para uma coleta de RT PCR em massa\u201d<\/em>, comentou o gestor de sa\u00fade.<\/p>\n\n\n\n<p>A Secretaria de Sa\u00fade n\u00e3o informou o n\u00famero de mortes por Covid-19 em Araras.<\/p>\n","protected":false},"excerpt":{"rendered":"<p>\u00c9 crescente o n\u00famero de infec\u00e7\u00f5es por Covid-19 na zona rural de Campo Formoso. Os dados da Secretaria Municipal de Sa\u00fade apontam que em abril 131 casos foram confirmados, sendo 93 em Po\u00e7os, 17 em Cara\u00edbas, 12 em Araras e 09 em Limoeiro. Em entrevista ao Jornal 98 Not\u00edcias desta quarta-feira (05), o secret\u00e1rio de [&hellip;]<\/p>\n","protected":false},"author":2,"featured_media":46232,"comment_status":"open","ping_status":"open","sticky":false,"template":"","format":"standard","meta":{"_acf_changed":false,"_monsterinsights_skip_tracking":false,"_monsterinsights_sitenote_active":false,"_monsterinsights_sitenote_note":"","_monsterinsights_sitenote_category":0,"_jetpack_memberships_contains_paid_content":false,"footnotes":"","jetpack_publicize_message":"","jetpack_publicize_feature_enabled":true,"jetpack_social_post_already_shared":true,"jetpack_social_options":{"image_generator_settings":{"template":"highway","default_image_id":0,"font":"","enabled":false},"version":2}},"categories":[11],"tags":[],"class_list":["post-56192","post","type-post","status-publish","format-standard","has-post-thumbnail","hentry","category-regional"],"acf":[],"jetpack_publicize_connections":[],"jetpack_featured_media_url":"https:\/\/i0.wp.com\/blogdoeloiltoncajuhy.com.br\/site\/wp-content\/uploads\/2020\/07\/Coronavirus_Bonfim_01.jpeg?fit=768%2C324&ssl=1","jetpack_sharing_enabled":true,"publishpress_future_workflow_manual_trigger":{"enabledWorkflows":[]},"_links":{"self":[{"href":"https:\/\/blogdoeloiltoncajuhy.com.br\/site\/wp-json\/wp\/v2\/posts\/56192","targetHints":{"allow":["GET"]}}],"collection":[{"href":"https:\/\/blogdoeloiltoncajuhy.com.br\/site\/wp-json\/wp\/v2\/posts"}],"about":[{"href":"https:\/\/blogdoeloiltoncajuhy.com.br\/site\/wp-json\/wp\/v2\/types\/post"}],"author":[{"embeddable":true,"href":"https:\/\/blogdoeloiltoncajuhy.com.br\/site\/wp-json\/wp\/v2\/users\/2"}],"replies":[{"embeddable":true,"href":"https:\/\/blogdoeloiltoncajuhy.com.br\/site\/wp-json\/wp\/v2\/comments?post=56192"}],"version-history":[{"count":2,"href":"https:\/\/blogdoeloiltoncajuhy.com.br\/site\/wp-json\/wp\/v2\/posts\/56192\/revisions"}],"predecessor-version":[{"id":56194,"href":"https:\/\/blogdoeloiltoncajuhy.com.br\/site\/wp-json\/wp\/v2\/posts\/56192\/revisions\/56194"}],"wp:featuredmedia":[{"embeddable":true,"href":"https:\/\/blogdoeloiltoncajuhy.com.br\/site\/wp-json\/wp\/v2\/media\/46232"}],"wp:attachment":[{"href":"https:\/\/blogdoeloiltoncajuhy.com.br\/site\/wp-json\/wp\/v2\/media?parent=56192"}],"wp:term":[{"taxonomy":"category","embeddable":true,"href":"https:\/\/blogdoeloiltoncajuhy.com.br\/site\/wp-json\/wp\/v2\/categories?post=56192"},{"taxonomy":"post_tag","embeddable":true,"href":"https:\/\/blogdoeloiltoncajuhy.com.br\/site\/wp-json\/wp\/v2\/tags?post=56192"}],"curies":[{"name":"wp","href":"https:\/\/api.w.org\/{rel}","templated":true}]}}