{"id":56181,"date":"2021-05-05T22:13:25","date_gmt":"2021-05-06T01:13:25","guid":{"rendered":"http:\/\/blogdoeloiltoncajuhy.com.br\/site\/?p=56181"},"modified":"2021-05-05T22:13:27","modified_gmt":"2021-05-06T01:13:27","slug":"manutencao-em-estacao-de-tratamento-vai-interromper-o-abastecimento-de-agua-em-missao-do-sahy-barro-e-salinas-de-sexta-07-a-segunda-feira-10","status":"publish","type":"post","link":"https:\/\/blogdoeloiltoncajuhy.com.br\/site\/manutencao-em-estacao-de-tratamento-vai-interromper-o-abastecimento-de-agua-em-missao-do-sahy-barro-e-salinas-de-sexta-07-a-segunda-feira-10\/","title":{"rendered":"Manuten\u00e7\u00e3o em esta\u00e7\u00e3o de tratamento vai interromper o abastecimento de \u00e1gua em Miss\u00e3o do Sahy, Barro e Salinas de sexta (07) a segunda-feira (10)"},"content":{"rendered":"\n<div class=\"wp-block-image\"><figure class=\"aligncenter size-large is-resized\"><a href=\"https:\/\/i0.wp.com\/blogdoeloiltoncajuhy.com.br\/site\/wp-content\/uploads\/2021\/05\/Embasa_Informe-05.05.2021.jpeg\"><img data-recalc-dims=\"1\" fetchpriority=\"high\" decoding=\"async\" src=\"https:\/\/i0.wp.com\/blogdoeloiltoncajuhy.com.br\/site\/wp-content\/uploads\/2021\/05\/Embasa_Informe-05.05.2021.jpeg?resize=608%2C601\" alt=\"\" class=\"wp-image-56182\" width=\"608\" height=\"601\" srcset=\"https:\/\/i0.wp.com\/blogdoeloiltoncajuhy.com.br\/site\/wp-content\/uploads\/2021\/05\/Embasa_Informe-05.05.2021.jpeg?resize=1024%2C1013&amp;ssl=1 1024w, https:\/\/i0.wp.com\/blogdoeloiltoncajuhy.com.br\/site\/wp-content\/uploads\/2021\/05\/Embasa_Informe-05.05.2021.jpeg?resize=300%2C297&amp;ssl=1 300w, https:\/\/i0.wp.com\/blogdoeloiltoncajuhy.com.br\/site\/wp-content\/uploads\/2021\/05\/Embasa_Informe-05.05.2021.jpeg?resize=768%2C760&amp;ssl=1 768w, https:\/\/i0.wp.com\/blogdoeloiltoncajuhy.com.br\/site\/wp-content\/uploads\/2021\/05\/Embasa_Informe-05.05.2021.jpeg?w=1125&amp;ssl=1 1125w\" sizes=\"(max-width: 608px) 100vw, 608px\" \/><\/a><\/figure><\/div>\n\n\n\n<p>A Embasa informa que o fornecimento de \u00e1gua ser\u00e1 necessariamente suspenso na manh\u00e3 de sexta-feira (07) em Miss\u00e3o do Sahy, no Barro e na localidade de Salinas, situadas no munic\u00edpio de Senhor do Bonfim, para a realiza\u00e7\u00e3o de servi\u00e7os de manuten\u00e7\u00e3o na Esta\u00e7\u00e3o de Tratamento de \u00c1gua do Rio da Prata.<\/p>\n\n\n\n<p>Os servi\u00e7os devem iniciar \u00e0s 08h com conclus\u00e3o prevista para \u00e0s 18h da pr\u00f3xima segunda-feira (10). Ap\u00f3s a conclus\u00e3o, ser\u00e1 reiniciado o abastecimento de \u00e1gua com atendimento gradativo. A Embasa recomenda aos moradores afetados que armazenem e economizem \u00e1gua durante este per\u00edodo para evitar maiores transtornos.<\/p>\n","protected":false},"excerpt":{"rendered":"<p>A Embasa informa que o fornecimento de \u00e1gua ser\u00e1 necessariamente suspenso na manh\u00e3 de sexta-feira (07) em Miss\u00e3o do Sahy, no Barro e na localidade de Salinas, situadas no munic\u00edpio de Senhor do Bonfim, para a realiza\u00e7\u00e3o de servi\u00e7os de manuten\u00e7\u00e3o na Esta\u00e7\u00e3o de Tratamento de \u00c1gua do Rio da Prata. Os servi\u00e7os devem iniciar [&hellip;]<\/p>\n","protected":false},"author":2,"featured_media":56182,"comment_status":"open","ping_status":"open","sticky":false,"template":"","format":"standard","meta":{"_acf_changed":false,"_monsterinsights_skip_tracking":false,"_monsterinsights_sitenote_active":false,"_monsterinsights_sitenote_note":"","_monsterinsights_sitenote_category":0,"_jetpack_memberships_contains_paid_content":false,"footnotes":"","jetpack_publicize_message":"","jetpack_publicize_feature_enabled":true,"jetpack_social_post_already_shared":true,"jetpack_social_options":{"image_generator_settings":{"template":"highway","default_image_id":0,"font":"","enabled":false},"version":2}},"categories":[4],"tags":[],"class_list":["post-56181","post","type-post","status-publish","format-standard","has-post-thumbnail","hentry","category-local"],"acf":[],"jetpack_publicize_connections":[],"jetpack_featured_media_url":"https:\/\/i0.wp.com\/blogdoeloiltoncajuhy.com.br\/site\/wp-content\/uploads\/2021\/05\/Embasa_Informe-05.05.2021.jpeg?fit=1125%2C1113&ssl=1","jetpack_sharing_enabled":true,"publishpress_future_workflow_manual_trigger":{"enabledWorkflows":[]},"_links":{"self":[{"href":"https:\/\/blogdoeloiltoncajuhy.com.br\/site\/wp-json\/wp\/v2\/posts\/56181","targetHints":{"allow":["GET"]}}],"collection":[{"href":"https:\/\/blogdoeloiltoncajuhy.com.br\/site\/wp-json\/wp\/v2\/posts"}],"about":[{"href":"https:\/\/blogdoeloiltoncajuhy.com.br\/site\/wp-json\/wp\/v2\/types\/post"}],"author":[{"embeddable":true,"href":"https:\/\/blogdoeloiltoncajuhy.com.br\/site\/wp-json\/wp\/v2\/users\/2"}],"replies":[{"embeddable":true,"href":"https:\/\/blogdoeloiltoncajuhy.com.br\/site\/wp-json\/wp\/v2\/comments?post=56181"}],"version-history":[{"count":1,"href":"https:\/\/blogdoeloiltoncajuhy.com.br\/site\/wp-json\/wp\/v2\/posts\/56181\/revisions"}],"predecessor-version":[{"id":56183,"href":"https:\/\/blogdoeloiltoncajuhy.com.br\/site\/wp-json\/wp\/v2\/posts\/56181\/revisions\/56183"}],"wp:featuredmedia":[{"embeddable":true,"href":"https:\/\/blogdoeloiltoncajuhy.com.br\/site\/wp-json\/wp\/v2\/media\/56182"}],"wp:attachment":[{"href":"https:\/\/blogdoeloiltoncajuhy.com.br\/site\/wp-json\/wp\/v2\/media?parent=56181"}],"wp:term":[{"taxonomy":"category","embeddable":true,"href":"https:\/\/blogdoeloiltoncajuhy.com.br\/site\/wp-json\/wp\/v2\/categories?post=56181"},{"taxonomy":"post_tag","embeddable":true,"href":"https:\/\/blogdoeloiltoncajuhy.com.br\/site\/wp-json\/wp\/v2\/tags?post=56181"}],"curies":[{"name":"wp","href":"https:\/\/api.w.org\/{rel}","templated":true}]}}