{"id":56178,"date":"2021-05-05T21:46:26","date_gmt":"2021-05-06T00:46:26","guid":{"rendered":"http:\/\/blogdoeloiltoncajuhy.com.br\/site\/?p=56178"},"modified":"2021-05-05T21:46:27","modified_gmt":"2021-05-06T00:46:27","slug":"iel-pe-esta-com-vagas-abertas-para-estagio-com-atuacao-em-diversas-areas","status":"publish","type":"post","link":"https:\/\/blogdoeloiltoncajuhy.com.br\/site\/iel-pe-esta-com-vagas-abertas-para-estagio-com-atuacao-em-diversas-areas\/","title":{"rendered":"IEL-PE est\u00e1 com vagas abertas para est\u00e1gio com atua\u00e7\u00e3o em diversas \u00e1reas"},"content":{"rendered":"\n<div class=\"wp-block-image\"><figure class=\"aligncenter size-large\"><a href=\"https:\/\/i0.wp.com\/blogdoeloiltoncajuhy.com.br\/site\/wp-content\/uploads\/2021\/05\/IEL-PE_estagio.jpeg\"><img data-recalc-dims=\"1\" fetchpriority=\"high\" decoding=\"async\" width=\"800\" height=\"533\" src=\"https:\/\/i0.wp.com\/blogdoeloiltoncajuhy.com.br\/site\/wp-content\/uploads\/2021\/05\/IEL-PE_estagio.jpeg?resize=800%2C533\" alt=\"\" class=\"wp-image-56179\" srcset=\"https:\/\/i0.wp.com\/blogdoeloiltoncajuhy.com.br\/site\/wp-content\/uploads\/2021\/05\/IEL-PE_estagio.jpeg?resize=1024%2C682&amp;ssl=1 1024w, https:\/\/i0.wp.com\/blogdoeloiltoncajuhy.com.br\/site\/wp-content\/uploads\/2021\/05\/IEL-PE_estagio.jpeg?resize=300%2C200&amp;ssl=1 300w, https:\/\/i0.wp.com\/blogdoeloiltoncajuhy.com.br\/site\/wp-content\/uploads\/2021\/05\/IEL-PE_estagio.jpeg?resize=768%2C512&amp;ssl=1 768w, https:\/\/i0.wp.com\/blogdoeloiltoncajuhy.com.br\/site\/wp-content\/uploads\/2021\/05\/IEL-PE_estagio.jpeg?w=1280&amp;ssl=1 1280w\" sizes=\"(max-width: 800px) 100vw, 800px\" \/><\/a><\/figure><\/div>\n\n\n\n<p>O Instituto Euvaldo Lodi de Pernambuco (IEL-PE) oferta 35 vagas de est\u00e1gio para os n\u00edveis m\u00e9dio e superior, sendo 16 para atua\u00e7\u00e3o na Regi\u00e3o Metropolitana do Recife (RMR), 16 em Caruaru, no Agreste, e 3 em Petrolina, no Sert\u00e3o. As vagas s\u00e3o para as \u00e1reas de Administra\u00e7\u00e3o, Design Gr\u00e1fico, Marketing, Pedagogia, Engenharia Qu\u00edmica e Civil, bem como para T\u00e9cnico em Refrigera\u00e7\u00e3o, Mec\u00e2nica e em Qu\u00edmica.<\/p>\n\n\n\n<p>De acordo com a gestora do IEL-PE, Juliana Nogueira, as vagas s\u00e3o atualizadas diariamente e, por isso, recomenda que o estudante esteja sempre atento \u00e0s oportunidades. <em>\u201cAl\u00e9m de ficar antenado nas vagas, ele precisa saber tamb\u00e9m que os dados precisam ser, constantemente, atualizados em nosso site para que a convoca\u00e7\u00e3o de sele\u00e7\u00e3o chegue at\u00e9 ao candidato e a contrata\u00e7\u00e3o seja mais efetiva\u201d<\/em>, aconselha.<\/p>\n\n\n\n<p>Para concorrer a uma das oportunidades, o interessado deve realizar seu cadastro atrav\u00e9s do link <a href=\"http:\/\/ielpe.org.br\/\" target=\"_blank\" rel=\"noreferrer noopener\">http:\/\/ielpe.org.br\/<\/a> . As bolsas chegam at\u00e9 R$ 1.100 mil.<\/p>\n\n\n\n<p class=\"has-black-color has-text-color\"><strong>Quem somos?<\/strong><\/p>\n\n\n\n<p>O N\u00facleo Regional do Instituto Euvaldo Lodi (IEL-PE), vinculado ao IEL Nacional e integrante do Sistema FIEPE, atua diretamente na promo\u00e7\u00e3o da integra\u00e7\u00e3o das institui\u00e7\u00f5es de ensino e pesquisa com o setor produtivo do Estado, a partir da inser\u00e7\u00e3o do estudante ou profissional no mercado de trabalho.<\/p>\n","protected":false},"excerpt":{"rendered":"<p>O Instituto Euvaldo Lodi de Pernambuco (IEL-PE) oferta 35 vagas de est\u00e1gio para os n\u00edveis m\u00e9dio e superior, sendo 16 para atua\u00e7\u00e3o na Regi\u00e3o Metropolitana do Recife (RMR), 16 em Caruaru, no Agreste, e 3 em Petrolina, no Sert\u00e3o. As vagas s\u00e3o para as \u00e1reas de Administra\u00e7\u00e3o, Design Gr\u00e1fico, Marketing, Pedagogia, Engenharia Qu\u00edmica e Civil, [&hellip;]<\/p>\n","protected":false},"author":2,"featured_media":56179,"comment_status":"open","ping_status":"open","sticky":false,"template":"","format":"standard","meta":{"_acf_changed":false,"_monsterinsights_skip_tracking":false,"_monsterinsights_sitenote_active":false,"_monsterinsights_sitenote_note":"","_monsterinsights_sitenote_category":0,"_jetpack_memberships_contains_paid_content":false,"footnotes":"","jetpack_publicize_message":"","jetpack_publicize_feature_enabled":true,"jetpack_social_post_already_shared":true,"jetpack_social_options":{"image_generator_settings":{"template":"highway","default_image_id":0,"font":"","enabled":false},"version":2}},"categories":[1],"tags":[],"class_list":["post-56178","post","type-post","status-publish","format-standard","has-post-thumbnail","hentry","category-noticias"],"acf":[],"jetpack_publicize_connections":[],"jetpack_featured_media_url":"https:\/\/i0.wp.com\/blogdoeloiltoncajuhy.com.br\/site\/wp-content\/uploads\/2021\/05\/IEL-PE_estagio.jpeg?fit=1280%2C853&ssl=1","jetpack_sharing_enabled":true,"publishpress_future_workflow_manual_trigger":{"enabledWorkflows":[]},"_links":{"self":[{"href":"https:\/\/blogdoeloiltoncajuhy.com.br\/site\/wp-json\/wp\/v2\/posts\/56178","targetHints":{"allow":["GET"]}}],"collection":[{"href":"https:\/\/blogdoeloiltoncajuhy.com.br\/site\/wp-json\/wp\/v2\/posts"}],"about":[{"href":"https:\/\/blogdoeloiltoncajuhy.com.br\/site\/wp-json\/wp\/v2\/types\/post"}],"author":[{"embeddable":true,"href":"https:\/\/blogdoeloiltoncajuhy.com.br\/site\/wp-json\/wp\/v2\/users\/2"}],"replies":[{"embeddable":true,"href":"https:\/\/blogdoeloiltoncajuhy.com.br\/site\/wp-json\/wp\/v2\/comments?post=56178"}],"version-history":[{"count":1,"href":"https:\/\/blogdoeloiltoncajuhy.com.br\/site\/wp-json\/wp\/v2\/posts\/56178\/revisions"}],"predecessor-version":[{"id":56180,"href":"https:\/\/blogdoeloiltoncajuhy.com.br\/site\/wp-json\/wp\/v2\/posts\/56178\/revisions\/56180"}],"wp:featuredmedia":[{"embeddable":true,"href":"https:\/\/blogdoeloiltoncajuhy.com.br\/site\/wp-json\/wp\/v2\/media\/56179"}],"wp:attachment":[{"href":"https:\/\/blogdoeloiltoncajuhy.com.br\/site\/wp-json\/wp\/v2\/media?parent=56178"}],"wp:term":[{"taxonomy":"category","embeddable":true,"href":"https:\/\/blogdoeloiltoncajuhy.com.br\/site\/wp-json\/wp\/v2\/categories?post=56178"},{"taxonomy":"post_tag","embeddable":true,"href":"https:\/\/blogdoeloiltoncajuhy.com.br\/site\/wp-json\/wp\/v2\/tags?post=56178"}],"curies":[{"name":"wp","href":"https:\/\/api.w.org\/{rel}","templated":true}]}}