{"id":56167,"date":"2021-05-05T11:39:58","date_gmt":"2021-05-05T14:39:58","guid":{"rendered":"http:\/\/blogdoeloiltoncajuhy.com.br\/site\/?p=56167"},"modified":"2021-05-05T11:40:53","modified_gmt":"2021-05-05T14:40:53","slug":"comunicado-da-prefeitura-de-andorinha-aos-produtores-rurais-do-municipio","status":"publish","type":"post","link":"https:\/\/blogdoeloiltoncajuhy.com.br\/site\/comunicado-da-prefeitura-de-andorinha-aos-produtores-rurais-do-municipio\/","title":{"rendered":"Comunicado da Prefeitura de Andorinha aos produtores rurais do munic\u00edpio"},"content":{"rendered":"\n<div class=\"wp-block-image\"><figure class=\"aligncenter size-large\"><a href=\"https:\/\/i0.wp.com\/blogdoeloiltoncajuhy.com.br\/site\/wp-content\/uploads\/2021\/05\/PMA_GarantiaSafra_2021-Prorrogacao.jpeg\"><img data-recalc-dims=\"1\" fetchpriority=\"high\" decoding=\"async\" width=\"800\" height=\"800\" src=\"https:\/\/i0.wp.com\/blogdoeloiltoncajuhy.com.br\/site\/wp-content\/uploads\/2021\/05\/PMA_GarantiaSafra_2021-Prorrogacao.jpeg?resize=800%2C800\" alt=\"\" class=\"wp-image-56168\" srcset=\"https:\/\/i0.wp.com\/blogdoeloiltoncajuhy.com.br\/site\/wp-content\/uploads\/2021\/05\/PMA_GarantiaSafra_2021-Prorrogacao.jpeg?resize=1024%2C1024&amp;ssl=1 1024w, https:\/\/i0.wp.com\/blogdoeloiltoncajuhy.com.br\/site\/wp-content\/uploads\/2021\/05\/PMA_GarantiaSafra_2021-Prorrogacao.jpeg?resize=300%2C300&amp;ssl=1 300w, https:\/\/i0.wp.com\/blogdoeloiltoncajuhy.com.br\/site\/wp-content\/uploads\/2021\/05\/PMA_GarantiaSafra_2021-Prorrogacao.jpeg?resize=150%2C150&amp;ssl=1 150w, https:\/\/i0.wp.com\/blogdoeloiltoncajuhy.com.br\/site\/wp-content\/uploads\/2021\/05\/PMA_GarantiaSafra_2021-Prorrogacao.jpeg?resize=768%2C768&amp;ssl=1 768w, https:\/\/i0.wp.com\/blogdoeloiltoncajuhy.com.br\/site\/wp-content\/uploads\/2021\/05\/PMA_GarantiaSafra_2021-Prorrogacao.jpeg?w=1280&amp;ssl=1 1280w\" sizes=\"(max-width: 800px) 100vw, 800px\" \/><\/a><\/figure><\/div>\n\n\n\n<p>A Prefeitura de Andorinha, atrav\u00e9s da Secretaria de Desenvolvimento Rural e Meio Ambiente, informa que o prazo para o pagamento do boleto do Programa Garantia Safra foi prorrogado at\u00e9 o dia 20 de maio de 2021.<\/p>\n\n\n\n<p>O Garantia-Safra \u00e9 uma a\u00e7\u00e3o do Programa Nacional de Fortalecimento da Agricultura Familiar (PRONAF), que tem como objetivo garantir condi\u00e7\u00f5es m\u00ednimas de sobreviv\u00eancia aos agricultores familiares que tiveram perda severa da safra por conta do fen\u00f4meno da estiagem ou excesso de chuva.<\/p>\n","protected":false},"excerpt":{"rendered":"<p>A Prefeitura de Andorinha, atrav\u00e9s da Secretaria de Desenvolvimento Rural e Meio Ambiente, informa que o prazo para o pagamento do boleto do Programa Garantia Safra foi prorrogado at\u00e9 o dia 20 de maio de 2021. O Garantia-Safra \u00e9 uma a\u00e7\u00e3o do Programa Nacional de Fortalecimento da Agricultura Familiar (PRONAF), que tem como objetivo garantir [&hellip;]<\/p>\n","protected":false},"author":2,"featured_media":56168,"comment_status":"open","ping_status":"open","sticky":false,"template":"","format":"standard","meta":{"_acf_changed":false,"_monsterinsights_skip_tracking":false,"_monsterinsights_sitenote_active":false,"_monsterinsights_sitenote_note":"","_monsterinsights_sitenote_category":0,"_jetpack_memberships_contains_paid_content":false,"footnotes":"","jetpack_publicize_message":"","jetpack_publicize_feature_enabled":true,"jetpack_social_post_already_shared":true,"jetpack_social_options":{"image_generator_settings":{"template":"highway","default_image_id":0,"font":"","enabled":false},"version":2}},"categories":[11],"tags":[],"class_list":["post-56167","post","type-post","status-publish","format-standard","has-post-thumbnail","hentry","category-regional"],"acf":[],"jetpack_publicize_connections":[],"jetpack_featured_media_url":"https:\/\/i0.wp.com\/blogdoeloiltoncajuhy.com.br\/site\/wp-content\/uploads\/2021\/05\/PMA_GarantiaSafra_2021-Prorrogacao.jpeg?fit=1280%2C1280&ssl=1","jetpack_sharing_enabled":true,"publishpress_future_workflow_manual_trigger":{"enabledWorkflows":[]},"_links":{"self":[{"href":"https:\/\/blogdoeloiltoncajuhy.com.br\/site\/wp-json\/wp\/v2\/posts\/56167","targetHints":{"allow":["GET"]}}],"collection":[{"href":"https:\/\/blogdoeloiltoncajuhy.com.br\/site\/wp-json\/wp\/v2\/posts"}],"about":[{"href":"https:\/\/blogdoeloiltoncajuhy.com.br\/site\/wp-json\/wp\/v2\/types\/post"}],"author":[{"embeddable":true,"href":"https:\/\/blogdoeloiltoncajuhy.com.br\/site\/wp-json\/wp\/v2\/users\/2"}],"replies":[{"embeddable":true,"href":"https:\/\/blogdoeloiltoncajuhy.com.br\/site\/wp-json\/wp\/v2\/comments?post=56167"}],"version-history":[{"count":2,"href":"https:\/\/blogdoeloiltoncajuhy.com.br\/site\/wp-json\/wp\/v2\/posts\/56167\/revisions"}],"predecessor-version":[{"id":56170,"href":"https:\/\/blogdoeloiltoncajuhy.com.br\/site\/wp-json\/wp\/v2\/posts\/56167\/revisions\/56170"}],"wp:featuredmedia":[{"embeddable":true,"href":"https:\/\/blogdoeloiltoncajuhy.com.br\/site\/wp-json\/wp\/v2\/media\/56168"}],"wp:attachment":[{"href":"https:\/\/blogdoeloiltoncajuhy.com.br\/site\/wp-json\/wp\/v2\/media?parent=56167"}],"wp:term":[{"taxonomy":"category","embeddable":true,"href":"https:\/\/blogdoeloiltoncajuhy.com.br\/site\/wp-json\/wp\/v2\/categories?post=56167"},{"taxonomy":"post_tag","embeddable":true,"href":"https:\/\/blogdoeloiltoncajuhy.com.br\/site\/wp-json\/wp\/v2\/tags?post=56167"}],"curies":[{"name":"wp","href":"https:\/\/api.w.org\/{rel}","templated":true}]}}