{"id":56159,"date":"2021-05-05T09:51:05","date_gmt":"2021-05-05T12:51:05","guid":{"rendered":"http:\/\/blogdoeloiltoncajuhy.com.br\/site\/?p=56159"},"modified":"2021-05-05T09:51:06","modified_gmt":"2021-05-05T12:51:06","slug":"como-era-bomfim-ha-100-anos-atras","status":"publish","type":"post","link":"https:\/\/blogdoeloiltoncajuhy.com.br\/site\/como-era-bomfim-ha-100-anos-atras\/","title":{"rendered":"Como era Bomfim h\u00e1 100 anos atr\u00e1s?"},"content":{"rendered":"\n<div class=\"wp-block-image\"><figure class=\"aligncenter size-large\"><a href=\"https:\/\/i0.wp.com\/blogdoeloiltoncajuhy.com.br\/site\/wp-content\/uploads\/2021\/05\/MC_Bonfim-ha-100-anos.jpeg\"><img data-recalc-dims=\"1\" fetchpriority=\"high\" decoding=\"async\" width=\"720\" height=\"540\" src=\"https:\/\/i0.wp.com\/blogdoeloiltoncajuhy.com.br\/site\/wp-content\/uploads\/2021\/05\/MC_Bonfim-ha-100-anos.jpeg?resize=720%2C540\" alt=\"\" class=\"wp-image-56160\" srcset=\"https:\/\/i0.wp.com\/blogdoeloiltoncajuhy.com.br\/site\/wp-content\/uploads\/2021\/05\/MC_Bonfim-ha-100-anos.jpeg?w=720&amp;ssl=1 720w, https:\/\/i0.wp.com\/blogdoeloiltoncajuhy.com.br\/site\/wp-content\/uploads\/2021\/05\/MC_Bonfim-ha-100-anos.jpeg?resize=300%2C225&amp;ssl=1 300w\" sizes=\"(max-width: 720px) 100vw, 720px\" \/><\/a><\/figure><\/div>\n\n\n\n<p>Em 1921, Senhor do Bonfim era um dos vinte maiores munic\u00edpios baianos com uma popula\u00e7\u00e3o de 37.462 habitantes. Sua \u00e1rea era de aproximadamente 8.640 km2, dividida entre a cidade, que abrigava cerca de 2 mil casas, 26 ruas e 7 pra\u00e7as; o distrito de Jaguarari e os povoados de Brejo, Campo do Meio, Canoa, Cariac\u00e1, Carrapichel, Catuni, Estiva, Itumirim, Macambira, Miss\u00e3o do Sahy, Santa Rosa de Lima, Tiririca e Umburana.<\/p>\n\n\n\n<p>O munic\u00edpio era sede da Comarca de 2\u00aa Entr\u00e2ncia, que compreendia os termos de Campo Formoso e Queimadas. A chefia pol\u00edtica cabia ao Intendente Ant\u00f4nio de Oliveira Guena, tendo Manoel Francisco Cavalcanti como presidente do Conselho Municipal.<\/p>\n\n\n\n<p>A economia tinha como base as culturas do caf\u00e9, fumo, cana de a\u00e7\u00facar, mandioca e milho, com destaque para a lavoura de mani\u00e7oba do Coronel Ant\u00f4nio F\u00e9lix Martins, tido como um dos grandes produtores do estado. A pecu\u00e1ria era baseada na cria\u00e7\u00e3o de bovinos, caprinos e ovinos. A minera\u00e7\u00e3o tamb\u00e9m desempenhava um papel importante com a extra\u00e7\u00e3o de ferro e mangan\u00eas, al\u00e9m da mina de cobre, em Jaguarari, considerada na \u00e9poca uma das maiores reservas do mundo.<\/p>\n\n\n\n<p>A feira livre j\u00e1 se destacava como uma das principais da regi\u00e3o e o com\u00e9rcio contava com ag\u00eancia banc\u00e1ria, lot\u00e9rica, armaz\u00e9ns, engenhos, alambique, farm\u00e1cias, hot\u00e9is, pens\u00f5es, teatro, cinema e jornais. O transporte de cargas e passageiros era realizado atrav\u00e9s da linha f\u00e9rrea, administrada pela Compagnie des Chemins de Fer F\u00e9d\u00e9raux de l&#8217;Est Br\u00e9silien. Existiam ainda quatro escolas municipais, duas estaduais, uma complementar e uma particular.<\/p>\n\n\n\n<p>Por sua import\u00e2ncia pol\u00edtica e geogr\u00e1fica, Bonfim passou a sediar o 3\u00ba Distrito da Inspetoria de Obras Contra as Secas. A cidade abrigava a Coletoria Federal, o Tiro de Guerra 442, a ag\u00eancia dos Correios, o Telegrafo Nacional, e institui\u00e7\u00f5es como o Hospital N. Sra. da Piedade, a Sociedade 25 de Janeiro, a Uni\u00e3o e Recreio, o Mont\u00e9pio dos Artistas e a Mutuaria Amparo do Lar.<\/p>\n\n\n\n<p class=\"has-black-color has-text-color\"><strong><em>*Com informa\u00e7\u00f5es Censo IBGE (1920) &#8211; Almanak Lammert (1921) &#8211; Bonfim: Terra do Bom Come\u00e7o (1971)<\/em><\/strong><\/p>\n","protected":false},"excerpt":{"rendered":"<p>Em 1921, Senhor do Bonfim era um dos vinte maiores munic\u00edpios baianos com uma popula\u00e7\u00e3o de 37.462 habitantes. Sua \u00e1rea era de aproximadamente 8.640 km2, dividida entre a cidade, que abrigava cerca de 2 mil casas, 26 ruas e 7 pra\u00e7as; o distrito de Jaguarari e os povoados de Brejo, Campo do Meio, Canoa, Cariac\u00e1, [&hellip;]<\/p>\n","protected":false},"author":2,"featured_media":56160,"comment_status":"open","ping_status":"open","sticky":false,"template":"","format":"standard","meta":{"_acf_changed":false,"_monsterinsights_skip_tracking":false,"_monsterinsights_sitenote_active":false,"_monsterinsights_sitenote_note":"","_monsterinsights_sitenote_category":0,"_jetpack_memberships_contains_paid_content":false,"footnotes":"","jetpack_publicize_message":"","jetpack_publicize_feature_enabled":true,"jetpack_social_post_already_shared":true,"jetpack_social_options":{"image_generator_settings":{"template":"highway","default_image_id":0,"font":"","enabled":false},"version":2}},"categories":[4],"tags":[],"class_list":["post-56159","post","type-post","status-publish","format-standard","has-post-thumbnail","hentry","category-local"],"acf":[],"jetpack_publicize_connections":[],"jetpack_featured_media_url":"https:\/\/i0.wp.com\/blogdoeloiltoncajuhy.com.br\/site\/wp-content\/uploads\/2021\/05\/MC_Bonfim-ha-100-anos.jpeg?fit=720%2C540&ssl=1","jetpack_sharing_enabled":true,"publishpress_future_workflow_manual_trigger":{"enabledWorkflows":[]},"_links":{"self":[{"href":"https:\/\/blogdoeloiltoncajuhy.com.br\/site\/wp-json\/wp\/v2\/posts\/56159","targetHints":{"allow":["GET"]}}],"collection":[{"href":"https:\/\/blogdoeloiltoncajuhy.com.br\/site\/wp-json\/wp\/v2\/posts"}],"about":[{"href":"https:\/\/blogdoeloiltoncajuhy.com.br\/site\/wp-json\/wp\/v2\/types\/post"}],"author":[{"embeddable":true,"href":"https:\/\/blogdoeloiltoncajuhy.com.br\/site\/wp-json\/wp\/v2\/users\/2"}],"replies":[{"embeddable":true,"href":"https:\/\/blogdoeloiltoncajuhy.com.br\/site\/wp-json\/wp\/v2\/comments?post=56159"}],"version-history":[{"count":2,"href":"https:\/\/blogdoeloiltoncajuhy.com.br\/site\/wp-json\/wp\/v2\/posts\/56159\/revisions"}],"predecessor-version":[{"id":56162,"href":"https:\/\/blogdoeloiltoncajuhy.com.br\/site\/wp-json\/wp\/v2\/posts\/56159\/revisions\/56162"}],"wp:featuredmedia":[{"embeddable":true,"href":"https:\/\/blogdoeloiltoncajuhy.com.br\/site\/wp-json\/wp\/v2\/media\/56160"}],"wp:attachment":[{"href":"https:\/\/blogdoeloiltoncajuhy.com.br\/site\/wp-json\/wp\/v2\/media?parent=56159"}],"wp:term":[{"taxonomy":"category","embeddable":true,"href":"https:\/\/blogdoeloiltoncajuhy.com.br\/site\/wp-json\/wp\/v2\/categories?post=56159"},{"taxonomy":"post_tag","embeddable":true,"href":"https:\/\/blogdoeloiltoncajuhy.com.br\/site\/wp-json\/wp\/v2\/tags?post=56159"}],"curies":[{"name":"wp","href":"https:\/\/api.w.org\/{rel}","templated":true}]}}