{"id":56156,"date":"2021-05-05T09:40:15","date_gmt":"2021-05-05T12:40:15","guid":{"rendered":"http:\/\/blogdoeloiltoncajuhy.com.br\/site\/?p=56156"},"modified":"2021-05-05T09:40:17","modified_gmt":"2021-05-05T12:40:17","slug":"brasileiro-participa-de-entrega-de-tratores-conquistados-para-associacoes-de-tijuacu","status":"publish","type":"post","link":"https:\/\/blogdoeloiltoncajuhy.com.br\/site\/brasileiro-participa-de-entrega-de-tratores-conquistados-para-associacoes-de-tijuacu\/","title":{"rendered":"Brasileiro participa de entrega de tratores conquistados para associa\u00e7\u00f5es de Tijua\u00e7u"},"content":{"rendered":"\n<div class=\"wp-block-image\"><figure class=\"aligncenter size-full is-resized\"><a href=\"https:\/\/i0.wp.com\/blogdoeloiltoncajuhy.com.br\/site\/wp-content\/uploads\/2021\/05\/CB_Entrega-tratores-Tijuacu.jpeg\"><img data-recalc-dims=\"1\" fetchpriority=\"high\" decoding=\"async\" src=\"https:\/\/i0.wp.com\/blogdoeloiltoncajuhy.com.br\/site\/wp-content\/uploads\/2021\/05\/CB_Entrega-tratores-Tijuacu.jpeg?resize=558%2C558\" alt=\"\" class=\"wp-image-56157\" width=\"558\" height=\"558\" srcset=\"https:\/\/i0.wp.com\/blogdoeloiltoncajuhy.com.br\/site\/wp-content\/uploads\/2021\/05\/CB_Entrega-tratores-Tijuacu.jpeg?w=400&amp;ssl=1 400w, https:\/\/i0.wp.com\/blogdoeloiltoncajuhy.com.br\/site\/wp-content\/uploads\/2021\/05\/CB_Entrega-tratores-Tijuacu.jpeg?resize=300%2C300&amp;ssl=1 300w, https:\/\/i0.wp.com\/blogdoeloiltoncajuhy.com.br\/site\/wp-content\/uploads\/2021\/05\/CB_Entrega-tratores-Tijuacu.jpeg?resize=150%2C150&amp;ssl=1 150w\" sizes=\"(max-width: 558px) 100vw, 558px\" \/><\/a><\/figure><\/div>\n\n\n\n<p>O ex-prefeito e ex-deputado Carlos Brasileiro participou na tarde desta ter\u00e7a-feira (3) da entrega de tr\u00eas tratores para associa\u00e7\u00f5es de agricultores do distrito de Tijua\u00e7u, em Bonfim. O ato, na Secretaria de Agricultura do Estado, tamb\u00e9m contou com as participa\u00e7\u00f5es do secret\u00e1rio Lucas Costa, do ex-vereador Carlos do Tijua\u00e7u e representantes das entidades.<\/p>\n\n\n\n<p>O investimento \u00e9 da ordem de R$ 600 mil e \u00e9 fruto de emenda parlamentar do ex-deputado Irm\u00e3o Lazaro \u2013 falecido em mar\u00e7o -, e que atendeu \u00e0 demanda apresentada em 2019 pelo ent\u00e3o prefeito Carlos Brasileiro, com participa\u00e7\u00e3o do ex-vereador Carlos do Tijua\u00e7u. Os equipamentos possibilitar\u00e3o uma melhoria das atividades no campo.<\/p>\n\n\n\n<p>Tamb\u00e9m participaram da entrega os presidentes das entidades beneficiadas, Associa\u00e7\u00e3o Quilombo Forte dos Trabalhadores de Tijua\u00e7u e regi\u00e3o, Josias Damasceno; Associa\u00e7\u00e3o Rural do Grupo Produtivo das Mulheres Quilombolas da Fazenda Alto Bonito de Tijua\u00e7u, Eucassia Maria da Silva; e Associa\u00e7\u00e3o de Recupera\u00e7\u00e3o Resposta de Cristo, C\u00e9lio Rodrigues. Tamb\u00e9m estava presente o secret\u00e1rio da Associa\u00e7\u00e3o Quilombo Forte, Daniel Ferreira Rocha.<\/p>\n\n\n\n<p>Brasileiro, mais uma vez, lembrou que Irm\u00e3o L\u00e1zaro j\u00e1 havia atendido a uma das demandas apresentadas em 2018, quando foram entregues dois tratores diretamente \u00e0 Prefeitura de Senhor do Bonfim. <em>\u201cInfelizmente, ele n\u00e3o p\u00f4de acompanhar a entrega destes novos equipamentos. Irm\u00e3o L\u00e1zaro sempre teve uma aten\u00e7\u00e3o especial aos quilombolas\u201d<\/em>, afirmou.<\/p>\n\n\n\n<p><em>\u201cEste \u00e9 mais um compromisso assumido e cumprido. Mesmo sem mandato, continuaremos lutando em prol de Bonfim e da regi\u00e3o\u201d<\/em>, afirmou Brasileiro. Somente este ano, Brasileiro e o ex-vice-prefeito Jos\u00e9 Ant\u00f4nio j\u00e1 anunciaram diversas conquistas obtidas por lutas pol\u00edticas suas ao longo dos \u00faltimos anos, como o saneamento b\u00e1sico de Bonfim; a segunda etapa da ilumina\u00e7\u00e3o da BR 407; a segunda etapa da reforma e amplia\u00e7\u00e3o do Hospital Regional, com implanta\u00e7\u00e3o de mais 10 leitos de UTI.<\/p>\n\n\n\n<p>Junto com o deputado Bob\u00f4, tamb\u00e9m conseguiram a \u00e1gua tratada para a Estiva, cuja obra deve come\u00e7ar nos pr\u00f3ximos meses. Outras conquistas importantes, ainda da gest\u00e3o Brasileiro, tamb\u00e9m prosseguem e devem ser entregues nos pr\u00f3ximos meses, como o Aeroporto de Bonfim, a nova Avenida Ant\u00f4nio Laurindo e a nova Pra\u00e7a Austricliano de Carvalho e urbaniza\u00e7\u00e3o do entorno da Catedral.<\/p>\n","protected":false},"excerpt":{"rendered":"<p>O ex-prefeito e ex-deputado Carlos Brasileiro participou na tarde desta ter\u00e7a-feira (3) da entrega de tr\u00eas tratores para associa\u00e7\u00f5es de agricultores do distrito de Tijua\u00e7u, em Bonfim. O ato, na Secretaria de Agricultura do Estado, tamb\u00e9m contou com as participa\u00e7\u00f5es do secret\u00e1rio Lucas Costa, do ex-vereador Carlos do Tijua\u00e7u e representantes das entidades. O investimento [&hellip;]<\/p>\n","protected":false},"author":2,"featured_media":56157,"comment_status":"open","ping_status":"open","sticky":false,"template":"","format":"standard","meta":{"_acf_changed":false,"_monsterinsights_skip_tracking":false,"_monsterinsights_sitenote_active":false,"_monsterinsights_sitenote_note":"","_monsterinsights_sitenote_category":0,"_jetpack_memberships_contains_paid_content":false,"footnotes":"","jetpack_publicize_message":"","jetpack_publicize_feature_enabled":true,"jetpack_social_post_already_shared":true,"jetpack_social_options":{"image_generator_settings":{"template":"highway","default_image_id":0,"font":"","enabled":false},"version":2}},"categories":[4],"tags":[],"class_list":["post-56156","post","type-post","status-publish","format-standard","has-post-thumbnail","hentry","category-local"],"acf":[],"jetpack_publicize_connections":[],"jetpack_featured_media_url":"https:\/\/i0.wp.com\/blogdoeloiltoncajuhy.com.br\/site\/wp-content\/uploads\/2021\/05\/CB_Entrega-tratores-Tijuacu.jpeg?fit=400%2C400&ssl=1","jetpack_sharing_enabled":true,"publishpress_future_workflow_manual_trigger":{"enabledWorkflows":[]},"_links":{"self":[{"href":"https:\/\/blogdoeloiltoncajuhy.com.br\/site\/wp-json\/wp\/v2\/posts\/56156","targetHints":{"allow":["GET"]}}],"collection":[{"href":"https:\/\/blogdoeloiltoncajuhy.com.br\/site\/wp-json\/wp\/v2\/posts"}],"about":[{"href":"https:\/\/blogdoeloiltoncajuhy.com.br\/site\/wp-json\/wp\/v2\/types\/post"}],"author":[{"embeddable":true,"href":"https:\/\/blogdoeloiltoncajuhy.com.br\/site\/wp-json\/wp\/v2\/users\/2"}],"replies":[{"embeddable":true,"href":"https:\/\/blogdoeloiltoncajuhy.com.br\/site\/wp-json\/wp\/v2\/comments?post=56156"}],"version-history":[{"count":1,"href":"https:\/\/blogdoeloiltoncajuhy.com.br\/site\/wp-json\/wp\/v2\/posts\/56156\/revisions"}],"predecessor-version":[{"id":56158,"href":"https:\/\/blogdoeloiltoncajuhy.com.br\/site\/wp-json\/wp\/v2\/posts\/56156\/revisions\/56158"}],"wp:featuredmedia":[{"embeddable":true,"href":"https:\/\/blogdoeloiltoncajuhy.com.br\/site\/wp-json\/wp\/v2\/media\/56157"}],"wp:attachment":[{"href":"https:\/\/blogdoeloiltoncajuhy.com.br\/site\/wp-json\/wp\/v2\/media?parent=56156"}],"wp:term":[{"taxonomy":"category","embeddable":true,"href":"https:\/\/blogdoeloiltoncajuhy.com.br\/site\/wp-json\/wp\/v2\/categories?post=56156"},{"taxonomy":"post_tag","embeddable":true,"href":"https:\/\/blogdoeloiltoncajuhy.com.br\/site\/wp-json\/wp\/v2\/tags?post=56156"}],"curies":[{"name":"wp","href":"https:\/\/api.w.org\/{rel}","templated":true}]}}