{"id":56144,"date":"2021-05-05T09:13:25","date_gmt":"2021-05-05T12:13:25","guid":{"rendered":"http:\/\/blogdoeloiltoncajuhy.com.br\/site\/?p=56144"},"modified":"2021-05-05T09:17:25","modified_gmt":"2021-05-05T12:17:25","slug":"mortes-em-creche-de-saudades-sc-o-que-se-sabe-e-o-que-falta-saber","status":"publish","type":"post","link":"https:\/\/blogdoeloiltoncajuhy.com.br\/site\/mortes-em-creche-de-saudades-sc-o-que-se-sabe-e-o-que-falta-saber\/","title":{"rendered":"Mortes em creche de Saudades, SC: o que se sabe e o que falta saber"},"content":{"rendered":"\n<h5 class=\"has-text-align-center wp-block-heading\"><em>Poss\u00edvel motiva\u00e7\u00e3o do ataque ainda \u00e9 investigada pela Pol\u00edcia Civil. Todas as v\u00edtimas receberam, ao menos, 5 golpes de fac\u00e3o, segundo IGP<\/em><\/h5>\n\n\n\n<div class=\"wp-block-image\"><figure class=\"aligncenter size-full is-resized\"><a href=\"https:\/\/i0.wp.com\/blogdoeloiltoncajuhy.com.br\/site\/wp-content\/uploads\/2021\/05\/Crime-em-saudades-creche.jpg\"><img data-recalc-dims=\"1\" fetchpriority=\"high\" decoding=\"async\" src=\"https:\/\/i0.wp.com\/blogdoeloiltoncajuhy.com.br\/site\/wp-content\/uploads\/2021\/05\/Crime-em-saudades-creche.jpg?resize=800%2C598\" alt=\"\" class=\"wp-image-56145\" width=\"800\" height=\"598\" srcset=\"https:\/\/i0.wp.com\/blogdoeloiltoncajuhy.com.br\/site\/wp-content\/uploads\/2021\/05\/Crime-em-saudades-creche.jpg?w=1008&amp;ssl=1 1008w, https:\/\/i0.wp.com\/blogdoeloiltoncajuhy.com.br\/site\/wp-content\/uploads\/2021\/05\/Crime-em-saudades-creche.jpg?resize=300%2C224&amp;ssl=1 300w, https:\/\/i0.wp.com\/blogdoeloiltoncajuhy.com.br\/site\/wp-content\/uploads\/2021\/05\/Crime-em-saudades-creche.jpg?resize=768%2C574&amp;ssl=1 768w\" sizes=\"(max-width: 800px) 100vw, 800px\" \/><\/a><figcaption><em><sub>Creche em Saudades onde tr\u00eas crian\u00e7as e duas funcion\u00e1rias foram mortas \u2014 Foto: Fernanda Moro\/NSC TV<\/sub><\/em><\/figcaption><\/figure><\/div>\n\n\n\n<p>Veja o que se sabe e o que ainda falta saber sobre as cinco mortes na escola infantil em Saudades, no Oeste Catarinense, ap\u00f3s um jovem invadir o local com duas facas e matar tr\u00eas crian\u00e7as e duas funcion\u00e1rias:<\/p>\n\n\n\n<ul class=\"wp-block-list\"><li>Quando ocorreu o crime?<br><\/li><\/ul>\n\n\n\n<ul class=\"wp-block-list\"><li>O que se sabe sobre a din\u00e2mica do crime?<br><\/li><\/ul>\n\n\n\n<ul class=\"wp-block-list\"><li>Quantas pessoas ficaram feridas?<br><\/li><\/ul>\n\n\n\n<ul class=\"wp-block-list\"><li>Qual a motiva\u00e7\u00e3o do crime?<br><\/li><\/ul>\n\n\n\n<ul class=\"wp-block-list\"><li>O suspeito foi encontrado?<br><\/li><\/ul>\n\n\n\n<ul class=\"wp-block-list\"><li>O que se sabe sobre o suspeito?<br><\/li><\/ul>\n\n\n\n<ul class=\"wp-block-list\"><li>Quando ocorreu o crime?<\/li><\/ul>\n\n\n\n<div class=\"wp-block-image\"><figure class=\"aligncenter size-large\"><a href=\"https:\/\/i0.wp.com\/blogdoeloiltoncajuhy.com.br\/site\/wp-content\/uploads\/2021\/05\/Crime-em-saudades-pericia.jpg\"><img data-recalc-dims=\"1\" decoding=\"async\" width=\"800\" height=\"449\" src=\"https:\/\/i0.wp.com\/blogdoeloiltoncajuhy.com.br\/site\/wp-content\/uploads\/2021\/05\/Crime-em-saudades-pericia.jpg?resize=800%2C449\" alt=\"\" class=\"wp-image-56146\" srcset=\"https:\/\/i0.wp.com\/blogdoeloiltoncajuhy.com.br\/site\/wp-content\/uploads\/2021\/05\/Crime-em-saudades-pericia.jpg?w=984&amp;ssl=1 984w, https:\/\/i0.wp.com\/blogdoeloiltoncajuhy.com.br\/site\/wp-content\/uploads\/2021\/05\/Crime-em-saudades-pericia.jpg?resize=300%2C168&amp;ssl=1 300w, https:\/\/i0.wp.com\/blogdoeloiltoncajuhy.com.br\/site\/wp-content\/uploads\/2021\/05\/Crime-em-saudades-pericia.jpg?resize=768%2C431&amp;ssl=1 768w\" sizes=\"(max-width: 800px) 100vw, 800px\" \/><\/a><figcaption><em><sub>Crime ocorreu em uma creche no munic\u00edpio de Saudades, no Oeste catarinense \u2014 Foto: Corpo de Bombeiros\/ Divulga\u00e7\u00e3o<\/sub><\/em><\/figcaption><\/figure><\/div>\n\n\n\n<p>O crime ocorreu durante a manh\u00e3 de ter\u00e7a-feira (4). De acordo com o 2\u00ba Batalh\u00e3o da PM de Chapec\u00f3, que prestou apoio \u00e0 ocorr\u00eancia, a corpora\u00e7\u00e3o come\u00e7ou a receber v\u00e1rias liga\u00e7\u00f5es de moradores e funcion\u00e1rios pedindo socorro \u00e0s 10h35.<\/p>\n\n\n\n<p class=\"has-black-color has-text-color has-medium-font-size\"><strong>O que se sabe sobre a din\u00e2mica do crime?<\/strong><\/p>\n\n\n\n<p>De acordo com o delegado respons\u00e1vel pelo caso, Jer\u00f4nimo Ferreira, o autor levou duas facas para a creche, mas s\u00f3 uma foi utilizada. Ele havia comprado os objetos h\u00e1 pouco tempo.<\/p>\n\n\n\n<p>A primeira pessoa que o assassino atacou foi a professora Keli Adriane Aniecevski. Mesmo ferida, ela correu para uma sala, onde estavam quatro crian\u00e7as e a agente educativa Mirla Renner, de 20 anos.<\/p>\n\n\n\n<p>O homem chegou at\u00e9 a sala e continuou os ataques, matando Keli e tr\u00eas crian\u00e7as. Mirla chegou a ser socorrida, mas n\u00e3o resistiu. Todas as v\u00edtimas foram atingidas com, pelo menos, cinco golpes de fac\u00e3o.<\/p>\n\n\n\n<p>O assassino tentou entrar em todas as salas da creche, mas professoras conseguiram se trancar e proteger as crian\u00e7as.<\/p>\n\n\n\n<p>A ajuda dos vizinhos foi fundamental para conter o autor e prestar os primeiros socorros. Ap\u00f3s ferir as v\u00edtimas, ele golpeou o pr\u00f3prio corpo. Ele foi preso e est\u00e1 internado.<\/p>\n\n\n\n<p class=\"has-black-color has-text-color has-medium-font-size\"><strong>Quantas pessoas ficaram feridas?<\/strong><\/p>\n\n\n\n<p>O ataque deixou cinco mortos, tr\u00eas crian\u00e7as e duas funcion\u00e1rias, e um menino de um e 1 ano e 8 meses ferido. O estudante passou por cirurgia e est\u00e1 internado em estado grave na UTI.<\/p>\n\n\n\n<p>O suspeito tamb\u00e9m ficou ferido. Segundo o delegado respons\u00e1vel pelo caso, ele passou por cirurgia e est\u00e1 internado em estado grave.<\/p>\n\n\n\n<figure class=\"wp-block-gallery alignwide columns-2 is-cropped wp-block-gallery-1 is-layout-flex wp-block-gallery-is-layout-flex\"><ul class=\"blocks-gallery-grid\"><li class=\"blocks-gallery-item\"><figure><a href=\"https:\/\/i0.wp.com\/blogdoeloiltoncajuhy.com.br\/site\/wp-content\/uploads\/2021\/05\/Crime-em-saudades-criancas.png\"><img data-recalc-dims=\"1\" decoding=\"async\" width=\"800\" height=\"450\" src=\"https:\/\/i0.wp.com\/blogdoeloiltoncajuhy.com.br\/site\/wp-content\/uploads\/2021\/05\/Crime-em-saudades-criancas.png?resize=800%2C450\" alt=\"\" data-id=\"56147\" data-full-url=\"http:\/\/blogdoeloiltoncajuhy.com.br\/site\/wp-content\/uploads\/2021\/05\/Crime-em-saudades-criancas.png\" data-link=\"http:\/\/blogdoeloiltoncajuhy.com.br\/site\/?attachment_id=56147\" class=\"wp-image-56147\" srcset=\"https:\/\/i0.wp.com\/blogdoeloiltoncajuhy.com.br\/site\/wp-content\/uploads\/2021\/05\/Crime-em-saudades-criancas.png?w=817&amp;ssl=1 817w, https:\/\/i0.wp.com\/blogdoeloiltoncajuhy.com.br\/site\/wp-content\/uploads\/2021\/05\/Crime-em-saudades-criancas.png?resize=300%2C169&amp;ssl=1 300w, https:\/\/i0.wp.com\/blogdoeloiltoncajuhy.com.br\/site\/wp-content\/uploads\/2021\/05\/Crime-em-saudades-criancas.png?resize=768%2C432&amp;ssl=1 768w\" sizes=\"(max-width: 800px) 100vw, 800px\" \/><\/a><\/figure><\/li><li class=\"blocks-gallery-item\"><figure><a href=\"https:\/\/i0.wp.com\/blogdoeloiltoncajuhy.com.br\/site\/wp-content\/uploads\/2021\/05\/Crime-em-saudades-pro-agente.jpg\"><img data-recalc-dims=\"1\" loading=\"lazy\" decoding=\"async\" width=\"800\" height=\"500\" src=\"https:\/\/i0.wp.com\/blogdoeloiltoncajuhy.com.br\/site\/wp-content\/uploads\/2021\/05\/Crime-em-saudades-pro-agente.jpg?resize=800%2C500\" alt=\"\" data-id=\"56148\" data-full-url=\"http:\/\/blogdoeloiltoncajuhy.com.br\/site\/wp-content\/uploads\/2021\/05\/Crime-em-saudades-pro-agente.jpg\" data-link=\"http:\/\/blogdoeloiltoncajuhy.com.br\/site\/?attachment_id=56148\" class=\"wp-image-56148\" srcset=\"https:\/\/i0.wp.com\/blogdoeloiltoncajuhy.com.br\/site\/wp-content\/uploads\/2021\/05\/Crime-em-saudades-pro-agente.jpg?w=984&amp;ssl=1 984w, https:\/\/i0.wp.com\/blogdoeloiltoncajuhy.com.br\/site\/wp-content\/uploads\/2021\/05\/Crime-em-saudades-pro-agente.jpg?resize=300%2C188&amp;ssl=1 300w, https:\/\/i0.wp.com\/blogdoeloiltoncajuhy.com.br\/site\/wp-content\/uploads\/2021\/05\/Crime-em-saudades-pro-agente.jpg?resize=768%2C480&amp;ssl=1 768w\" sizes=\"(max-width: 800px) 100vw, 800px\" \/><\/a><\/figure><\/li><\/ul><figcaption class=\"blocks-gallery-caption\"><em><sub>V\u00edtimas do ataque \u00e0 Escola Infantil de Saudades-SC | Fotos: Reprodu\u00e7\u00e3o<\/sub><\/em><\/figcaption><\/figure>\n\n\n\n<p><\/p>\n\n\n\n<p class=\"has-black-color has-text-color has-medium-font-size\"><strong>Qual a motiva\u00e7\u00e3o do crime?<\/strong><\/p>\n\n\n\n<p>Segundo a Pol\u00edcia Civil, a motiva\u00e7\u00e3o do crime ainda ter\u00e1 que ser esclarecida. Por estar internado, o delegado n\u00e3o conseguiu tomar o depoimento do suspeito. <em>&#8220;Eu n\u00e3o sei se a gente vai conseguir chegar no ponto do porqu\u00ea, mas queremos prevenir a\u00e7\u00f5es futuras. Tentar entender. O computador do autor foi apreendido e passar\u00e1 por per\u00edcia&#8221;<\/em>, disse o delegado.<\/p>\n\n\n\n<p>A Pol\u00edcia Civil quer tra\u00e7ar um perfil do jovem. <em>\u201cO rapaz era problem\u00e1tico. Pessoas pr\u00f3ximas a ele me relataram que ele vinha enfrentando bullying na escola, vinha maltratando alguns animais. Era muito introspectivo\u201d<\/em>.<\/p>\n\n\n\n<p><em>&#8220;Ele tinha alguns problemas dentro de casa, n\u00e3o queria ir mais para a escola. A fam\u00edlia \u00e9 humilde, sem conhecimento de que precisava falar com esse jovem, que enfrentava problema psicol\u00f3gico&#8221;<\/em>, completou o delegado. <em>&#8220;Quero ver o que ele vai contar, para poder juntar pe\u00e7as de investiga\u00e7\u00e3o com a vers\u00e3o dele para tentar entender a motiva\u00e7\u00e3o desse crime&#8221;<\/em>, continuou.<\/p>\n\n\n\n<p class=\"has-black-color has-text-color has-medium-font-size\"><strong>O suspeito foi encontrado?<\/strong><\/p>\n\n\n\n<p>Ap\u00f3s o crime, o suspeito foi contido por vizinhos, que ouviram os gritos, at\u00e9 a chegada da pol\u00edcia que prendeu o homem. O jovem estava ferido e foi encaminhado para o Hospital de Pinhalzinho e depois foi transferido, com escolta policial, para o Hospital Regional do Oeste, em Chapec\u00f3. As duas unidades ficam na regi\u00e3o Oeste de Santa Catarina.<\/p>\n\n\n\n<p class=\"has-black-color has-text-color has-medium-font-size\"><strong>O que se sabe sobre o suspeito?<\/strong><\/p>\n\n\n\n<p>Segundo o delegado, o autor estava no ensino m\u00e9dio e trabalha em uma empresa de produ\u00e7\u00e3o de roupas. Ele guardava dinheiro desse emprego e a pol\u00edcia encontrou R$ 11 mil na casa dele. Os pais dele foram ouvidos na casa da fam\u00edlia, onde moram o jovem, os pais, uma irm\u00e3 e uma av\u00f3.<\/p>\n\n\n\n<p><em>&#8220;Pais e irm\u00e3 disseram que ele era mais quiet\u00e3o, n\u00e3o sa\u00eda com ningu\u00e9m, n\u00e3o tinha celular. Tinha se afastado dos poucos amigos&#8221;<\/em>, relatou o delegado.<\/p>\n\n\n\n<div class=\"wp-block-image\"><figure class=\"aligncenter size-large\"><a href=\"https:\/\/i0.wp.com\/blogdoeloiltoncajuhy.com.br\/site\/wp-content\/uploads\/2021\/05\/Crime-em-saudades-arma-apreendida.jpg\"><img data-recalc-dims=\"1\" loading=\"lazy\" decoding=\"async\" width=\"800\" height=\"669\" src=\"https:\/\/i0.wp.com\/blogdoeloiltoncajuhy.com.br\/site\/wp-content\/uploads\/2021\/05\/Crime-em-saudades-arma-apreendida.jpg?resize=800%2C669\" alt=\"\" class=\"wp-image-56149\" srcset=\"https:\/\/i0.wp.com\/blogdoeloiltoncajuhy.com.br\/site\/wp-content\/uploads\/2021\/05\/Crime-em-saudades-arma-apreendida.jpg?w=984&amp;ssl=1 984w, https:\/\/i0.wp.com\/blogdoeloiltoncajuhy.com.br\/site\/wp-content\/uploads\/2021\/05\/Crime-em-saudades-arma-apreendida.jpg?resize=300%2C251&amp;ssl=1 300w, https:\/\/i0.wp.com\/blogdoeloiltoncajuhy.com.br\/site\/wp-content\/uploads\/2021\/05\/Crime-em-saudades-arma-apreendida.jpg?resize=768%2C642&amp;ssl=1 768w\" sizes=\"(max-width: 800px) 100vw, 800px\" \/><\/a><figcaption><em><sub>Arma que foi apreendida e ir\u00e1 passar por per\u00edcia no IGP \u2014 Foto: Jornal e TV A Sua Voz\/Reprodu\u00e7\u00e3o<\/sub><\/em><\/figcaption><\/figure><\/div>\n\n\n\n<p class=\"has-black-color has-text-color has-medium-font-size\"><strong>O que se sabe at\u00e9 agora:<\/strong><\/p>\n\n\n\n<ul class=\"wp-block-list\"><li>Um homem de 18 anos invadiu a escola Aquarela com duas facas \u00e0s 10h de ter\u00e7a (4).<br><\/li><\/ul>\n\n\n\n<ul class=\"wp-block-list\"><li>A creche fica na cidade de Saudades (SC), 600km de Florian\u00f3polis, e atende crian\u00e7as de 6 meses a 2 anos.<br><\/li><\/ul>\n\n\n\n<ul class=\"wp-block-list\"><li>20 crian\u00e7as estavam no local sob os cuidados de 5 professoras.<br><\/li><\/ul>\n\n\n\n<ul class=\"wp-block-list\"><li>A primeira pessoa que o assassino atacou foi a professora Keli Adriane Aniecevski.<br><\/li><\/ul>\n\n\n\n<ul class=\"wp-block-list\"><li>Mesmo ferida, a professora correu para uma sala, onde estavam quatro crian\u00e7as e a agente educativa Mirla Renner, de 20 anos.<br><\/li><\/ul>\n\n\n\n<ul class=\"wp-block-list\"><li>O homem chegou at\u00e9 a sala e continuou os ataques, matando Keli e tr\u00eas crian\u00e7as. Mirla chegou a ser socorrida, mas n\u00e3o resistiu. Veja quem s\u00e3o as v\u00edtimas.<br><\/li><\/ul>\n\n\n\n<ul class=\"wp-block-list\"><li>Todas as v\u00edtimas que morreram foram atingidas com, pelo menos, cinco golpes de fac\u00e3o.<br><\/li><\/ul>\n\n\n\n<ul class=\"wp-block-list\"><li>O assassino tentou entrar em todas as salas da creche, mas professoras conseguiram se trancar e proteger as crian\u00e7as.<br><\/li><\/ul>\n\n\n\n<ul class=\"wp-block-list\"><li>Na casa do assassino, a pol\u00edcia encontrou R$ 11 mil e duas embalagens de facas novas.<br><\/li><\/ul>\n\n\n\n<ul class=\"wp-block-list\"><li>A \u00fanica sobrevivente ao ataque \u00e9 uma crian\u00e7a de 1 ano e 8 meses, que est\u00e1 na UTI.<br><\/li><\/ul>\n\n\n\n<ul class=\"wp-block-list\"><li>O assassino foi preso e levado ao hospital ap\u00f3s dar golpes contra o pr\u00f3prio corpo. Estado de sa\u00fade dele \u00e9 grave.<br><\/li><\/ul>\n\n\n\n<ul class=\"wp-block-list\"><li>Vel\u00f3rio das cinco v\u00edtimas \u00e9 coletivo<\/li><\/ul>\n","protected":false},"excerpt":{"rendered":"<p>Poss\u00edvel motiva\u00e7\u00e3o do ataque ainda \u00e9 investigada pela Pol\u00edcia Civil. Todas as v\u00edtimas receberam, ao menos, 5 golpes de fac\u00e3o, segundo IGP Veja o que se sabe e o que ainda falta saber sobre as cinco mortes na escola infantil em Saudades, no Oeste Catarinense, ap\u00f3s um jovem invadir o local com duas facas e [&hellip;]<\/p>\n","protected":false},"author":2,"featured_media":56148,"comment_status":"open","ping_status":"open","sticky":false,"template":"","format":"standard","meta":{"_acf_changed":false,"_monsterinsights_skip_tracking":false,"_monsterinsights_sitenote_active":false,"_monsterinsights_sitenote_note":"","_monsterinsights_sitenote_category":0,"_jetpack_memberships_contains_paid_content":false,"footnotes":"","jetpack_publicize_message":"","jetpack_publicize_feature_enabled":true,"jetpack_social_post_already_shared":true,"jetpack_social_options":{"image_generator_settings":{"template":"highway","default_image_id":0,"font":"","enabled":false},"version":2}},"categories":[15],"tags":[],"class_list":["post-56144","post","type-post","status-publish","format-standard","has-post-thumbnail","hentry","category-policia"],"acf":[],"jetpack_publicize_connections":[],"jetpack_featured_media_url":"https:\/\/i0.wp.com\/blogdoeloiltoncajuhy.com.br\/site\/wp-content\/uploads\/2021\/05\/Crime-em-saudades-pro-agente.jpg?fit=984%2C615&ssl=1","jetpack_sharing_enabled":true,"publishpress_future_workflow_manual_trigger":{"enabledWorkflows":[]},"_links":{"self":[{"href":"https:\/\/blogdoeloiltoncajuhy.com.br\/site\/wp-json\/wp\/v2\/posts\/56144","targetHints":{"allow":["GET"]}}],"collection":[{"href":"https:\/\/blogdoeloiltoncajuhy.com.br\/site\/wp-json\/wp\/v2\/posts"}],"about":[{"href":"https:\/\/blogdoeloiltoncajuhy.com.br\/site\/wp-json\/wp\/v2\/types\/post"}],"author":[{"embeddable":true,"href":"https:\/\/blogdoeloiltoncajuhy.com.br\/site\/wp-json\/wp\/v2\/users\/2"}],"replies":[{"embeddable":true,"href":"https:\/\/blogdoeloiltoncajuhy.com.br\/site\/wp-json\/wp\/v2\/comments?post=56144"}],"version-history":[{"count":5,"href":"https:\/\/blogdoeloiltoncajuhy.com.br\/site\/wp-json\/wp\/v2\/posts\/56144\/revisions"}],"predecessor-version":[{"id":56155,"href":"https:\/\/blogdoeloiltoncajuhy.com.br\/site\/wp-json\/wp\/v2\/posts\/56144\/revisions\/56155"}],"wp:featuredmedia":[{"embeddable":true,"href":"https:\/\/blogdoeloiltoncajuhy.com.br\/site\/wp-json\/wp\/v2\/media\/56148"}],"wp:attachment":[{"href":"https:\/\/blogdoeloiltoncajuhy.com.br\/site\/wp-json\/wp\/v2\/media?parent=56144"}],"wp:term":[{"taxonomy":"category","embeddable":true,"href":"https:\/\/blogdoeloiltoncajuhy.com.br\/site\/wp-json\/wp\/v2\/categories?post=56144"},{"taxonomy":"post_tag","embeddable":true,"href":"https:\/\/blogdoeloiltoncajuhy.com.br\/site\/wp-json\/wp\/v2\/tags?post=56144"}],"curies":[{"name":"wp","href":"https:\/\/api.w.org\/{rel}","templated":true}]}}