{"id":56135,"date":"2021-05-05T08:07:54","date_gmt":"2021-05-05T11:07:54","guid":{"rendered":"http:\/\/blogdoeloiltoncajuhy.com.br\/site\/?p=56135"},"modified":"2021-05-05T08:07:55","modified_gmt":"2021-05-05T11:07:55","slug":"famosos-lamentam-morte-de-paulo-gustavo","status":"publish","type":"post","link":"https:\/\/blogdoeloiltoncajuhy.com.br\/site\/famosos-lamentam-morte-de-paulo-gustavo\/","title":{"rendered":"Famosos lamentam morte de Paulo Gustavo"},"content":{"rendered":"\n<h5 class=\"has-text-align-center wp-block-heading\"><em>Personalidades foram \u00e0 web se despedir de ator de 42 anos, v\u00edtima de complica\u00e7\u00f5es da Covid-19<\/em><\/h5>\n\n\n\n<figure class=\"wp-block-image alignwide size-full\"><a href=\"https:\/\/i0.wp.com\/blogdoeloiltoncajuhy.com.br\/site\/wp-content\/uploads\/2021\/05\/paulo-gustavo.jpeg\"><img data-recalc-dims=\"1\" fetchpriority=\"high\" decoding=\"async\" width=\"800\" height=\"450\" src=\"https:\/\/i0.wp.com\/blogdoeloiltoncajuhy.com.br\/site\/wp-content\/uploads\/2021\/05\/paulo-gustavo.jpeg?resize=800%2C450\" alt=\"\" class=\"wp-image-56136\" srcset=\"https:\/\/i0.wp.com\/blogdoeloiltoncajuhy.com.br\/site\/wp-content\/uploads\/2021\/05\/paulo-gustavo.jpeg?w=804&amp;ssl=1 804w, https:\/\/i0.wp.com\/blogdoeloiltoncajuhy.com.br\/site\/wp-content\/uploads\/2021\/05\/paulo-gustavo.jpeg?resize=300%2C169&amp;ssl=1 300w, https:\/\/i0.wp.com\/blogdoeloiltoncajuhy.com.br\/site\/wp-content\/uploads\/2021\/05\/paulo-gustavo.jpeg?resize=768%2C432&amp;ssl=1 768w\" sizes=\"(max-width: 800px) 100vw, 800px\" \/><\/a><\/figure>\n\n\n\n<p>A morte de Paulo Gustavo, de 42 anos de idade, nesta ter\u00e7a-feira (4), de complica\u00e7\u00f5es da Covid-19, gerou uma s\u00e9rie de homenagens nas redes sociais ao artista. Personalidades se despediram do ator, que foi internado no dia 13 de mar\u00e7o em um hospital no Rio, intubado no dia 21 de mar\u00e7o, e chegou a passou por um tratamento com ECMO (Oxigena\u00e7\u00e3o por Membrana Extracorp\u00f3rea), mas sofreu uma embolia gasosa disseminada, incluindo o sistema nervoso central, em decorr\u00eancia de uma f\u00edstula bronqu\u00edolo-venosa.<\/p>\n\n\n\n<p>A interna\u00e7\u00e3o de Paulo j\u00e1 havia causado como\u00e7\u00e3o nas redes sociais. Amigos como Tat\u00e1 Werneck, Carolina Dieckmann, Preta Gil, Cleo, entre outras in\u00fameras celebridades, pediram ora\u00e7\u00f5es pelo ator ao longo de sua batalha.<\/p>\n\n\n\n<p>Na noite de ter\u00e7a, ap\u00f3s o an\u00fancio da morte, centenas de conhecidos do grande p\u00fablico, entre eles atores, m\u00fasicos, produtores, diretores e influenciadores, aproveitaram o momento para agradecer e se despedir do humorista.<\/p>\n\n\n\n<p class=\"has-black-color has-text-color has-medium-font-size\"><strong>Veja algumas mensagens postadas, exatamente como elas foram escritas:<\/strong><\/p>\n\n\n\n<p><strong>Marcelo Adnet, humorista<\/strong><br>&#8220;Para sempre lembraremos de voc\u00ea com muito amor. Saudades!&#8221;<\/p>\n\n\n\n<div class=\"wp-block-image\"><figure class=\"aligncenter size-large\"><a href=\"https:\/\/i0.wp.com\/blogdoeloiltoncajuhy.com.br\/site\/wp-content\/uploads\/2021\/05\/paulo-gustavo-adnet.jpg\"><img data-recalc-dims=\"1\" decoding=\"async\" width=\"800\" height=\"939\" src=\"https:\/\/i0.wp.com\/blogdoeloiltoncajuhy.com.br\/site\/wp-content\/uploads\/2021\/05\/paulo-gustavo-adnet.jpg?resize=800%2C939\" alt=\"\" class=\"wp-image-56137\" srcset=\"https:\/\/i0.wp.com\/blogdoeloiltoncajuhy.com.br\/site\/wp-content\/uploads\/2021\/05\/paulo-gustavo-adnet.jpg?resize=872%2C1024&amp;ssl=1 872w, https:\/\/i0.wp.com\/blogdoeloiltoncajuhy.com.br\/site\/wp-content\/uploads\/2021\/05\/paulo-gustavo-adnet.jpg?resize=256%2C300&amp;ssl=1 256w, https:\/\/i0.wp.com\/blogdoeloiltoncajuhy.com.br\/site\/wp-content\/uploads\/2021\/05\/paulo-gustavo-adnet.jpg?resize=768%2C902&amp;ssl=1 768w, https:\/\/i0.wp.com\/blogdoeloiltoncajuhy.com.br\/site\/wp-content\/uploads\/2021\/05\/paulo-gustavo-adnet.jpg?w=1080&amp;ssl=1 1080w\" sizes=\"(max-width: 800px) 100vw, 800px\" \/><\/a><figcaption><em><sub>Famosos lamentam morte de Paulo Gustavo (Foto: Reprodu\u00e7\u00e3o\/Instagram)<\/sub><\/em><\/figcaption><\/figure><\/div>\n\n\n\n<p><strong>Vanessa Giacomo, atriz<\/strong><br>&#8220;Hoje nos despedimos de quem sempre nos trouxe alegria. Sua luz nunca ser\u00e1 esquecida! N\u00e3o tem como n\u00e3o sentir uma dor profunda com esse adeus. Meus sentimentos a fam\u00edlia&#8221;<\/p>\n\n\n\n<p><strong>Tata Werneck, atriz e apresentadora<\/strong><br>&#8220;APLAUDAM! Aplaudam. Aplaudam de p\u00e9 esse grande homem! Gritem bravo! Fa\u00e7am uma homenagem a Paulo Gustavo em suas casas. Aplaudam de p\u00e9 esse grande artista. Meu amigo Paulo (est\u00e1 t\u00e3o dificil. Me ajuda ? Deixa eu te ligar . Me d\u00e1 conselho ? To me saindo bem? T\u00e1 dif\u00edcil demais. Voc\u00ea n\u00e3o pode imaginar ) : eu JAMAIS poderia imaginar que estaria hoje escrevendo um texto sobre voc\u00ea e sem te ligar pra saber se t\u00e1 bom. Voc\u00ea me ligou do hospital . Voc\u00ea me disse: o humor est\u00e1 me salvando. Voc\u00ea estava fazendo piada . N\u00e3o por nega\u00e7\u00e3o. Mas para alegrar-se do riso dos enfermeiros, t\u00e9cnicos e m\u00e9dicos. E o humor te salvou. Voc\u00ea est\u00e1 salvo, meu amigo. Voc\u00ea est\u00e1 salvo! Aqui est\u00e1 um caos. Eu estou sentindo muito medo. Mas ao mesmo tempo eu vi voc\u00ea e voc\u00ea foi t\u00e3o corajoso meu amigo. Voc\u00ea foi bravo! Eu te amo tanto. Eu j\u00e1 to c tanta saudade. Vai ser t\u00e3o dif\u00edcil ficar sem voc\u00ea. Mas voc\u00ea indo eu j\u00e1 entendi. O fim n\u00e3o existe. Agora eu sei. APLAUDAM O GRANDE PAULO GUSTAVO! O MAIOR COMEDIANTE QUE EU J\u00c1 VI! Prestem aten\u00e7\u00e3o: n\u00e3o deixem essa dor ser em v\u00e3o. Entendam a gravidade dessa pandemia. Usem m\u00e1scara. \u00c1lcool gel. Distanciamento social. Por favor. N\u00e3o deixem essa dor ser em v\u00e3o. N\u00e3o deixem 400 mil vidas em v\u00e3o&#8221;<\/p>\n\n\n\n<div class=\"wp-block-image\"><figure class=\"aligncenter size-large\"><a href=\"https:\/\/i0.wp.com\/blogdoeloiltoncajuhy.com.br\/site\/wp-content\/uploads\/2021\/05\/paulo-gustavo-tata.jpeg\"><img data-recalc-dims=\"1\" decoding=\"async\" width=\"620\" height=\"800\" src=\"https:\/\/i0.wp.com\/blogdoeloiltoncajuhy.com.br\/site\/wp-content\/uploads\/2021\/05\/paulo-gustavo-tata.jpeg?resize=620%2C800\" alt=\"\" class=\"wp-image-56138\" srcset=\"https:\/\/i0.wp.com\/blogdoeloiltoncajuhy.com.br\/site\/wp-content\/uploads\/2021\/05\/paulo-gustavo-tata.jpeg?w=620&amp;ssl=1 620w, https:\/\/i0.wp.com\/blogdoeloiltoncajuhy.com.br\/site\/wp-content\/uploads\/2021\/05\/paulo-gustavo-tata.jpeg?resize=233%2C300&amp;ssl=1 233w\" sizes=\"(max-width: 620px) 100vw, 620px\" \/><\/a><figcaption><em><sub>Tata Werneck homenageia Paulo Gustavo (Foto: Reprodu\u00e7\u00e3o\/Instagram)<\/sub><\/em><\/figcaption><\/figure><\/div>\n\n\n\n<p><strong>Celso Portiolli, apresentador<\/strong><br>&#8220;Paulo, Deus te receba te bra\u00e7os abertos. Das nossas ora\u00e7\u00f5es para sempre em nossos cora\u00e7\u00f5es&#8221;<\/p>\n\n\n\n<p><strong>Whindersson Nunes, humorista<\/strong><br>&#8220;Comprei um ingresso pro seu show e fiquei atr\u00e1s de uma coluna o show inteiro, mas foi mto incr\u00edvel ver de perto pq eu falava pra todo mundo que queria fazer o que vc faz.. corri atr\u00e1s de vc no shopping, corri atr\u00e1s de vc no aeroporto mas n\u00e3o consegui chegar perto. Um vez eu tive uma chance de ir na TV, o Esquenta, por causa do v\u00eddeo \u201cV\u00f3 t\u00f4 reprovado\u201d, acordei tarde e perdi o voo, o primeiro voo da minha vida, chorei muito, acreditava que tinha perdido a chance. Mas alguns dias depois me ligaram mais uma vez pra ir no programa de novo! Dessa vez consegui pegar o voo, chego l\u00e1 e n\u00e3o consigo gravar o programa pq n\u00e3o deu tempo, pediram pra eu ir no programa que seria gravado no outro dia. Quando eu chego l\u00e1 adivinha quem est\u00e1 no programa, meu \u00eddolo! Vc entrou no palco do jeito que eu tinha vontade de entrar no lugares, sendo eu. Eu n\u00e3o sei voc\u00eas, mas eu acredito demais que todos os acasos n\u00e3o foram por acaso, voc\u00ea me inspirou at\u00e9 em ficar tranquilo por conseguir ser eu mesmo. Eu sigo orando por voc\u00ea, junto com o Brasil todo, voce tem mtos amigos com mta saudades de voc\u00ea, sua fam\u00edlia linda tbm! Amo vc! @paulogustavo31&#8221;<\/p>\n\n\n\n<p><strong>Marcos Veras, ator<\/strong><br>&#8220;Te agrade\u00e7o por tudo e por tanto Paulo!&#8221;<\/p>\n\n\n\n<p><strong>B\u00e1rbara Evans, modelo<\/strong><br>&#8220;Que not\u00edcia mais triste&#8221;<\/p>\n\n\n\n<p><strong>Lexa, cantora<\/strong><br>&#8220;Voc\u00ea viver\u00e1 pra sempre nos nossos cora\u00e7\u00f5es! @paulogustavo31 Enquanto seus filmes serem vistos e voc\u00ea lembrado\u2026 voc\u00ea nunca morrer\u00e1!&#8221;<\/p>\n\n\n\n<p><strong>Daniela Mercury, cantora<\/strong><br>&#8220;Eu e Malu estamos muito tristes. Muito mesmo. Essa not\u00edcia \u00e9 devastadora. N\u00e3o era para ser assim. V\u00e1 em paz! Um beijo enorme pro @thalesbretas, para as crian\u00e7as, para a sua m\u00e3e e para toda a sua fam\u00edlia e amigos que est\u00e3o a\u00ed por perto. O Brasil inteiro rezou e acompanhou a sua luta e a de @thalesBretas. Voc\u00ea \u00e9 um ser humano e um artista maravilhoso que a gente ama e admira. \u00c9 o dono da alegria que tamb\u00e9m lutou pelos direitos humanos. Vai fazer uma falta imensa em nossas vidas. #RipPauloGustavo #PauloGustavo #ThalesBretas #DanielaMercury&#8221;<\/p>\n\n\n\n<div class=\"wp-block-image\"><figure class=\"aligncenter size-large\"><a href=\"https:\/\/i0.wp.com\/blogdoeloiltoncajuhy.com.br\/site\/wp-content\/uploads\/2021\/05\/paulo-gustavo-danielamercury.jpg\"><img data-recalc-dims=\"1\" loading=\"lazy\" decoding=\"async\" width=\"800\" height=\"657\" src=\"https:\/\/i0.wp.com\/blogdoeloiltoncajuhy.com.br\/site\/wp-content\/uploads\/2021\/05\/paulo-gustavo-danielamercury.jpg?resize=800%2C657\" alt=\"\" class=\"wp-image-56139\" srcset=\"https:\/\/i0.wp.com\/blogdoeloiltoncajuhy.com.br\/site\/wp-content\/uploads\/2021\/05\/paulo-gustavo-danielamercury.jpg?resize=1024%2C841&amp;ssl=1 1024w, https:\/\/i0.wp.com\/blogdoeloiltoncajuhy.com.br\/site\/wp-content\/uploads\/2021\/05\/paulo-gustavo-danielamercury.jpg?resize=300%2C246&amp;ssl=1 300w, https:\/\/i0.wp.com\/blogdoeloiltoncajuhy.com.br\/site\/wp-content\/uploads\/2021\/05\/paulo-gustavo-danielamercury.jpg?resize=768%2C631&amp;ssl=1 768w, https:\/\/i0.wp.com\/blogdoeloiltoncajuhy.com.br\/site\/wp-content\/uploads\/2021\/05\/paulo-gustavo-danielamercury.jpg?w=1051&amp;ssl=1 1051w\" sizes=\"(max-width: 800px) 100vw, 800px\" \/><\/a><figcaption><em><sub>Paulo Gustavo e Daniela Mercury (Foto: Reprodu\u00e7\u00e3o\/Instagram)<\/sub><\/em><\/figcaption><\/figure><\/div>\n\n\n\n<p><strong>Patricia Poeta, apresentadora<\/strong><br>&#8220;O Brasil est\u00e1 mais triste hoje. Nosso querido Paulo Gustavo \u00e9 mais uma v\u00edtima dessa doen\u00e7a cruel e trai\u00e7oeira. Um cara jovem, pai, cheio de vida, talentoso, engra\u00e7ado demais. Quantas risadas j\u00e1 demos com ele\u2026e com Dona Herm\u00ednia\u2026Adorava! Ali\u00e1s foi sobre sua personagem que falei com Paulo Gustavo por telefone, pela \u00faltima vez, nesses tempos de pandemia. Vamos sentir saudades suas, Paulo Gustavo\u2026 Muitas. Nesta hora de tanta dor, pe\u00e7o a Deus que conforte os cora\u00e7\u014des de sua m\u00e3e, Dona D\u00e9a L\u00facia, do @thalesbretas e de toda a fam\u00edlia.&#8221;<\/p>\n\n\n\n<p><strong>Deborah Secco, atriz<\/strong><br>&#8220;Te amo pra sempre!&#8221;<\/p>\n\n\n\n<p><strong>MC Rebecca, cantora<\/strong><br>&#8220;Obrigada por todas as risadas e sorrisos que voc\u00ea tirou de todos n\u00f3s! Voc\u00ea estar\u00e1 sempre vivo em nossos cora\u00e7\u00f5es @paulogustavo31&#8221;<\/p>\n\n\n\n<p><strong>Maur\u00edcio Meirelles, humorista<\/strong><br>&#8220;Cara, eu gostava demais do Paulo Gustavo. Que cara legal que ele foi comigo e com todos ao redor. MUITO generoso. Sua alma sai daqui muito evolu\u00edda com a miss\u00e3o que fez. Ele foi um dos nossos maiores&#8221;<\/p>\n\n\n\n<p><strong>Maria Ribeiro, atriz<\/strong><br>&#8220;Em abril do ano passado, mandei essa mensagem pro Paulo Gustavo, logo depois de ver Minha mae \u00e9 uma pe\u00e7a 3. Exist\u00eancia Revolucionaria. Te amo, PG&#8221;<\/p>\n\n\n\n<p><strong>Cristiana Oliveira, atriz<\/strong><br>&#8220;O Brasil hoje, perdeu seu sorriso&#8221;<\/p>\n\n\n\n<p><strong>Boninho, diretor<\/strong><br>&#8220;Vai, meu amigo, encontrar a luz! Voc\u00ea foi uma soa especial e sua hist\u00f3ria vai ficar para sempre. meus sentimentos, Thales!&#8221;<\/p>\n\n\n\n<div class=\"wp-block-image\"><figure class=\"aligncenter size-large\"><a href=\"https:\/\/i0.wp.com\/blogdoeloiltoncajuhy.com.br\/site\/wp-content\/uploads\/2021\/05\/paulo-gustavo-vanessa.jpg\"><img data-recalc-dims=\"1\" loading=\"lazy\" decoding=\"async\" width=\"598\" height=\"1024\" src=\"https:\/\/i0.wp.com\/blogdoeloiltoncajuhy.com.br\/site\/wp-content\/uploads\/2021\/05\/paulo-gustavo-vanessa.jpg?resize=598%2C1024\" alt=\"\" class=\"wp-image-56140\" srcset=\"https:\/\/i0.wp.com\/blogdoeloiltoncajuhy.com.br\/site\/wp-content\/uploads\/2021\/05\/paulo-gustavo-vanessa.jpg?resize=598%2C1024&amp;ssl=1 598w, https:\/\/i0.wp.com\/blogdoeloiltoncajuhy.com.br\/site\/wp-content\/uploads\/2021\/05\/paulo-gustavo-vanessa.jpg?resize=175%2C300&amp;ssl=1 175w, https:\/\/i0.wp.com\/blogdoeloiltoncajuhy.com.br\/site\/wp-content\/uploads\/2021\/05\/paulo-gustavo-vanessa.jpg?w=620&amp;ssl=1 620w\" sizes=\"(max-width: 598px) 100vw, 598px\" \/><\/a><figcaption><em><sub>Famosos lamentam morte de Paulo Gustavo (Foto: Reprodu\u00e7\u00e3o\/Instagram)<\/sub><\/em><\/figcaption><\/figure><\/div>\n\n\n\n<p><strong>Rodrigo Fran\u00e7a, ex-BBB<\/strong><br>&#8220;Meus sentimentos aos familiares do @PauloGustavo31. Todo meu carinho e respeito.<br>O pa\u00eds perde um grande artista. Muita luz em sua passagem&#8221;<\/p>\n\n\n\n<p><strong>Klara Castanho, atriz<\/strong><br>&#8220;Ser\u00e1 saudade de um amigo, ou de algu\u00e9m muito pr\u00f3ximo. Uma hist\u00f3ria linda, irretoc\u00e1vel. Sempre, Paulo. \ud83d\ude41<\/p>\n\n\n\n<p><strong>Joaquim Lopes, ator e apresentador<\/strong><br>&#8220;Nos \u00faltimos 50 dias rezei e pensei muito no Paulo. Que tristeza meu Deus\u2026. A gente se conhecia da vida. Minha m\u00e3e \u00e9 muito amiga da m\u00e3e dele. Um cara que s\u00f3 trouxe alegria, sorrisos, e amor por onde passava. Seu legado ecoa na eternidade. Meus pensamentos e ora\u00e7\u00f5es pra fam\u00edlia linda dele. Grande Paulo!!!!&#8221;<\/p>\n\n\n\n<p><strong>Lore Improta, apresentadora<\/strong><br>&#8220;Que tristeza ! Deus conforte o cora\u00e7\u00e3o de todos&#8221;<\/p>\n\n\n\n<p><strong>Flay, cantora<\/strong><br>&#8220;Que dor pra todos n\u00f3s, a not\u00edcia que tem\u00edamos tanto aconteceu. Descanse em paz Paulo Gustavo, sua miss\u00e3o de transmitir alegria, amor, risadas e leveza para o nosso povo foi linda e inesquec\u00edvel, sempre lembraremos de voc\u00ea com um sorriso no rosto e muito amor!&#8221;<\/p>\n\n\n\n<p><strong>Astrid Fontenelle, apresentadora<\/strong><br>&#8220;N\u00e3o podemos nos desconectar do AMOR. Que nosso amado Paulo Gustavo descanse. Agora ele se torna uma estrela em outra dimens\u00e3o. Que sua m\u00e3e, nossa amada Dona D\u00e9a, seu pai, sua irm\u00e3, seu amado Thales, seus meninos , suas amigas e amigos mais colados encontrem conforto. Juntos. O Brasil perde hoje um amigo querido. Que tristeza, que trag\u00e9dia. Agora \u00e9 momento de emanar AMOR. Descanse em PAZ Paulo!!&#8221;<\/p>\n\n\n\n<p><strong>Camilla Camargo, atriz<\/strong><br>&#8220;@paulogustavo31 n\u00e3o tive o privil\u00e9gio de te conhecer pessoalmente mas a sua obra , sua arte, essa eu conheci, e sou grata por cada gargalhada que vc provocou em mim, cada sorriso que vc tirou do meu rosto. Imposs\u00edvel n\u00e3o sorrir com vc. Descansa em paz, que Deus olhe pelos seus com todo amor e que vc encontre a paz ao lado do nosso senhor&#8221;<\/p>\n\n\n\n<div class=\"wp-block-image\"><figure class=\"aligncenter size-large\"><a href=\"https:\/\/i0.wp.com\/blogdoeloiltoncajuhy.com.br\/site\/wp-content\/uploads\/2021\/05\/paulo-gustavo-rebeca.jpg\"><img data-recalc-dims=\"1\" loading=\"lazy\" decoding=\"async\" width=\"620\" height=\"693\" src=\"https:\/\/i0.wp.com\/blogdoeloiltoncajuhy.com.br\/site\/wp-content\/uploads\/2021\/05\/paulo-gustavo-rebeca.jpg?resize=620%2C693\" alt=\"\" class=\"wp-image-56141\" srcset=\"https:\/\/i0.wp.com\/blogdoeloiltoncajuhy.com.br\/site\/wp-content\/uploads\/2021\/05\/paulo-gustavo-rebeca.jpg?w=620&amp;ssl=1 620w, https:\/\/i0.wp.com\/blogdoeloiltoncajuhy.com.br\/site\/wp-content\/uploads\/2021\/05\/paulo-gustavo-rebeca.jpg?resize=268%2C300&amp;ssl=1 268w\" sizes=\"(max-width: 620px) 100vw, 620px\" \/><\/a><figcaption><em><sub>Famosos lamentam morte de Paulo Gustavo (Foto: Reprodu\u00e7\u00e3o\/Instagram)<\/sub><\/em><\/figcaption><\/figure><\/div>\n\n\n\n<p><strong>Dani Calabresa, atriz<\/strong><br>&#8220;Meu Deus\u2026 n\u00e3o sei o que escrever.. Paulo Gustavo, uma pessoa que fez o pa\u00eds gargalhar.. Cara de pensativo Nao da pra acreditar.. que tristeza..&#8221;<\/p>\n\n\n\n<p><strong>Maisa Silva, atriz e apresentadora<\/strong><br>&#8220;Vou lembrar de vc sempre assim. Descanse em paz, Paulo. &#8220;<\/p>\n\n\n\n<p><strong>Leona Cavalli, atriz<\/strong><br>&#8220;Tem pessoas que onde chegam instauram uma energia genu\u00edna de alegria e luz. @paulogustavo31 sempre foi assim. Que nesse momento ele receba, em todo seu Ser, essa grande luz e amor que sempre irradiou. Continuamos vibrando&#8221;<\/p>\n\n\n\n<p><strong>Sandra Annenberg, jornalista<\/strong><br>&#8220;Quanta tristeza \u2026 q perda irrepar\u00e1vel \u2026&#8221;<\/p>\n\n\n\n<p><strong>Marcelo Serrado, ator<\/strong><br>&#8220;Aqui com meu amigo @luciomaurofilhooficial e o grande @paulogustavo31 que se foi hoje de uma maneira absurda !Um grande artista que se foi e fico pensando o porque na vida essas coisas repentinas ?!<br>Eu tive a oportunidade de ver ele em cena numa das primeiras pe\u00e7as com o Porchat no teatro c\u00e2ndidos Mendes no Rio e l\u00e1 fiquei impressionado com sua pot\u00eancia como artista ! Um g\u00eanio da com\u00e9dia ! Todo meu amor ao meu querido amigo @thalesbretas, toda fam\u00edlia e seu p\u00fablico que tanto o ama!!&#8221;<\/p>\n\n\n\n<p><strong>Gl\u00f3ria Perez, autora<\/strong><br>&#8220;T\u00e3o querido, t\u00e3o familiar a todos nos\u2026 Viver\u00e1 sempre na nossa mem\u00f3ria afetiva\u2026 &#8220;<\/p>\n\n\n\n<p><strong>Caetano Veloso, m\u00fasico<\/strong><br>&#8220;Paulo Gustavo \u00e9 a express\u00e3o da alegria brasileira. Essa alegria que nos veio de fora em forma de fama, j\u00e1 que minha gera\u00e7\u00e3o cresceu crendo no mito das &#8220;tr\u00eas ra\u00e7as tristes&#8221; de que nosso povo se teria formado&#8221;<\/p>\n","protected":false},"excerpt":{"rendered":"<p>Personalidades foram \u00e0 web se despedir de ator de 42 anos, v\u00edtima de complica\u00e7\u00f5es da Covid-19 A morte de Paulo Gustavo, de 42 anos de idade, nesta ter\u00e7a-feira (4), de complica\u00e7\u00f5es da Covid-19, gerou uma s\u00e9rie de homenagens nas redes sociais ao artista. Personalidades se despediram do ator, que foi internado no dia 13 de [&hellip;]<\/p>\n","protected":false},"author":2,"featured_media":56137,"comment_status":"open","ping_status":"open","sticky":false,"template":"","format":"standard","meta":{"_acf_changed":false,"_monsterinsights_skip_tracking":false,"_monsterinsights_sitenote_active":false,"_monsterinsights_sitenote_note":"","_monsterinsights_sitenote_category":0,"_jetpack_memberships_contains_paid_content":false,"footnotes":"","jetpack_publicize_message":"","jetpack_publicize_feature_enabled":true,"jetpack_social_post_already_shared":true,"jetpack_social_options":{"image_generator_settings":{"template":"highway","default_image_id":0,"font":"","enabled":false},"version":2}},"categories":[8],"tags":[],"class_list":["post-56135","post","type-post","status-publish","format-standard","has-post-thumbnail","hentry","category-cultura"],"acf":[],"jetpack_publicize_connections":[],"jetpack_featured_media_url":"https:\/\/i0.wp.com\/blogdoeloiltoncajuhy.com.br\/site\/wp-content\/uploads\/2021\/05\/paulo-gustavo-adnet.jpg?fit=1080%2C1268&ssl=1","jetpack_sharing_enabled":true,"publishpress_future_workflow_manual_trigger":{"enabledWorkflows":[]},"_links":{"self":[{"href":"https:\/\/blogdoeloiltoncajuhy.com.br\/site\/wp-json\/wp\/v2\/posts\/56135","targetHints":{"allow":["GET"]}}],"collection":[{"href":"https:\/\/blogdoeloiltoncajuhy.com.br\/site\/wp-json\/wp\/v2\/posts"}],"about":[{"href":"https:\/\/blogdoeloiltoncajuhy.com.br\/site\/wp-json\/wp\/v2\/types\/post"}],"author":[{"embeddable":true,"href":"https:\/\/blogdoeloiltoncajuhy.com.br\/site\/wp-json\/wp\/v2\/users\/2"}],"replies":[{"embeddable":true,"href":"https:\/\/blogdoeloiltoncajuhy.com.br\/site\/wp-json\/wp\/v2\/comments?post=56135"}],"version-history":[{"count":2,"href":"https:\/\/blogdoeloiltoncajuhy.com.br\/site\/wp-json\/wp\/v2\/posts\/56135\/revisions"}],"predecessor-version":[{"id":56143,"href":"https:\/\/blogdoeloiltoncajuhy.com.br\/site\/wp-json\/wp\/v2\/posts\/56135\/revisions\/56143"}],"wp:featuredmedia":[{"embeddable":true,"href":"https:\/\/blogdoeloiltoncajuhy.com.br\/site\/wp-json\/wp\/v2\/media\/56137"}],"wp:attachment":[{"href":"https:\/\/blogdoeloiltoncajuhy.com.br\/site\/wp-json\/wp\/v2\/media?parent=56135"}],"wp:term":[{"taxonomy":"category","embeddable":true,"href":"https:\/\/blogdoeloiltoncajuhy.com.br\/site\/wp-json\/wp\/v2\/categories?post=56135"},{"taxonomy":"post_tag","embeddable":true,"href":"https:\/\/blogdoeloiltoncajuhy.com.br\/site\/wp-json\/wp\/v2\/tags?post=56135"}],"curies":[{"name":"wp","href":"https:\/\/api.w.org\/{rel}","templated":true}]}}