{"id":56129,"date":"2021-05-04T08:53:12","date_gmt":"2021-05-04T11:53:12","guid":{"rendered":"http:\/\/blogdoeloiltoncajuhy.com.br\/site\/?p=56129"},"modified":"2021-05-04T08:53:13","modified_gmt":"2021-05-04T11:53:13","slug":"ex-ministros-mandetta-e-teich-abrem-nesta-terca-agenda-de-depoimentos-da-cpi-da-covid","status":"publish","type":"post","link":"https:\/\/blogdoeloiltoncajuhy.com.br\/site\/ex-ministros-mandetta-e-teich-abrem-nesta-terca-agenda-de-depoimentos-da-cpi-da-covid\/","title":{"rendered":"Ex-ministros Mandetta e Teich abrem nesta ter\u00e7a agenda de depoimentos da CPI da Covid"},"content":{"rendered":"\n<h5 class=\"has-text-align-center wp-block-heading\"><em>Ex-ministros dep\u00f5em na condi\u00e7\u00e3o de testemunhas, o que os obriga a assumir o compromisso de falar a verdade. Eles devem ser questionados sobre testes e uso de rem\u00e9dios ineficazes<\/em><\/h5>\n\n\n\n<div class=\"wp-block-image\"><figure class=\"aligncenter size-large\"><a href=\"https:\/\/i0.wp.com\/blogdoeloiltoncajuhy.com.br\/site\/wp-content\/uploads\/2021\/05\/Teich-e-Mandetta.jpeg\"><img data-recalc-dims=\"1\" fetchpriority=\"high\" decoding=\"async\" width=\"800\" height=\"530\" src=\"https:\/\/i0.wp.com\/blogdoeloiltoncajuhy.com.br\/site\/wp-content\/uploads\/2021\/05\/Teich-e-Mandetta.jpeg?resize=800%2C530\" alt=\"\" class=\"wp-image-56130\" srcset=\"https:\/\/i0.wp.com\/blogdoeloiltoncajuhy.com.br\/site\/wp-content\/uploads\/2021\/05\/Teich-e-Mandetta.jpeg?w=860&amp;ssl=1 860w, https:\/\/i0.wp.com\/blogdoeloiltoncajuhy.com.br\/site\/wp-content\/uploads\/2021\/05\/Teich-e-Mandetta.jpeg?resize=300%2C199&amp;ssl=1 300w, https:\/\/i0.wp.com\/blogdoeloiltoncajuhy.com.br\/site\/wp-content\/uploads\/2021\/05\/Teich-e-Mandetta.jpeg?resize=768%2C509&amp;ssl=1 768w\" sizes=\"(max-width: 800px) 100vw, 800px\" \/><\/a><\/figure><\/div>\n\n\n\n<p>A CPI da Covid abre nesta ter\u00e7a-feira (4) a agenda de convoca\u00e7\u00f5es, com os depoimentos de Luiz Henrique Mandetta e Nelson Teich, os dois primeiros ministros da Sa\u00fade do governo de Jair Bolsonaro. Eles ser\u00e3o ouvidos na condi\u00e7\u00e3o de testemunhas, quando h\u00e1 o compromisso de dizer a verdade sob o risco de incorrer no crime de falso testemunho.<\/p>\n\n\n\n<p>Primeiro titular da Sa\u00fade do governo, Mandetta esteve \u00e0 frente da pasta entre janeiro de 2019 e abril de 2020. J\u00e1 Teich, seu sucessor, comandou o Minist\u00e9rio da Sa\u00fade por menos de um m\u00eas, entre 17 de abril e 15 de maio do ano passado. Ambos deixaram o cargo ap\u00f3s diverg\u00eancias com o presidente Jair Bolsonaro relativas \u00e0s pol\u00edticas de conten\u00e7\u00e3o do coronav\u00edrus.<\/p>\n\n\n\n<p>O depoimento de Mandetta est\u00e1 previsto para as 10h, e o de Teich, para as 14h. As convoca\u00e7\u00f5es de Mandetta e Teich foram aprovadas na semana passada, assim como a do atual ministro da Sa\u00fade, Marcelo Queiroga, e a do antecessor dele, Eduardo Pazuello.<\/p>\n\n\n\n<p>Queiroga e Pazuello ser\u00e3o ouvidos ainda nesta semana, assim como o diretor-presidente da Ag\u00eancia Nacional de Vigil\u00e2ncia Sanit\u00e1ria (Anvisa), Antonio Barra Torres.<\/p>\n\n\n\n<p class=\"has-black-color has-text-color has-medium-font-size\"><strong>Os depoimentos<\/strong><\/p>\n\n\n\n<p>A audi\u00eancia de Mandetta est\u00e1 prevista para come\u00e7ar \u00e0s 10h. O ex-ministro foi demitido em abril de 2020, ap\u00f3s ele e o presidente da Rep\u00fablica terem discordado sobre medidas de controle da doen\u00e7a, como a necessidade do isolamento social.<\/p>\n\n\n\n<p>Bolsonaro e Mandetta tamb\u00e9m divergiram sobre a ado\u00e7\u00e3o da cloroquina. Enquanto o presidente era um entusiasta do medicamento, comprovadamente ineficaz contra a Covid, o ent\u00e3o ministro alertava que n\u00e3o havia estudos cient\u00edficos sobre o tema.<\/p>\n\n\n\n<p>Mandetta tamb\u00e9m dever\u00e1 ser questionado sobre a falta de material de prote\u00e7\u00e3o hospitalar e de respiradores mec\u00e2nicos do in\u00edcio da pandemia. Senadores tamb\u00e9m querem indag\u00e1-lo sobre a orienta\u00e7\u00e3o do Minist\u00e9rio da Sa\u00fade, no in\u00edcio da pandemia, de que os pacientes com sintomas leves n\u00e3o buscassem atendimento m\u00e9dico.<\/p>\n\n\n\n<p class=\"has-black-color has-text-color has-medium-font-size\"><strong>Testagem<\/strong><\/p>\n\n\n\n<p>Assim como Mandetta, o ex-ministro Nelson Teich tamb\u00e9m deve ser questionado sobre a recomenda\u00e7\u00e3o de cloroquina aos pacientes infectados com a Covid-19.<\/p>\n\n\n\n<p>Teich deixou a pasta tr\u00eas dias ap\u00f3s ter feito um alerta, em sua rede social, sobre riscos de efeito colateral da cloroquina no tratamento da doen\u00e7a.<\/p>\n\n\n\n<p>Teich ainda deve ser alvo de questionamento sobre um amplo programa de testes que ele anunciou t\u00e3o logo assumiu a pasta. A proposta, por\u00e9m, acabou sendo logo abandonada.<\/p>\n\n\n\n<p><em>\u201cTemos de perguntar ao ministro Teich sobre o tema da testagem. Ele chegou a apresentar uma proposta, mas ela n\u00e3o teve desdobramento. Qual o motivo disso?\u201d<\/em>, afirma o senador Humberto Costa (PT-PE).<\/p>\n","protected":false},"excerpt":{"rendered":"<p>Ex-ministros dep\u00f5em na condi\u00e7\u00e3o de testemunhas, o que os obriga a assumir o compromisso de falar a verdade. Eles devem ser questionados sobre testes e uso de rem\u00e9dios ineficazes A CPI da Covid abre nesta ter\u00e7a-feira (4) a agenda de convoca\u00e7\u00f5es, com os depoimentos de Luiz Henrique Mandetta e Nelson Teich, os dois primeiros ministros [&hellip;]<\/p>\n","protected":false},"author":2,"featured_media":56130,"comment_status":"open","ping_status":"open","sticky":false,"template":"","format":"standard","meta":{"_acf_changed":false,"_monsterinsights_skip_tracking":false,"_monsterinsights_sitenote_active":false,"_monsterinsights_sitenote_note":"","_monsterinsights_sitenote_category":0,"_jetpack_memberships_contains_paid_content":false,"footnotes":"","jetpack_publicize_message":"","jetpack_publicize_feature_enabled":true,"jetpack_social_post_already_shared":true,"jetpack_social_options":{"image_generator_settings":{"template":"highway","default_image_id":0,"font":"","enabled":false},"version":2}},"categories":[3],"tags":[],"class_list":["post-56129","post","type-post","status-publish","format-standard","has-post-thumbnail","hentry","category-politica"],"acf":[],"jetpack_publicize_connections":[],"jetpack_featured_media_url":"https:\/\/i0.wp.com\/blogdoeloiltoncajuhy.com.br\/site\/wp-content\/uploads\/2021\/05\/Teich-e-Mandetta.jpeg?fit=860%2C570&ssl=1","jetpack_sharing_enabled":true,"publishpress_future_workflow_manual_trigger":{"enabledWorkflows":[]},"_links":{"self":[{"href":"https:\/\/blogdoeloiltoncajuhy.com.br\/site\/wp-json\/wp\/v2\/posts\/56129","targetHints":{"allow":["GET"]}}],"collection":[{"href":"https:\/\/blogdoeloiltoncajuhy.com.br\/site\/wp-json\/wp\/v2\/posts"}],"about":[{"href":"https:\/\/blogdoeloiltoncajuhy.com.br\/site\/wp-json\/wp\/v2\/types\/post"}],"author":[{"embeddable":true,"href":"https:\/\/blogdoeloiltoncajuhy.com.br\/site\/wp-json\/wp\/v2\/users\/2"}],"replies":[{"embeddable":true,"href":"https:\/\/blogdoeloiltoncajuhy.com.br\/site\/wp-json\/wp\/v2\/comments?post=56129"}],"version-history":[{"count":2,"href":"https:\/\/blogdoeloiltoncajuhy.com.br\/site\/wp-json\/wp\/v2\/posts\/56129\/revisions"}],"predecessor-version":[{"id":56132,"href":"https:\/\/blogdoeloiltoncajuhy.com.br\/site\/wp-json\/wp\/v2\/posts\/56129\/revisions\/56132"}],"wp:featuredmedia":[{"embeddable":true,"href":"https:\/\/blogdoeloiltoncajuhy.com.br\/site\/wp-json\/wp\/v2\/media\/56130"}],"wp:attachment":[{"href":"https:\/\/blogdoeloiltoncajuhy.com.br\/site\/wp-json\/wp\/v2\/media?parent=56129"}],"wp:term":[{"taxonomy":"category","embeddable":true,"href":"https:\/\/blogdoeloiltoncajuhy.com.br\/site\/wp-json\/wp\/v2\/categories?post=56129"},{"taxonomy":"post_tag","embeddable":true,"href":"https:\/\/blogdoeloiltoncajuhy.com.br\/site\/wp-json\/wp\/v2\/tags?post=56129"}],"curies":[{"name":"wp","href":"https:\/\/api.w.org\/{rel}","templated":true}]}}