{"id":56120,"date":"2021-05-04T07:52:31","date_gmt":"2021-05-04T10:52:31","guid":{"rendered":"http:\/\/blogdoeloiltoncajuhy.com.br\/site\/?p=56120"},"modified":"2021-05-04T07:52:32","modified_gmt":"2021-05-04T10:52:32","slug":"bahia-recebe-primeiro-lote-de-vacinas-da-pfizer-com-26-910-doses","status":"publish","type":"post","link":"https:\/\/blogdoeloiltoncajuhy.com.br\/site\/bahia-recebe-primeiro-lote-de-vacinas-da-pfizer-com-26-910-doses\/","title":{"rendered":"Bahia recebe primeiro lote de vacinas da Pfizer com 26.910 doses"},"content":{"rendered":"\n<div class=\"wp-block-image\"><figure class=\"aligncenter size-large\"><a href=\"https:\/\/i0.wp.com\/blogdoeloiltoncajuhy.com.br\/site\/wp-content\/uploads\/2020\/10\/Vacina-Covid.jpg\"><img data-recalc-dims=\"1\" fetchpriority=\"high\" decoding=\"async\" width=\"800\" height=\"479\" src=\"https:\/\/i0.wp.com\/blogdoeloiltoncajuhy.com.br\/site\/wp-content\/uploads\/2020\/10\/Vacina-Covid.jpg?resize=800%2C479\" alt=\"\" class=\"wp-image-49799\" srcset=\"https:\/\/i0.wp.com\/blogdoeloiltoncajuhy.com.br\/site\/wp-content\/uploads\/2020\/10\/Vacina-Covid.jpg?resize=1024%2C613&amp;ssl=1 1024w, https:\/\/i0.wp.com\/blogdoeloiltoncajuhy.com.br\/site\/wp-content\/uploads\/2020\/10\/Vacina-Covid.jpg?resize=300%2C179&amp;ssl=1 300w, https:\/\/i0.wp.com\/blogdoeloiltoncajuhy.com.br\/site\/wp-content\/uploads\/2020\/10\/Vacina-Covid.jpg?resize=768%2C459&amp;ssl=1 768w, https:\/\/i0.wp.com\/blogdoeloiltoncajuhy.com.br\/site\/wp-content\/uploads\/2020\/10\/Vacina-Covid.jpg?w=1170&amp;ssl=1 1170w\" sizes=\"(max-width: 800px) 100vw, 800px\" \/><\/a><\/figure><\/div>\n\n\n\n<audio class=\"wp-audio-shortcode\" id=\"audio-56120-1\" preload=\"none\" style=\"width: 100%;\" controls=\"controls\"><source type=\"audio\/mpeg\" src=\"http:\/\/www.bahia.ba.gov.br\/wp-content\/uploads\/2021\/05\/SESAB_VACINAS-PFIZER_0305211.mp3?_=1\" \/><a href=\"http:\/\/www.bahia.ba.gov.br\/wp-content\/uploads\/2021\/05\/SESAB_VACINAS-PFIZER_0305211.mp3\">http:\/\/www.bahia.ba.gov.br\/wp-content\/uploads\/2021\/05\/SESAB_VACINAS-PFIZER_0305211.mp3<\/a><\/audio>\n\n\n\n<p>As primeiras 26.910 doses da vacina da Pfizer contra o coronav\u00edrus chegaram na tarde desta segunda feira (03) ao galp\u00e3o do Grupamento A\u00e9reo da Pol\u00edcia Militar da Bahia (Graer). A vacina da Pfizer requer um sistema de ultra refrigera\u00e7\u00e3o para que n\u00e3o perca a validade. Por isso, o Governo da Bahia fez licita\u00e7\u00e3o para adquirir at\u00e9 100 ultracongeladores, sendo que 30 j\u00e1 foram distribu\u00eddos a nove macrorregi\u00f5es do estado. As unidades que chegaram nesta segunda ser\u00e3o distribu\u00eddas exclusivamente em Salvador para testar a estrutura da cadeia de frio para conserva\u00e7\u00e3o dos imunizantes, como explicou o secret\u00e1rio estadual da sa\u00fade, F\u00e1bio Vilas-Boas (<em>ou\u00e7a o \u00e1udio acima<\/em>).<\/p>\n","protected":false},"excerpt":{"rendered":"<p>http:\/\/www.bahia.ba.gov.br\/wp-content\/uploads\/2021\/05\/SESAB_VACINAS-PFIZER_0305211.mp3 As primeiras 26.910 doses da vacina da Pfizer contra o coronav\u00edrus chegaram na tarde desta segunda feira (03) ao galp\u00e3o do Grupamento A\u00e9reo da Pol\u00edcia Militar da Bahia (Graer). A vacina da Pfizer requer um sistema de ultra refrigera\u00e7\u00e3o para que n\u00e3o perca a validade. Por isso, o Governo da Bahia fez licita\u00e7\u00e3o para [&hellip;]<\/p>\n","protected":false},"author":2,"featured_media":49799,"comment_status":"open","ping_status":"open","sticky":false,"template":"","format":"standard","meta":{"_acf_changed":false,"_monsterinsights_skip_tracking":false,"_monsterinsights_sitenote_active":false,"_monsterinsights_sitenote_note":"","_monsterinsights_sitenote_category":0,"_jetpack_memberships_contains_paid_content":false,"footnotes":"","jetpack_publicize_message":"","jetpack_publicize_feature_enabled":true,"jetpack_social_post_already_shared":true,"jetpack_social_options":{"image_generator_settings":{"template":"highway","default_image_id":0,"font":"","enabled":false},"version":2}},"categories":[7],"tags":[],"class_list":["post-56120","post","type-post","status-publish","format-standard","has-post-thumbnail","hentry","category-saude"],"acf":[],"jetpack_publicize_connections":[],"jetpack_featured_media_url":"https:\/\/i0.wp.com\/blogdoeloiltoncajuhy.com.br\/site\/wp-content\/uploads\/2020\/10\/Vacina-Covid.jpg?fit=1170%2C700&ssl=1","jetpack_sharing_enabled":true,"publishpress_future_workflow_manual_trigger":{"enabledWorkflows":[]},"_links":{"self":[{"href":"https:\/\/blogdoeloiltoncajuhy.com.br\/site\/wp-json\/wp\/v2\/posts\/56120","targetHints":{"allow":["GET"]}}],"collection":[{"href":"https:\/\/blogdoeloiltoncajuhy.com.br\/site\/wp-json\/wp\/v2\/posts"}],"about":[{"href":"https:\/\/blogdoeloiltoncajuhy.com.br\/site\/wp-json\/wp\/v2\/types\/post"}],"author":[{"embeddable":true,"href":"https:\/\/blogdoeloiltoncajuhy.com.br\/site\/wp-json\/wp\/v2\/users\/2"}],"replies":[{"embeddable":true,"href":"https:\/\/blogdoeloiltoncajuhy.com.br\/site\/wp-json\/wp\/v2\/comments?post=56120"}],"version-history":[{"count":2,"href":"https:\/\/blogdoeloiltoncajuhy.com.br\/site\/wp-json\/wp\/v2\/posts\/56120\/revisions"}],"predecessor-version":[{"id":56122,"href":"https:\/\/blogdoeloiltoncajuhy.com.br\/site\/wp-json\/wp\/v2\/posts\/56120\/revisions\/56122"}],"wp:featuredmedia":[{"embeddable":true,"href":"https:\/\/blogdoeloiltoncajuhy.com.br\/site\/wp-json\/wp\/v2\/media\/49799"}],"wp:attachment":[{"href":"https:\/\/blogdoeloiltoncajuhy.com.br\/site\/wp-json\/wp\/v2\/media?parent=56120"}],"wp:term":[{"taxonomy":"category","embeddable":true,"href":"https:\/\/blogdoeloiltoncajuhy.com.br\/site\/wp-json\/wp\/v2\/categories?post=56120"},{"taxonomy":"post_tag","embeddable":true,"href":"https:\/\/blogdoeloiltoncajuhy.com.br\/site\/wp-json\/wp\/v2\/tags?post=56120"}],"curies":[{"name":"wp","href":"https:\/\/api.w.org\/{rel}","templated":true}]}}