{"id":56109,"date":"2021-05-03T21:15:17","date_gmt":"2021-05-04T00:15:17","guid":{"rendered":"http:\/\/blogdoeloiltoncajuhy.com.br\/site\/?p=56109"},"modified":"2021-05-03T21:15:18","modified_gmt":"2021-05-04T00:15:18","slug":"detran-ba-promove-live-do-maio-amarelo-sobre-seguranca-no-transito-nesta-terca-feira-4","status":"publish","type":"post","link":"https:\/\/blogdoeloiltoncajuhy.com.br\/site\/detran-ba-promove-live-do-maio-amarelo-sobre-seguranca-no-transito-nesta-terca-feira-4\/","title":{"rendered":"Detran-BA promove live do Maio Amarelo sobre seguran\u00e7a no tr\u00e2nsito nesta ter\u00e7a-feira (4)"},"content":{"rendered":"\n<div class=\"wp-block-image\"><figure class=\"aligncenter size-large\"><a href=\"https:\/\/i0.wp.com\/blogdoeloiltoncajuhy.com.br\/site\/wp-content\/uploads\/2021\/05\/Maio-amarelo_DetranBA.jpg\"><img data-recalc-dims=\"1\" fetchpriority=\"high\" decoding=\"async\" width=\"800\" height=\"528\" src=\"https:\/\/i0.wp.com\/blogdoeloiltoncajuhy.com.br\/site\/wp-content\/uploads\/2021\/05\/Maio-amarelo_DetranBA.jpg?resize=800%2C528\" alt=\"\" class=\"wp-image-56110\" srcset=\"https:\/\/i0.wp.com\/blogdoeloiltoncajuhy.com.br\/site\/wp-content\/uploads\/2021\/05\/Maio-amarelo_DetranBA.jpg?w=874&amp;ssl=1 874w, https:\/\/i0.wp.com\/blogdoeloiltoncajuhy.com.br\/site\/wp-content\/uploads\/2021\/05\/Maio-amarelo_DetranBA.jpg?resize=300%2C198&amp;ssl=1 300w, https:\/\/i0.wp.com\/blogdoeloiltoncajuhy.com.br\/site\/wp-content\/uploads\/2021\/05\/Maio-amarelo_DetranBA.jpg?resize=768%2C507&amp;ssl=1 768w\" sizes=\"(max-width: 800px) 100vw, 800px\" \/><\/a><\/figure><\/div>\n\n\n\n<p>Neste m\u00eas, os estados promovem a\u00e7\u00f5es do Maio Amarelo, movimento internacional pela redu\u00e7\u00e3o no n\u00famero de acidentes nas ruas e estradas. Na Bahia, o Departamento Estadual de Tr\u00e2nsito (Detran-BA) realiza nesta ter\u00e7a-feira (4), \u00e0s 9h, a live <strong>\u201cRespeito e responsabilidade: pratique no tr\u00e2nsito\u201d<\/strong>, tema da campanha do movimento em 2021. A transmiss\u00e3o ser\u00e1 pelo Instagram do \u00f3rg\u00e3o (@detranbahia).<\/p>\n\n\n\n<p>O evento ter\u00e1 a media\u00e7\u00e3o da coordenadora de Sa\u00fade do Detran-BA, Karla Kalil, com a participa\u00e7\u00e3o do presidente da Associa\u00e7\u00e3o Brasileira de Medicina do Tr\u00e1fego (Abramet), Ant\u00f4nio Meira, e do especialista em tr\u00e2nsito e seguran\u00e7a vi\u00e1ria, Luide Souza. <em>\u201cVamos tratar das recentes mudan\u00e7as na legisla\u00e7\u00e3o e de propostas para a redu\u00e7\u00e3o de acidentes, com o envolvimento dos poderes p\u00fablicos e da sociedade civil\u201d<\/em>, explicou Kalil.<\/p>\n\n\n\n<p>Para marcar a campanha, a fachada da sede do Detran-BA, na Avenida ACM, em Salvador, ganhou ilumina\u00e7\u00e3o especial em tom amarelado. O \u00f3rg\u00e3o tamb\u00e9m vai promover a\u00e7\u00e3o educativa durante os exames pr\u00e1ticos de dire\u00e7\u00e3o, seguindo os protocolos da Covid-19, al\u00e9m de realizar postagens de conscientiza\u00e7\u00e3o nas redes sociais.<\/p>\n","protected":false},"excerpt":{"rendered":"<p>Neste m\u00eas, os estados promovem a\u00e7\u00f5es do Maio Amarelo, movimento internacional pela redu\u00e7\u00e3o no n\u00famero de acidentes nas ruas e estradas. Na Bahia, o Departamento Estadual de Tr\u00e2nsito (Detran-BA) realiza nesta ter\u00e7a-feira (4), \u00e0s 9h, a live \u201cRespeito e responsabilidade: pratique no tr\u00e2nsito\u201d, tema da campanha do movimento em 2021. A transmiss\u00e3o ser\u00e1 pelo Instagram [&hellip;]<\/p>\n","protected":false},"author":2,"featured_media":56110,"comment_status":"open","ping_status":"open","sticky":false,"template":"","format":"standard","meta":{"_acf_changed":false,"_monsterinsights_skip_tracking":false,"_monsterinsights_sitenote_active":false,"_monsterinsights_sitenote_note":"","_monsterinsights_sitenote_category":0,"_jetpack_memberships_contains_paid_content":false,"footnotes":"","jetpack_publicize_message":"","jetpack_publicize_feature_enabled":true,"jetpack_social_post_already_shared":true,"jetpack_social_options":{"image_generator_settings":{"template":"highway","default_image_id":0,"font":"","enabled":false},"version":2}},"categories":[1],"tags":[],"class_list":["post-56109","post","type-post","status-publish","format-standard","has-post-thumbnail","hentry","category-noticias"],"acf":[],"jetpack_publicize_connections":[],"jetpack_featured_media_url":"https:\/\/i0.wp.com\/blogdoeloiltoncajuhy.com.br\/site\/wp-content\/uploads\/2021\/05\/Maio-amarelo_DetranBA.jpg?fit=874%2C577&ssl=1","jetpack_sharing_enabled":true,"publishpress_future_workflow_manual_trigger":{"enabledWorkflows":[]},"_links":{"self":[{"href":"https:\/\/blogdoeloiltoncajuhy.com.br\/site\/wp-json\/wp\/v2\/posts\/56109","targetHints":{"allow":["GET"]}}],"collection":[{"href":"https:\/\/blogdoeloiltoncajuhy.com.br\/site\/wp-json\/wp\/v2\/posts"}],"about":[{"href":"https:\/\/blogdoeloiltoncajuhy.com.br\/site\/wp-json\/wp\/v2\/types\/post"}],"author":[{"embeddable":true,"href":"https:\/\/blogdoeloiltoncajuhy.com.br\/site\/wp-json\/wp\/v2\/users\/2"}],"replies":[{"embeddable":true,"href":"https:\/\/blogdoeloiltoncajuhy.com.br\/site\/wp-json\/wp\/v2\/comments?post=56109"}],"version-history":[{"count":2,"href":"https:\/\/blogdoeloiltoncajuhy.com.br\/site\/wp-json\/wp\/v2\/posts\/56109\/revisions"}],"predecessor-version":[{"id":56112,"href":"https:\/\/blogdoeloiltoncajuhy.com.br\/site\/wp-json\/wp\/v2\/posts\/56109\/revisions\/56112"}],"wp:featuredmedia":[{"embeddable":true,"href":"https:\/\/blogdoeloiltoncajuhy.com.br\/site\/wp-json\/wp\/v2\/media\/56110"}],"wp:attachment":[{"href":"https:\/\/blogdoeloiltoncajuhy.com.br\/site\/wp-json\/wp\/v2\/media?parent=56109"}],"wp:term":[{"taxonomy":"category","embeddable":true,"href":"https:\/\/blogdoeloiltoncajuhy.com.br\/site\/wp-json\/wp\/v2\/categories?post=56109"},{"taxonomy":"post_tag","embeddable":true,"href":"https:\/\/blogdoeloiltoncajuhy.com.br\/site\/wp-json\/wp\/v2\/tags?post=56109"}],"curies":[{"name":"wp","href":"https:\/\/api.w.org\/{rel}","templated":true}]}}