{"id":56102,"date":"2021-05-03T20:38:11","date_gmt":"2021-05-03T23:38:11","guid":{"rendered":"http:\/\/blogdoeloiltoncajuhy.com.br\/site\/?p=56102"},"modified":"2021-05-03T20:38:12","modified_gmt":"2021-05-03T23:38:12","slug":"sismusb-comemora-inicio-da-vacinacao-contra-a-covid-19-para-servidores-da-limpeza","status":"publish","type":"post","link":"https:\/\/blogdoeloiltoncajuhy.com.br\/site\/sismusb-comemora-inicio-da-vacinacao-contra-a-covid-19-para-servidores-da-limpeza\/","title":{"rendered":"Sismusb comemora in\u00edcio da vacina\u00e7\u00e3o contra a Covid-19 para servidores da limpeza"},"content":{"rendered":"\n<div class=\"wp-block-image\"><figure class=\"aligncenter size-large is-resized\"><a href=\"https:\/\/i0.wp.com\/blogdoeloiltoncajuhy.com.br\/site\/wp-content\/uploads\/2021\/05\/Sismusb_Vacincao-Trabalhadores-Limpeza.jpeg\"><img data-recalc-dims=\"1\" fetchpriority=\"high\" decoding=\"async\" src=\"https:\/\/i0.wp.com\/blogdoeloiltoncajuhy.com.br\/site\/wp-content\/uploads\/2021\/05\/Sismusb_Vacincao-Trabalhadores-Limpeza.jpeg?resize=768%2C768\" alt=\"\" class=\"wp-image-56103\" width=\"768\" height=\"768\" srcset=\"https:\/\/i0.wp.com\/blogdoeloiltoncajuhy.com.br\/site\/wp-content\/uploads\/2021\/05\/Sismusb_Vacincao-Trabalhadores-Limpeza.jpeg?resize=1024%2C1024&amp;ssl=1 1024w, https:\/\/i0.wp.com\/blogdoeloiltoncajuhy.com.br\/site\/wp-content\/uploads\/2021\/05\/Sismusb_Vacincao-Trabalhadores-Limpeza.jpeg?resize=300%2C300&amp;ssl=1 300w, https:\/\/i0.wp.com\/blogdoeloiltoncajuhy.com.br\/site\/wp-content\/uploads\/2021\/05\/Sismusb_Vacincao-Trabalhadores-Limpeza.jpeg?resize=150%2C150&amp;ssl=1 150w, https:\/\/i0.wp.com\/blogdoeloiltoncajuhy.com.br\/site\/wp-content\/uploads\/2021\/05\/Sismusb_Vacincao-Trabalhadores-Limpeza.jpeg?resize=768%2C768&amp;ssl=1 768w, https:\/\/i0.wp.com\/blogdoeloiltoncajuhy.com.br\/site\/wp-content\/uploads\/2021\/05\/Sismusb_Vacincao-Trabalhadores-Limpeza.jpeg?w=1280&amp;ssl=1 1280w\" sizes=\"(max-width: 768px) 100vw, 768px\" \/><\/a><\/figure><\/div>\n\n\n\n<p>Uma das prioridades do Sismusb desde o in\u00edcio da campanha de imuniza\u00e7\u00e3o contra a covid-19, finalmente os servidores da limpeza urbana com 50 anos ou mais come\u00e7aram a ser vacinados nesta segunda-feira (03) na Unidade de Sa\u00fade da Fam\u00edlia do seu respectivo bairro.<\/p>\n\n\n\n<p>A entidade sindical enfatiza que a luta pela vacina\u00e7\u00e3o das demais categorias essenciais ainda continua e n\u00e3o vai parar at\u00e9 que todos os profissionais sejam imunizados. Para isso, o Sismusb conta com a mobiliza\u00e7\u00e3o dos servidores, que podem conversar com gestores municipais, vereadores e manifestar nas redes sociais o seu apoio \u00e0 vacina\u00e7\u00e3o. Para o Sindicato, a mobiliza\u00e7\u00e3o de todos os servidores unidos traz muito mais for\u00e7a aos pleitos da categoria.<\/p>\n","protected":false},"excerpt":{"rendered":"<p>Uma das prioridades do Sismusb desde o in\u00edcio da campanha de imuniza\u00e7\u00e3o contra a covid-19, finalmente os servidores da limpeza urbana com 50 anos ou mais come\u00e7aram a ser vacinados nesta segunda-feira (03) na Unidade de Sa\u00fade da Fam\u00edlia do seu respectivo bairro. A entidade sindical enfatiza que a luta pela vacina\u00e7\u00e3o das demais categorias [&hellip;]<\/p>\n","protected":false},"author":2,"featured_media":56103,"comment_status":"open","ping_status":"open","sticky":false,"template":"","format":"standard","meta":{"_acf_changed":false,"_monsterinsights_skip_tracking":false,"_monsterinsights_sitenote_active":false,"_monsterinsights_sitenote_note":"","_monsterinsights_sitenote_category":0,"_jetpack_memberships_contains_paid_content":false,"footnotes":"","jetpack_publicize_message":"","jetpack_publicize_feature_enabled":true,"jetpack_social_post_already_shared":true,"jetpack_social_options":{"image_generator_settings":{"template":"highway","default_image_id":0,"font":"","enabled":false},"version":2}},"categories":[4],"tags":[],"class_list":["post-56102","post","type-post","status-publish","format-standard","has-post-thumbnail","hentry","category-local"],"acf":[],"jetpack_publicize_connections":[],"jetpack_featured_media_url":"https:\/\/i0.wp.com\/blogdoeloiltoncajuhy.com.br\/site\/wp-content\/uploads\/2021\/05\/Sismusb_Vacincao-Trabalhadores-Limpeza.jpeg?fit=1280%2C1280&ssl=1","jetpack_sharing_enabled":true,"publishpress_future_workflow_manual_trigger":{"enabledWorkflows":[]},"_links":{"self":[{"href":"https:\/\/blogdoeloiltoncajuhy.com.br\/site\/wp-json\/wp\/v2\/posts\/56102","targetHints":{"allow":["GET"]}}],"collection":[{"href":"https:\/\/blogdoeloiltoncajuhy.com.br\/site\/wp-json\/wp\/v2\/posts"}],"about":[{"href":"https:\/\/blogdoeloiltoncajuhy.com.br\/site\/wp-json\/wp\/v2\/types\/post"}],"author":[{"embeddable":true,"href":"https:\/\/blogdoeloiltoncajuhy.com.br\/site\/wp-json\/wp\/v2\/users\/2"}],"replies":[{"embeddable":true,"href":"https:\/\/blogdoeloiltoncajuhy.com.br\/site\/wp-json\/wp\/v2\/comments?post=56102"}],"version-history":[{"count":2,"href":"https:\/\/blogdoeloiltoncajuhy.com.br\/site\/wp-json\/wp\/v2\/posts\/56102\/revisions"}],"predecessor-version":[{"id":56105,"href":"https:\/\/blogdoeloiltoncajuhy.com.br\/site\/wp-json\/wp\/v2\/posts\/56102\/revisions\/56105"}],"wp:featuredmedia":[{"embeddable":true,"href":"https:\/\/blogdoeloiltoncajuhy.com.br\/site\/wp-json\/wp\/v2\/media\/56103"}],"wp:attachment":[{"href":"https:\/\/blogdoeloiltoncajuhy.com.br\/site\/wp-json\/wp\/v2\/media?parent=56102"}],"wp:term":[{"taxonomy":"category","embeddable":true,"href":"https:\/\/blogdoeloiltoncajuhy.com.br\/site\/wp-json\/wp\/v2\/categories?post=56102"},{"taxonomy":"post_tag","embeddable":true,"href":"https:\/\/blogdoeloiltoncajuhy.com.br\/site\/wp-json\/wp\/v2\/tags?post=56102"}],"curies":[{"name":"wp","href":"https:\/\/api.w.org\/{rel}","templated":true}]}}