{"id":56093,"date":"2021-05-03T19:16:10","date_gmt":"2021-05-03T22:16:10","guid":{"rendered":"http:\/\/blogdoeloiltoncajuhy.com.br\/site\/?p=56093"},"modified":"2021-05-03T19:16:12","modified_gmt":"2021-05-03T22:16:12","slug":"prefeitura-de-andorinha-promove-evento-em-comemoracao-ao-dia-nacional-da-caatinga","status":"publish","type":"post","link":"https:\/\/blogdoeloiltoncajuhy.com.br\/site\/prefeitura-de-andorinha-promove-evento-em-comemoracao-ao-dia-nacional-da-caatinga\/","title":{"rendered":"Prefeitura de Andorinha promove evento em comemora\u00e7\u00e3o ao Dia Nacional da Caatinga"},"content":{"rendered":"\n<div class=\"wp-block-image\"><figure class=\"aligncenter size-large\"><a href=\"https:\/\/i0.wp.com\/blogdoeloiltoncajuhy.com.br\/site\/wp-content\/uploads\/2021\/05\/PMA_Dia-Caatinga-2021-01.jpeg\"><img data-recalc-dims=\"1\" fetchpriority=\"high\" decoding=\"async\" width=\"800\" height=\"600\" src=\"https:\/\/i0.wp.com\/blogdoeloiltoncajuhy.com.br\/site\/wp-content\/uploads\/2021\/05\/PMA_Dia-Caatinga-2021-01.jpeg?resize=800%2C600\" alt=\"\" class=\"wp-image-56094\" srcset=\"https:\/\/i0.wp.com\/blogdoeloiltoncajuhy.com.br\/site\/wp-content\/uploads\/2021\/05\/PMA_Dia-Caatinga-2021-01.jpeg?resize=1024%2C768&amp;ssl=1 1024w, https:\/\/i0.wp.com\/blogdoeloiltoncajuhy.com.br\/site\/wp-content\/uploads\/2021\/05\/PMA_Dia-Caatinga-2021-01.jpeg?resize=300%2C225&amp;ssl=1 300w, https:\/\/i0.wp.com\/blogdoeloiltoncajuhy.com.br\/site\/wp-content\/uploads\/2021\/05\/PMA_Dia-Caatinga-2021-01.jpeg?resize=768%2C576&amp;ssl=1 768w, https:\/\/i0.wp.com\/blogdoeloiltoncajuhy.com.br\/site\/wp-content\/uploads\/2021\/05\/PMA_Dia-Caatinga-2021-01.jpeg?w=1280&amp;ssl=1 1280w\" sizes=\"(max-width: 800px) 100vw, 800px\" \/><\/a><\/figure><\/div>\n\n\n\n<p>A Prefeitura Municipal de Andorinha, atrav\u00e9s da Secretaria de Desenvolvimento Rural e Meio Ambiente e da Secretaria de Cultura, Desporto e Turismo, promoveu nesta segunda-feira, 03, o evento <strong>Proteja Nossa Caatinga<\/strong>, desenvolvendo a\u00e7\u00f5es pela passagem do Dia Nacional da Caatinga, comemorado no \u00faltimo dia 28.<\/p>\n\n\n\n<p>O evento foi realizado na Pra\u00e7a Rubens Alves, centro de Andorinha, executando as a\u00e7\u00f5es de doa\u00e7\u00f5es de mudas de plantas nativa da caatinga, e exposi\u00e7\u00e3o de artesanato local, e assist\u00eancia t\u00e9cnica para o plantio das mudas com os engenheiros florestal e ambiental Elton Joneis e Marcondes Miranda. Tamb\u00e9m foram realizadas, para os apreciadores do evento, atividades educacionais, atrav\u00e9s de folders e cartazes, e distribui\u00e7\u00e3o de panfletos contendo material did\u00e1tico sobre a fauna e flora da caatinga, e projetos de \u00e1gua doce.<\/p>\n\n\n\n<div class=\"wp-block-image\"><figure class=\"aligncenter size-large\"><a href=\"https:\/\/i0.wp.com\/blogdoeloiltoncajuhy.com.br\/site\/wp-content\/uploads\/2021\/05\/PMA_Dia-Caatinga-2021-02.jpeg\"><img data-recalc-dims=\"1\" decoding=\"async\" width=\"800\" height=\"600\" src=\"https:\/\/i0.wp.com\/blogdoeloiltoncajuhy.com.br\/site\/wp-content\/uploads\/2021\/05\/PMA_Dia-Caatinga-2021-02.jpeg?resize=800%2C600\" alt=\"\" class=\"wp-image-56095\" srcset=\"https:\/\/i0.wp.com\/blogdoeloiltoncajuhy.com.br\/site\/wp-content\/uploads\/2021\/05\/PMA_Dia-Caatinga-2021-02.jpeg?resize=1024%2C768&amp;ssl=1 1024w, https:\/\/i0.wp.com\/blogdoeloiltoncajuhy.com.br\/site\/wp-content\/uploads\/2021\/05\/PMA_Dia-Caatinga-2021-02.jpeg?resize=300%2C225&amp;ssl=1 300w, https:\/\/i0.wp.com\/blogdoeloiltoncajuhy.com.br\/site\/wp-content\/uploads\/2021\/05\/PMA_Dia-Caatinga-2021-02.jpeg?resize=768%2C576&amp;ssl=1 768w, https:\/\/i0.wp.com\/blogdoeloiltoncajuhy.com.br\/site\/wp-content\/uploads\/2021\/05\/PMA_Dia-Caatinga-2021-02.jpeg?resize=1536%2C1152&amp;ssl=1 1536w, https:\/\/i0.wp.com\/blogdoeloiltoncajuhy.com.br\/site\/wp-content\/uploads\/2021\/05\/PMA_Dia-Caatinga-2021-02.jpeg?w=1600&amp;ssl=1 1600w\" sizes=\"(max-width: 800px) 100vw, 800px\" \/><\/a><\/figure><\/div>\n\n\n\n<p>A doa\u00e7\u00e3o de mudas foi realizada atrav\u00e9s da Prefeitura de Andorinha junto com a superintend\u00eancia do Meio Ambiente da Secretaria de Desenvolvimento Rural em parceria com a Embasa e a Empresa Irm\u00e3os Pelegrini, que fizeram doa\u00e7\u00f5es ao munic\u00edpio.<\/p>\n\n\n\n<p>Segundo o secret\u00e1rio de Desenvolvimento Rural e Meio Ambiente, o evento teve boa repercuss\u00e3o entre os mun\u00edcipes. <em>\u201cO evento chamou a aten\u00e7\u00e3o da nossa popula\u00e7\u00e3o. Muitos chegaram at\u00e9 a gente querendo saber mais sobre as plantas da caatinga, e sobre o artesanato que \u00e9 fabricado aqui em Andorinha. Conseguimos alcan\u00e7ar o nosso objetivo de despertar essa curiosidade nas pessoas. No total, foram doadas mais de 140 mudas nativas da caatinga, esp\u00e9cies como Ip\u00ea Roxo, Ip\u00ea Amarelo, Craibeira, Umbu, Flamboyants, Aroeira, Angico, Moringa, Tamboril, dentre outras. Agora contamos com todos os cidad\u00e3os andorinhenses para que preservem e, sempre que puderem, reflorestem nosso bioma\u201d<\/em>, concluiu Valt\u00f4nio Antunes.<\/p>\n\n\n\n<div class=\"wp-block-image\"><figure class=\"aligncenter size-large\"><a href=\"https:\/\/i0.wp.com\/blogdoeloiltoncajuhy.com.br\/site\/wp-content\/uploads\/2021\/05\/PMA_Dia-Caatinga-2021-03.jpeg\"><img data-recalc-dims=\"1\" decoding=\"async\" width=\"800\" height=\"600\" src=\"https:\/\/i0.wp.com\/blogdoeloiltoncajuhy.com.br\/site\/wp-content\/uploads\/2021\/05\/PMA_Dia-Caatinga-2021-03.jpeg?resize=800%2C600\" alt=\"\" class=\"wp-image-56096\" srcset=\"https:\/\/i0.wp.com\/blogdoeloiltoncajuhy.com.br\/site\/wp-content\/uploads\/2021\/05\/PMA_Dia-Caatinga-2021-03.jpeg?resize=1024%2C768&amp;ssl=1 1024w, https:\/\/i0.wp.com\/blogdoeloiltoncajuhy.com.br\/site\/wp-content\/uploads\/2021\/05\/PMA_Dia-Caatinga-2021-03.jpeg?resize=300%2C225&amp;ssl=1 300w, https:\/\/i0.wp.com\/blogdoeloiltoncajuhy.com.br\/site\/wp-content\/uploads\/2021\/05\/PMA_Dia-Caatinga-2021-03.jpeg?resize=768%2C576&amp;ssl=1 768w, https:\/\/i0.wp.com\/blogdoeloiltoncajuhy.com.br\/site\/wp-content\/uploads\/2021\/05\/PMA_Dia-Caatinga-2021-03.jpeg?w=1280&amp;ssl=1 1280w\" sizes=\"(max-width: 800px) 100vw, 800px\" \/><\/a><\/figure><\/div>\n","protected":false},"excerpt":{"rendered":"<p>A Prefeitura Municipal de Andorinha, atrav\u00e9s da Secretaria de Desenvolvimento Rural e Meio Ambiente e da Secretaria de Cultura, Desporto e Turismo, promoveu nesta segunda-feira, 03, o evento Proteja Nossa Caatinga, desenvolvendo a\u00e7\u00f5es pela passagem do Dia Nacional da Caatinga, comemorado no \u00faltimo dia 28. O evento foi realizado na Pra\u00e7a Rubens Alves, centro de [&hellip;]<\/p>\n","protected":false},"author":2,"featured_media":56096,"comment_status":"open","ping_status":"open","sticky":false,"template":"","format":"standard","meta":{"_acf_changed":false,"_monsterinsights_skip_tracking":false,"_monsterinsights_sitenote_active":false,"_monsterinsights_sitenote_note":"","_monsterinsights_sitenote_category":0,"_jetpack_memberships_contains_paid_content":false,"footnotes":"","jetpack_publicize_message":"","jetpack_publicize_feature_enabled":true,"jetpack_social_post_already_shared":true,"jetpack_social_options":{"image_generator_settings":{"template":"highway","default_image_id":0,"font":"","enabled":false},"version":2}},"categories":[11],"tags":[],"class_list":["post-56093","post","type-post","status-publish","format-standard","has-post-thumbnail","hentry","category-regional"],"acf":[],"jetpack_publicize_connections":[],"jetpack_featured_media_url":"https:\/\/i0.wp.com\/blogdoeloiltoncajuhy.com.br\/site\/wp-content\/uploads\/2021\/05\/PMA_Dia-Caatinga-2021-03.jpeg?fit=1280%2C960&ssl=1","jetpack_sharing_enabled":true,"publishpress_future_workflow_manual_trigger":{"enabledWorkflows":[]},"_links":{"self":[{"href":"https:\/\/blogdoeloiltoncajuhy.com.br\/site\/wp-json\/wp\/v2\/posts\/56093","targetHints":{"allow":["GET"]}}],"collection":[{"href":"https:\/\/blogdoeloiltoncajuhy.com.br\/site\/wp-json\/wp\/v2\/posts"}],"about":[{"href":"https:\/\/blogdoeloiltoncajuhy.com.br\/site\/wp-json\/wp\/v2\/types\/post"}],"author":[{"embeddable":true,"href":"https:\/\/blogdoeloiltoncajuhy.com.br\/site\/wp-json\/wp\/v2\/users\/2"}],"replies":[{"embeddable":true,"href":"https:\/\/blogdoeloiltoncajuhy.com.br\/site\/wp-json\/wp\/v2\/comments?post=56093"}],"version-history":[{"count":2,"href":"https:\/\/blogdoeloiltoncajuhy.com.br\/site\/wp-json\/wp\/v2\/posts\/56093\/revisions"}],"predecessor-version":[{"id":56098,"href":"https:\/\/blogdoeloiltoncajuhy.com.br\/site\/wp-json\/wp\/v2\/posts\/56093\/revisions\/56098"}],"wp:featuredmedia":[{"embeddable":true,"href":"https:\/\/blogdoeloiltoncajuhy.com.br\/site\/wp-json\/wp\/v2\/media\/56096"}],"wp:attachment":[{"href":"https:\/\/blogdoeloiltoncajuhy.com.br\/site\/wp-json\/wp\/v2\/media?parent=56093"}],"wp:term":[{"taxonomy":"category","embeddable":true,"href":"https:\/\/blogdoeloiltoncajuhy.com.br\/site\/wp-json\/wp\/v2\/categories?post=56093"},{"taxonomy":"post_tag","embeddable":true,"href":"https:\/\/blogdoeloiltoncajuhy.com.br\/site\/wp-json\/wp\/v2\/tags?post=56093"}],"curies":[{"name":"wp","href":"https:\/\/api.w.org\/{rel}","templated":true}]}}