{"id":56083,"date":"2021-05-03T11:35:32","date_gmt":"2021-05-03T14:35:32","guid":{"rendered":"http:\/\/blogdoeloiltoncajuhy.com.br\/site\/?p=56083"},"modified":"2021-05-03T22:00:57","modified_gmt":"2021-05-04T01:00:57","slug":"policia-civil-de-bonfim-prende-homens-por-homicidio-e-trafico-mulher-tambem-e-presa","status":"publish","type":"post","link":"https:\/\/blogdoeloiltoncajuhy.com.br\/site\/policia-civil-de-bonfim-prende-homens-por-homicidio-e-trafico-mulher-tambem-e-presa\/","title":{"rendered":"Pol\u00edcia Civil de Bonfim prende homens por homic\u00eddio e tr\u00e1fico; mulher tamb\u00e9m \u00e9 presa"},"content":{"rendered":"\n<div class=\"wp-block-image\"><figure class=\"aligncenter size-large\"><a href=\"https:\/\/i0.wp.com\/blogdoeloiltoncajuhy.com.br\/site\/wp-content\/uploads\/2021\/05\/PC_Prisoes_Maio-2021.jpeg\"><img data-recalc-dims=\"1\" fetchpriority=\"high\" decoding=\"async\" width=\"800\" height=\"600\" src=\"https:\/\/i0.wp.com\/blogdoeloiltoncajuhy.com.br\/site\/wp-content\/uploads\/2021\/05\/PC_Prisoes_Maio-2021.jpeg?resize=800%2C600\" alt=\"\" class=\"wp-image-56084\" srcset=\"https:\/\/i0.wp.com\/blogdoeloiltoncajuhy.com.br\/site\/wp-content\/uploads\/2021\/05\/PC_Prisoes_Maio-2021.jpeg?resize=1024%2C768&amp;ssl=1 1024w, https:\/\/i0.wp.com\/blogdoeloiltoncajuhy.com.br\/site\/wp-content\/uploads\/2021\/05\/PC_Prisoes_Maio-2021.jpeg?resize=300%2C225&amp;ssl=1 300w, https:\/\/i0.wp.com\/blogdoeloiltoncajuhy.com.br\/site\/wp-content\/uploads\/2021\/05\/PC_Prisoes_Maio-2021.jpeg?resize=768%2C576&amp;ssl=1 768w, https:\/\/i0.wp.com\/blogdoeloiltoncajuhy.com.br\/site\/wp-content\/uploads\/2021\/05\/PC_Prisoes_Maio-2021.jpeg?w=1040&amp;ssl=1 1040w\" sizes=\"(max-width: 800px) 100vw, 800px\" \/><\/a><\/figure><\/div>\n\n\n\n<p>Nesta segunda-feira (03), em cumprimento a mandados de busca e apreens\u00e3o e de pris\u00f5es, representado pela Autoridade Policial de senhor do Bonfim, a Pol\u00edcia Civil prendeu em flagrante delito um homem e uma mulher por tr\u00e1fico de drogas e mais dois homens pelo crime de homic\u00eddio.<\/p>\n\n\n\n<p>Um homem foi preso como autor do homic\u00eddio de Darleon da Silva Barbosa, ocorrido em 03 de julho do ano passado, sendo que ele recebeu voz de pris\u00e3o dentro do pres\u00eddio de Juazeiro. Dois continuam foragidos.<\/p>\n\n\n\n<p>Ainda em a\u00e7\u00e3o, a Pol\u00edcia Civil prendeu dois homens como autores do homic\u00eddio de Ramon Oliveira da Silva, ocorrido no dia 13 de mar\u00e7o deste ano. Durante o cumprimento do mandado de pris\u00e3o e busca na casa de um deles, a pol\u00edcia tamb\u00e9m encontrou maconha e crack. Uma mulher, esposa do detido, tamb\u00e9m foi presa pelo crime de tr\u00e1fico de droga e associa\u00e7\u00e3o ao tr\u00e1fico.<\/p>\n","protected":false},"excerpt":{"rendered":"<p>Nesta segunda-feira (03), em cumprimento a mandados de busca e apreens\u00e3o e de pris\u00f5es, representado pela Autoridade Policial de senhor do Bonfim, a Pol\u00edcia Civil prendeu em flagrante delito um homem e uma mulher por tr\u00e1fico de drogas e mais dois homens pelo crime de homic\u00eddio. Um homem foi preso como autor do homic\u00eddio de [&hellip;]<\/p>\n","protected":false},"author":2,"featured_media":56084,"comment_status":"open","ping_status":"open","sticky":false,"template":"","format":"standard","meta":{"_acf_changed":false,"_monsterinsights_skip_tracking":false,"_monsterinsights_sitenote_active":false,"_monsterinsights_sitenote_note":"","_monsterinsights_sitenote_category":0,"_jetpack_memberships_contains_paid_content":false,"footnotes":"","jetpack_publicize_message":"","jetpack_publicize_feature_enabled":true,"jetpack_social_post_already_shared":true,"jetpack_social_options":{"image_generator_settings":{"template":"highway","default_image_id":0,"font":"","enabled":false},"version":2}},"categories":[15],"tags":[],"class_list":["post-56083","post","type-post","status-publish","format-standard","has-post-thumbnail","hentry","category-policia"],"acf":[],"jetpack_publicize_connections":[],"jetpack_featured_media_url":"https:\/\/i0.wp.com\/blogdoeloiltoncajuhy.com.br\/site\/wp-content\/uploads\/2021\/05\/PC_Prisoes_Maio-2021.jpeg?fit=1040%2C780&ssl=1","jetpack_sharing_enabled":true,"publishpress_future_workflow_manual_trigger":{"enabledWorkflows":[]},"_links":{"self":[{"href":"https:\/\/blogdoeloiltoncajuhy.com.br\/site\/wp-json\/wp\/v2\/posts\/56083","targetHints":{"allow":["GET"]}}],"collection":[{"href":"https:\/\/blogdoeloiltoncajuhy.com.br\/site\/wp-json\/wp\/v2\/posts"}],"about":[{"href":"https:\/\/blogdoeloiltoncajuhy.com.br\/site\/wp-json\/wp\/v2\/types\/post"}],"author":[{"embeddable":true,"href":"https:\/\/blogdoeloiltoncajuhy.com.br\/site\/wp-json\/wp\/v2\/users\/2"}],"replies":[{"embeddable":true,"href":"https:\/\/blogdoeloiltoncajuhy.com.br\/site\/wp-json\/wp\/v2\/comments?post=56083"}],"version-history":[{"count":2,"href":"https:\/\/blogdoeloiltoncajuhy.com.br\/site\/wp-json\/wp\/v2\/posts\/56083\/revisions"}],"predecessor-version":[{"id":56119,"href":"https:\/\/blogdoeloiltoncajuhy.com.br\/site\/wp-json\/wp\/v2\/posts\/56083\/revisions\/56119"}],"wp:featuredmedia":[{"embeddable":true,"href":"https:\/\/blogdoeloiltoncajuhy.com.br\/site\/wp-json\/wp\/v2\/media\/56084"}],"wp:attachment":[{"href":"https:\/\/blogdoeloiltoncajuhy.com.br\/site\/wp-json\/wp\/v2\/media?parent=56083"}],"wp:term":[{"taxonomy":"category","embeddable":true,"href":"https:\/\/blogdoeloiltoncajuhy.com.br\/site\/wp-json\/wp\/v2\/categories?post=56083"},{"taxonomy":"post_tag","embeddable":true,"href":"https:\/\/blogdoeloiltoncajuhy.com.br\/site\/wp-json\/wp\/v2\/tags?post=56083"}],"curies":[{"name":"wp","href":"https:\/\/api.w.org\/{rel}","templated":true}]}}