{"id":56075,"date":"2021-05-03T08:50:30","date_gmt":"2021-05-03T11:50:30","guid":{"rendered":"http:\/\/blogdoeloiltoncajuhy.com.br\/site\/?p=56075"},"modified":"2021-05-03T08:50:32","modified_gmt":"2021-05-03T11:50:32","slug":"policia-rodoviaria-federal-inicia-campanha-maio-amarelo","status":"publish","type":"post","link":"https:\/\/blogdoeloiltoncajuhy.com.br\/site\/policia-rodoviaria-federal-inicia-campanha-maio-amarelo\/","title":{"rendered":"Pol\u00edcia Rodovi\u00e1ria Federal inicia campanha Maio Amarelo"},"content":{"rendered":"\n<h5 class=\"has-text-align-center wp-block-heading\"><em>Movimento conta com a participa\u00e7\u00e3o do Poder P\u00fablico e da sociedade em prol de um tr\u00e2nsito mais seguro<\/em><\/h5>\n\n\n\n<div class=\"wp-block-image\"><figure class=\"aligncenter size-large\"><a href=\"https:\/\/i0.wp.com\/blogdoeloiltoncajuhy.com.br\/site\/wp-content\/uploads\/2021\/05\/PRF_Maio-Amarelo-2021.jpeg\"><img data-recalc-dims=\"1\" fetchpriority=\"high\" decoding=\"async\" width=\"768\" height=\"432\" src=\"https:\/\/i0.wp.com\/blogdoeloiltoncajuhy.com.br\/site\/wp-content\/uploads\/2021\/05\/PRF_Maio-Amarelo-2021.jpeg?resize=768%2C432\" alt=\"\" class=\"wp-image-56076\" srcset=\"https:\/\/i0.wp.com\/blogdoeloiltoncajuhy.com.br\/site\/wp-content\/uploads\/2021\/05\/PRF_Maio-Amarelo-2021.jpeg?w=768&amp;ssl=1 768w, https:\/\/i0.wp.com\/blogdoeloiltoncajuhy.com.br\/site\/wp-content\/uploads\/2021\/05\/PRF_Maio-Amarelo-2021.jpeg?resize=300%2C169&amp;ssl=1 300w\" sizes=\"(max-width: 768px) 100vw, 768px\" \/><\/a><\/figure><\/div>\n\n\n\n<p><strong><em>&#8220;Respeito e Responsabilidade: pratique no tr\u00e2nsito&#8221;<\/em><\/strong>. Esse \u00e9 o slogan da Campanha Maio Amarelo 2021. Com a campanha, iniciada no \u00faltimo s\u00e1bado (1\u00ba), a Pol\u00edcia Rodovi\u00e1ria Federal (PRF) mostrar\u00e1 seu engajamento nesta a\u00e7\u00e3o que tem por objetivo chamar a aten\u00e7\u00e3o da sociedade para o alto \u00edndice de mortes e feridos no tr\u00e2nsito em todo o mundo.<\/p>\n\n\n\n<p>A PRF ent\u00e3o \u00e9 um dos atores dessa a\u00e7\u00e3o coordenada entre o Poder P\u00fablico e a sociedade civil. Com campanhas educativas e de conscientiza\u00e7\u00e3o em redes sociais e foco na educa\u00e7\u00e3o para o tr\u00e2nsito durante as fiscaliza\u00e7\u00f5es nas BRs de todo o Brasil, o \u00f3rg\u00e3o ir\u00e1 colocar em pauta o tema seguran\u00e7a vi\u00e1ria e mobilizar a sociedade, buscando o envolvimento dos mais diversos segmentos.<\/p>\n\n\n\n<p>Para isso, foco na empatia para a conscientiza\u00e7\u00e3o da popula\u00e7\u00e3o, ou seja, n\u00e3o fa\u00e7a para o outro o que n\u00e3o deseja para voc\u00ea! A cor amarela, que sinaliza advert\u00eancia no sem\u00e1foro, foi escolhida justamente por simbolizar a aten\u00e7\u00e3o t\u00e3o necess\u00e1ria para a causa. \u00c9 um alerta para que a sociedade entenda que sua efetiva participa\u00e7\u00e3o \u00e9 indispens\u00e1vel para a mudan\u00e7a de comportamento nas vias de circula\u00e7\u00e3o.<\/p>\n\n\n\n<p>O Movimento Maio Amarelo foi criado em 11 de maio de 2011, quando a Organiza\u00e7\u00e3o das Na\u00e7\u00f5es Unidas (ONU) decretou a D\u00e9cada de A\u00e7\u00e3o para Seguran\u00e7a no Tr\u00e2nsito. Com isso, o m\u00eas de maio se tornou refer\u00eancia mundial para balan\u00e7o das a\u00e7\u00f5es que o mundo inteiro realiza.<\/p>\n\n\n\n<p>Com as a\u00e7\u00f5es relacionadas ao Movimento, a PRF vai chamar a aten\u00e7\u00e3o de todos para o alto \u00edndice de acidente graves e fatais no Brasil, j\u00e1 que as falhas humanas correspondem \u00e0s principais causas dessas trag\u00e9dias. A institui\u00e7\u00e3o registrou, em 2020, uma redu\u00e7\u00e3o de 6% dos acidentes tr\u00e2nsito nas rodovias federais brasileiras em um comparativo com 2019.<\/p>\n\n\n\n<p>Desta forma, a PRF se mobiliza para atingir o prop\u00f3sito de fortalecer as a\u00e7\u00f5es de seguran\u00e7a vi\u00e1ria em todo o pa\u00eds. \u00c9 mais uma d\u00e9cada se inicia com o empenho de todo o efetivo a fim de reduzir as mortes e les\u00f5es nas rodovias. Assim, o Maio Amarelo \u00e9 mais uma oportunidade de difundir informa\u00e7\u00f5es que podem ser praticadas por meio de medidas simples e eficazes, como a utiliza\u00e7\u00e3o de passarelas e faixas de pedestres, respeito \u00e0 sinaliza\u00e7\u00e3o, realizar ultrapassagens seguras, n\u00e3o misturar \u00e1lcool e dire\u00e7\u00e3o, proteger os mais vulner\u00e1veis no tr\u00e2nsito e adotando regras de dire\u00e7\u00e3o defensiva.<\/p>\n\n\n\n<p>Abrace esse causa voc\u00ea tamb\u00e9m! Pratique no tr\u00e2nsito o respeito e a responsabilidade e acompanhe durante este m\u00eas as mat\u00e9rias e dicas do Maio Amarelo que ser\u00e3o publicadas nos canais oficiais da PRF. Acesse as not\u00edcias aqui no nosso o portal (<a href=\"http:\/\/www.gov.br\/prf\" target=\"_blank\" rel=\"noreferrer noopener\">www.gov.br\/prf<\/a>) e fique ligado tamb\u00e9m no Instagram <a href=\"http:\/\/@prfoficial\" data-type=\"URL\" data-id=\"@prfoficial\">@prfoficial<\/a>.<\/p>\n","protected":false},"excerpt":{"rendered":"<p>Movimento conta com a participa\u00e7\u00e3o do Poder P\u00fablico e da sociedade em prol de um tr\u00e2nsito mais seguro &#8220;Respeito e Responsabilidade: pratique no tr\u00e2nsito&#8221;. Esse \u00e9 o slogan da Campanha Maio Amarelo 2021. Com a campanha, iniciada no \u00faltimo s\u00e1bado (1\u00ba), a Pol\u00edcia Rodovi\u00e1ria Federal (PRF) mostrar\u00e1 seu engajamento nesta a\u00e7\u00e3o que tem por objetivo [&hellip;]<\/p>\n","protected":false},"author":2,"featured_media":56076,"comment_status":"open","ping_status":"open","sticky":false,"template":"","format":"standard","meta":{"_acf_changed":false,"_monsterinsights_skip_tracking":false,"_monsterinsights_sitenote_active":false,"_monsterinsights_sitenote_note":"","_monsterinsights_sitenote_category":0,"_jetpack_memberships_contains_paid_content":false,"footnotes":"","jetpack_publicize_message":"","jetpack_publicize_feature_enabled":true,"jetpack_social_post_already_shared":true,"jetpack_social_options":{"image_generator_settings":{"template":"highway","default_image_id":0,"font":"","enabled":false},"version":2}},"categories":[15],"tags":[],"class_list":["post-56075","post","type-post","status-publish","format-standard","has-post-thumbnail","hentry","category-policia"],"acf":[],"jetpack_publicize_connections":[],"jetpack_featured_media_url":"https:\/\/i0.wp.com\/blogdoeloiltoncajuhy.com.br\/site\/wp-content\/uploads\/2021\/05\/PRF_Maio-Amarelo-2021.jpeg?fit=768%2C432&ssl=1","jetpack_sharing_enabled":true,"publishpress_future_workflow_manual_trigger":{"enabledWorkflows":[]},"_links":{"self":[{"href":"https:\/\/blogdoeloiltoncajuhy.com.br\/site\/wp-json\/wp\/v2\/posts\/56075","targetHints":{"allow":["GET"]}}],"collection":[{"href":"https:\/\/blogdoeloiltoncajuhy.com.br\/site\/wp-json\/wp\/v2\/posts"}],"about":[{"href":"https:\/\/blogdoeloiltoncajuhy.com.br\/site\/wp-json\/wp\/v2\/types\/post"}],"author":[{"embeddable":true,"href":"https:\/\/blogdoeloiltoncajuhy.com.br\/site\/wp-json\/wp\/v2\/users\/2"}],"replies":[{"embeddable":true,"href":"https:\/\/blogdoeloiltoncajuhy.com.br\/site\/wp-json\/wp\/v2\/comments?post=56075"}],"version-history":[{"count":2,"href":"https:\/\/blogdoeloiltoncajuhy.com.br\/site\/wp-json\/wp\/v2\/posts\/56075\/revisions"}],"predecessor-version":[{"id":56078,"href":"https:\/\/blogdoeloiltoncajuhy.com.br\/site\/wp-json\/wp\/v2\/posts\/56075\/revisions\/56078"}],"wp:featuredmedia":[{"embeddable":true,"href":"https:\/\/blogdoeloiltoncajuhy.com.br\/site\/wp-json\/wp\/v2\/media\/56076"}],"wp:attachment":[{"href":"https:\/\/blogdoeloiltoncajuhy.com.br\/site\/wp-json\/wp\/v2\/media?parent=56075"}],"wp:term":[{"taxonomy":"category","embeddable":true,"href":"https:\/\/blogdoeloiltoncajuhy.com.br\/site\/wp-json\/wp\/v2\/categories?post=56075"},{"taxonomy":"post_tag","embeddable":true,"href":"https:\/\/blogdoeloiltoncajuhy.com.br\/site\/wp-json\/wp\/v2\/tags?post=56075"}],"curies":[{"name":"wp","href":"https:\/\/api.w.org\/{rel}","templated":true}]}}