{"id":56071,"date":"2021-05-03T08:30:30","date_gmt":"2021-05-03T11:30:30","guid":{"rendered":"http:\/\/blogdoeloiltoncajuhy.com.br\/site\/?p=56071"},"modified":"2021-05-03T08:30:31","modified_gmt":"2021-05-03T11:30:31","slug":"bahia-vai-receber-mais-de-430-mil-doses-da-vacina-contra-a-covid-19-nesta-segunda-feira-diz-sesab","status":"publish","type":"post","link":"https:\/\/blogdoeloiltoncajuhy.com.br\/site\/bahia-vai-receber-mais-de-430-mil-doses-da-vacina-contra-a-covid-19-nesta-segunda-feira-diz-sesab\/","title":{"rendered":"Bahia vai receber mais de 430 mil doses da vacina contra a Covid-19 nesta segunda-feira, diz Sesab"},"content":{"rendered":"\n<h5 class=\"has-text-align-center wp-block-heading\"><em>Ser\u00e3o 405 mil doses da AstraZeneca, da Fiocruz, e 26.910 da Pfizer\/BioNTech, segundo informa\u00e7\u00f5es da Secretaria Estadual de Sa\u00fade<\/em><\/h5>\n\n\n\n<div class=\"wp-block-image\"><figure class=\"aligncenter size-large\"><a href=\"https:\/\/i0.wp.com\/blogdoeloiltoncajuhy.com.br\/site\/wp-content\/uploads\/2021\/05\/chegada-de-vacinas-contra-covid-19-8-1.png\"><img data-recalc-dims=\"1\" fetchpriority=\"high\" decoding=\"async\" width=\"800\" height=\"502\" src=\"https:\/\/i0.wp.com\/blogdoeloiltoncajuhy.com.br\/site\/wp-content\/uploads\/2021\/05\/chegada-de-vacinas-contra-covid-19-8-1.png?resize=800%2C502\" alt=\"\" class=\"wp-image-56072\" srcset=\"https:\/\/i0.wp.com\/blogdoeloiltoncajuhy.com.br\/site\/wp-content\/uploads\/2021\/05\/chegada-de-vacinas-contra-covid-19-8-1.png?w=984&amp;ssl=1 984w, https:\/\/i0.wp.com\/blogdoeloiltoncajuhy.com.br\/site\/wp-content\/uploads\/2021\/05\/chegada-de-vacinas-contra-covid-19-8-1.png?resize=300%2C188&amp;ssl=1 300w, https:\/\/i0.wp.com\/blogdoeloiltoncajuhy.com.br\/site\/wp-content\/uploads\/2021\/05\/chegada-de-vacinas-contra-covid-19-8-1.png?resize=768%2C482&amp;ssl=1 768w\" sizes=\"(max-width: 800px) 100vw, 800px\" \/><\/a><figcaption><em><sub>Bahia vai receber cerca de 430 mil doses da vacina contra a Covid-19 na segunda-feira, diz Sesab \u2014 Foto: Mateus Pereira\/GOVBA<\/sub><\/em><\/figcaption><\/figure><\/div>\n\n\n\n<p>A Bahia ir\u00e1 receber 431.910 doses da vacina contra a Covid-19 nesta segunda-feira (3). A informa\u00e7\u00e3o foi divulgada pela Secretaria Estadual de Sa\u00fade (Sesab) neste domingo (2).<\/p>\n\n\n\n<p>De acordo com a Sesab, ser\u00e3o 405 mil doses da AstraZeneca, da Funda\u00e7\u00e3o Oswaldo Cruz (Fiocruz), e 26.910 da Pfizer\/BioNTech.<\/p>\n\n\n\n<p>A Sesab ainda informou que o secret\u00e1rio da Sa\u00fade do Estado, F\u00e1bio Vilas-Boas, estar\u00e1 presente no Grupamento A\u00e9reo da Pol\u00edcia Militar da Bahia (Graer), para recep\u00e7\u00e3o e confer\u00eancia do primeiro carregamento de vacinas da Pfizer, que ser\u00e1 entregue ao munic\u00edpio de Salvador.<\/p>\n\n\n\n<p>As doses da Pfizer possuem uma log\u00edstica diferenciada em rela\u00e7\u00e3o aos demais imunobiol\u00f3gicos entregues pelo Minist\u00e9rio da Sa\u00fade, em virtude da necessidade de serem armazenadas em temperaturas de at\u00e9 \u2013 70\u00b0C.<\/p>\n\n\n\n<p>Ainda de acordo com a Sesab, as vacinas da Pfizer ser\u00e3o transportadas em uma caixa especial, lacrada, que somente ser\u00e1 aberta no local de armazenamento definitivo na capital baiana. As vacinas chegar\u00e3o em solo baiano em temperaturas que variam de -25\u00b0C a -15\u00b0C, com a validade de 14 dias, por\u00e9m se submetidas a temperaturas de 2\u00b0C a 8\u00b0C, o prazo de utiliza\u00e7\u00e3o cai para cinco dias.<\/p>\n\n\n\n<p>A \u00faltima carga com as vacinas chegou \u00e0 Bahia no dia 29 de abril, trazendo mais de 336 mil doses do imunizante.<\/p>\n\n\n\n<p>De acordo com o boletim epidemiol\u00f3gico da Sesab deste domingo, 2.404.131 pessoas j\u00e1 foram imunizadas contra a Covid-19 na Bahia, das quais 1.110.381 receberam tamb\u00e9m a segunda dose, at\u00e9 as 16h.<\/p>\n\n\n\n<p>A vacina\u00e7\u00e3o contra o novo coronav\u00edrus come\u00e7ou no dia 19 de janeiro na capital baiana, ap\u00f3s a chegada da 1\u00aa remessa de vacinas da Coronavac.<\/p>\n","protected":false},"excerpt":{"rendered":"<p>Ser\u00e3o 405 mil doses da AstraZeneca, da Fiocruz, e 26.910 da Pfizer\/BioNTech, segundo informa\u00e7\u00f5es da Secretaria Estadual de Sa\u00fade A Bahia ir\u00e1 receber 431.910 doses da vacina contra a Covid-19 nesta segunda-feira (3). A informa\u00e7\u00e3o foi divulgada pela Secretaria Estadual de Sa\u00fade (Sesab) neste domingo (2). De acordo com a Sesab, ser\u00e3o 405 mil doses [&hellip;]<\/p>\n","protected":false},"author":2,"featured_media":56072,"comment_status":"open","ping_status":"open","sticky":false,"template":"","format":"standard","meta":{"_acf_changed":false,"_monsterinsights_skip_tracking":false,"_monsterinsights_sitenote_active":false,"_monsterinsights_sitenote_note":"","_monsterinsights_sitenote_category":0,"_jetpack_memberships_contains_paid_content":false,"footnotes":"","jetpack_publicize_message":"","jetpack_publicize_feature_enabled":true,"jetpack_social_post_already_shared":true,"jetpack_social_options":{"image_generator_settings":{"template":"highway","default_image_id":0,"font":"","enabled":false},"version":2}},"categories":[7],"tags":[],"class_list":["post-56071","post","type-post","status-publish","format-standard","has-post-thumbnail","hentry","category-saude"],"acf":[],"jetpack_publicize_connections":[],"jetpack_featured_media_url":"https:\/\/i0.wp.com\/blogdoeloiltoncajuhy.com.br\/site\/wp-content\/uploads\/2021\/05\/chegada-de-vacinas-contra-covid-19-8-1.png?fit=984%2C617&ssl=1","jetpack_sharing_enabled":true,"publishpress_future_workflow_manual_trigger":{"enabledWorkflows":[]},"_links":{"self":[{"href":"https:\/\/blogdoeloiltoncajuhy.com.br\/site\/wp-json\/wp\/v2\/posts\/56071","targetHints":{"allow":["GET"]}}],"collection":[{"href":"https:\/\/blogdoeloiltoncajuhy.com.br\/site\/wp-json\/wp\/v2\/posts"}],"about":[{"href":"https:\/\/blogdoeloiltoncajuhy.com.br\/site\/wp-json\/wp\/v2\/types\/post"}],"author":[{"embeddable":true,"href":"https:\/\/blogdoeloiltoncajuhy.com.br\/site\/wp-json\/wp\/v2\/users\/2"}],"replies":[{"embeddable":true,"href":"https:\/\/blogdoeloiltoncajuhy.com.br\/site\/wp-json\/wp\/v2\/comments?post=56071"}],"version-history":[{"count":2,"href":"https:\/\/blogdoeloiltoncajuhy.com.br\/site\/wp-json\/wp\/v2\/posts\/56071\/revisions"}],"predecessor-version":[{"id":56074,"href":"https:\/\/blogdoeloiltoncajuhy.com.br\/site\/wp-json\/wp\/v2\/posts\/56071\/revisions\/56074"}],"wp:featuredmedia":[{"embeddable":true,"href":"https:\/\/blogdoeloiltoncajuhy.com.br\/site\/wp-json\/wp\/v2\/media\/56072"}],"wp:attachment":[{"href":"https:\/\/blogdoeloiltoncajuhy.com.br\/site\/wp-json\/wp\/v2\/media?parent=56071"}],"wp:term":[{"taxonomy":"category","embeddable":true,"href":"https:\/\/blogdoeloiltoncajuhy.com.br\/site\/wp-json\/wp\/v2\/categories?post=56071"},{"taxonomy":"post_tag","embeddable":true,"href":"https:\/\/blogdoeloiltoncajuhy.com.br\/site\/wp-json\/wp\/v2\/tags?post=56071"}],"curies":[{"name":"wp","href":"https:\/\/api.w.org\/{rel}","templated":true}]}}