{"id":56053,"date":"2021-05-02T18:40:00","date_gmt":"2021-05-02T21:40:00","guid":{"rendered":"http:\/\/blogdoeloiltoncajuhy.com.br\/site\/?p=56053"},"modified":"2021-05-02T18:42:56","modified_gmt":"2021-05-02T21:42:56","slug":"covid-19-comissao-da-bahia-autoriza-vacinacao-de-pessoas-com-doencas-cronicas-deficiencias-permanentes-e-gestantes","status":"publish","type":"post","link":"https:\/\/blogdoeloiltoncajuhy.com.br\/site\/covid-19-comissao-da-bahia-autoriza-vacinacao-de-pessoas-com-doencas-cronicas-deficiencias-permanentes-e-gestantes\/","title":{"rendered":"Covid-19: Comiss\u00e3o da Bahia autoriza vacina\u00e7\u00e3o de pessoas com doen\u00e7as cr\u00f4nicas, defici\u00eancias permanentes e gestantes"},"content":{"rendered":"\n<h5 class=\"has-text-align-center wp-block-heading\"><em>M\u00e3es de rec\u00e9m-nascidos tamb\u00e9m entrar\u00e3o na lista de prioridades da vacina\u00e7\u00e3o, e j\u00e1 poder\u00e3o ser imunizadas a partir de domingo (2)<\/em><\/h5>\n\n\n\n<div class=\"wp-block-image\"><figure class=\"aligncenter size-large\"><a href=\"https:\/\/i0.wp.com\/blogdoeloiltoncajuhy.com.br\/site\/wp-content\/uploads\/2021\/04\/GOVBA-testes-vacina.jpg\"><img data-recalc-dims=\"1\" fetchpriority=\"high\" decoding=\"async\" width=\"768\" height=\"512\" src=\"https:\/\/i0.wp.com\/blogdoeloiltoncajuhy.com.br\/site\/wp-content\/uploads\/2021\/04\/GOVBA-testes-vacina.jpg?resize=768%2C512\" alt=\"\" class=\"wp-image-55401\" srcset=\"https:\/\/i0.wp.com\/blogdoeloiltoncajuhy.com.br\/site\/wp-content\/uploads\/2021\/04\/GOVBA-testes-vacina.jpg?w=768&amp;ssl=1 768w, https:\/\/i0.wp.com\/blogdoeloiltoncajuhy.com.br\/site\/wp-content\/uploads\/2021\/04\/GOVBA-testes-vacina.jpg?resize=300%2C200&amp;ssl=1 300w\" sizes=\"(max-width: 768px) 100vw, 768px\" \/><\/a><\/figure><\/div>\n\n\n\n<p>A Comiss\u00e3o Intergestores Bipartite (CIB), que tem representantes dos 417 munic\u00edpios da Bahia, autorizou a inclus\u00e3o de pessoas com doen\u00e7as cr\u00f4nicas, defici\u00eancia permanente, gestantes e pu\u00e9rperas \u2013 m\u00e3es de rec\u00e9m-nascidos \u2013 na lista de prioridades da vacina\u00e7\u00e3o contra a Covid-19. [<strong><em>Veja lista abaixo<\/em><\/strong>]<\/p>\n\n\n\n<p>Com base no Programa Nacional de Imuniza\u00e7\u00e3o, do Minist\u00e9rio da Sa\u00fade, essa vacina\u00e7\u00e3o ser\u00e1 escalonada por faixa et\u00e1ria. De acordo com a Secretaria da Sa\u00fade do Estado da Bahia (Sesab), a medida contemplar\u00e1 1,7 milh\u00e3o de baianos.<\/p>\n\n\n\n<p>Na primeira fase, ser\u00e3o vacinadas pessoas com idades entre 59 a 55 anos, que se enquadrem nos grupos de vacina\u00e7\u00e3o. No caso das pessoas com defici\u00eancia permanente, \u00e9 preciso que estar cadastrado no Programa de Benef\u00edcio de Presta\u00e7\u00e3o Continuada (BPC).<\/p>\n\n\n\n<p>Tamb\u00e9m est\u00e1 autorizada a imuniza\u00e7\u00e3o das gestantes e pu\u00e9rperas que comprovem a exist\u00eancia de comorbidades, independentemente da idade. Nestes casos, a \u00fanica ressalva ser\u00e1 a indica\u00e7\u00e3o cl\u00ednica dos fabricantes de vacina dos imunizantes que s\u00e3o para maiores de 18 anos.<\/p>\n\n\n\n<p>Essas gestantes e pu\u00e9rperas precisar\u00e3o comprovar a condi\u00e7\u00e3o de risco com documenta\u00e7\u00e3o, como exames, receitas, relat\u00f3rio m\u00e9dico, prescri\u00e7\u00e3o m\u00e9dica, dentre outros.<\/p>\n\n\n\n<p>A vacina\u00e7\u00e3o poder\u00e1 ser aplicada independentemente da idade gestacional. No caso das pu\u00e9rperas, a orienta\u00e7\u00e3o \u00e9 interromper o aleitamento materno.<\/p>\n\n\n\n<p>Ainda segundo a Sesab, a faixa et\u00e1ria de outros grupos que j\u00e1 come\u00e7aram a ser vacinados, como trabalhadores da educa\u00e7\u00e3o, for\u00e7as de seguran\u00e7a e rodovi\u00e1rios ser\u00e1 ampliada, \u00e0 medida que todas as pessoas com doen\u00e7as cr\u00f4nicas e defici\u00eancia permanente com mais de 40 anos sejam vacinadas.<\/p>\n\n\n\n<figure class=\"wp-block-image alignwide size-large\"><a href=\"https:\/\/i0.wp.com\/blogdoeloiltoncajuhy.com.br\/site\/wp-content\/uploads\/2021\/05\/comorbidades-vacina-corona-scaled-1.jpg\"><img data-recalc-dims=\"1\" decoding=\"async\" width=\"451\" height=\"1024\" src=\"https:\/\/i0.wp.com\/blogdoeloiltoncajuhy.com.br\/site\/wp-content\/uploads\/2021\/05\/comorbidades-vacina-corona-scaled-1.jpg?resize=451%2C1024\" alt=\"\" class=\"wp-image-56056\" srcset=\"https:\/\/i0.wp.com\/blogdoeloiltoncajuhy.com.br\/site\/wp-content\/uploads\/2021\/05\/comorbidades-vacina-corona-scaled-1.jpg?resize=451%2C1024&amp;ssl=1 451w, https:\/\/i0.wp.com\/blogdoeloiltoncajuhy.com.br\/site\/wp-content\/uploads\/2021\/05\/comorbidades-vacina-corona-scaled-1.jpg?resize=132%2C300&amp;ssl=1 132w, https:\/\/i0.wp.com\/blogdoeloiltoncajuhy.com.br\/site\/wp-content\/uploads\/2021\/05\/comorbidades-vacina-corona-scaled-1.jpg?resize=768%2C1744&amp;ssl=1 768w, https:\/\/i0.wp.com\/blogdoeloiltoncajuhy.com.br\/site\/wp-content\/uploads\/2021\/05\/comorbidades-vacina-corona-scaled-1.jpg?resize=676%2C1536&amp;ssl=1 676w, https:\/\/i0.wp.com\/blogdoeloiltoncajuhy.com.br\/site\/wp-content\/uploads\/2021\/05\/comorbidades-vacina-corona-scaled-1.jpg?resize=902%2C2048&amp;ssl=1 902w, https:\/\/i0.wp.com\/blogdoeloiltoncajuhy.com.br\/site\/wp-content\/uploads\/2021\/05\/comorbidades-vacina-corona-scaled-1.jpg?w=984&amp;ssl=1 984w\" sizes=\"(max-width: 451px) 100vw, 451px\" \/><\/a><figcaption><em><sub>Comiss\u00e3o da BA autoriza vacina\u00e7\u00e3o de pessoas com doen\u00e7as cr\u00f4nicas, defici\u00eancias permanentes e gestantes \u2014 Foto: Divulga\u00e7\u00e3o\/Sesab<\/sub><\/em><\/figcaption><\/figure>\n","protected":false},"excerpt":{"rendered":"<p>M\u00e3es de rec\u00e9m-nascidos tamb\u00e9m entrar\u00e3o na lista de prioridades da vacina\u00e7\u00e3o, e j\u00e1 poder\u00e3o ser imunizadas a partir de domingo (2) A Comiss\u00e3o Intergestores Bipartite (CIB), que tem representantes dos 417 munic\u00edpios da Bahia, autorizou a inclus\u00e3o de pessoas com doen\u00e7as cr\u00f4nicas, defici\u00eancia permanente, gestantes e pu\u00e9rperas \u2013 m\u00e3es de rec\u00e9m-nascidos \u2013 na lista de [&hellip;]<\/p>\n","protected":false},"author":2,"featured_media":55659,"comment_status":"open","ping_status":"open","sticky":false,"template":"","format":"standard","meta":{"_acf_changed":false,"_monsterinsights_skip_tracking":false,"_monsterinsights_sitenote_active":false,"_monsterinsights_sitenote_note":"","_monsterinsights_sitenote_category":0,"_jetpack_memberships_contains_paid_content":false,"footnotes":"","jetpack_publicize_message":"","jetpack_publicize_feature_enabled":true,"jetpack_social_post_already_shared":true,"jetpack_social_options":{"image_generator_settings":{"template":"highway","default_image_id":0,"font":"","enabled":false},"version":2}},"categories":[7],"tags":[],"class_list":["post-56053","post","type-post","status-publish","format-standard","has-post-thumbnail","hentry","category-saude"],"acf":[],"jetpack_publicize_connections":[],"jetpack_featured_media_url":"https:\/\/i0.wp.com\/blogdoeloiltoncajuhy.com.br\/site\/wp-content\/uploads\/2021\/04\/Corona-Vacinacao-no-Hospital-Espanhol-768x576-1.jpeg?fit=768%2C576&ssl=1","jetpack_sharing_enabled":true,"publishpress_future_workflow_manual_trigger":{"enabledWorkflows":[]},"_links":{"self":[{"href":"https:\/\/blogdoeloiltoncajuhy.com.br\/site\/wp-json\/wp\/v2\/posts\/56053","targetHints":{"allow":["GET"]}}],"collection":[{"href":"https:\/\/blogdoeloiltoncajuhy.com.br\/site\/wp-json\/wp\/v2\/posts"}],"about":[{"href":"https:\/\/blogdoeloiltoncajuhy.com.br\/site\/wp-json\/wp\/v2\/types\/post"}],"author":[{"embeddable":true,"href":"https:\/\/blogdoeloiltoncajuhy.com.br\/site\/wp-json\/wp\/v2\/users\/2"}],"replies":[{"embeddable":true,"href":"https:\/\/blogdoeloiltoncajuhy.com.br\/site\/wp-json\/wp\/v2\/comments?post=56053"}],"version-history":[{"count":4,"href":"https:\/\/blogdoeloiltoncajuhy.com.br\/site\/wp-json\/wp\/v2\/posts\/56053\/revisions"}],"predecessor-version":[{"id":56059,"href":"https:\/\/blogdoeloiltoncajuhy.com.br\/site\/wp-json\/wp\/v2\/posts\/56053\/revisions\/56059"}],"wp:featuredmedia":[{"embeddable":true,"href":"https:\/\/blogdoeloiltoncajuhy.com.br\/site\/wp-json\/wp\/v2\/media\/55659"}],"wp:attachment":[{"href":"https:\/\/blogdoeloiltoncajuhy.com.br\/site\/wp-json\/wp\/v2\/media?parent=56053"}],"wp:term":[{"taxonomy":"category","embeddable":true,"href":"https:\/\/blogdoeloiltoncajuhy.com.br\/site\/wp-json\/wp\/v2\/categories?post=56053"},{"taxonomy":"post_tag","embeddable":true,"href":"https:\/\/blogdoeloiltoncajuhy.com.br\/site\/wp-json\/wp\/v2\/tags?post=56053"}],"curies":[{"name":"wp","href":"https:\/\/api.w.org\/{rel}","templated":true}]}}