{"id":56038,"date":"2021-05-01T13:27:51","date_gmt":"2021-05-01T16:27:51","guid":{"rendered":"http:\/\/blogdoeloiltoncajuhy.com.br\/site\/?p=56038"},"modified":"2021-05-01T13:50:57","modified_gmt":"2021-05-01T16:50:57","slug":"homem-e-morto-a-golpes-de-faca-na-central-de-alimentacao-em-senhor-do-bonfim","status":"publish","type":"post","link":"https:\/\/blogdoeloiltoncajuhy.com.br\/site\/homem-e-morto-a-golpes-de-faca-na-central-de-alimentacao-em-senhor-do-bonfim\/","title":{"rendered":"Homem \u00e9 morto a golpes de faca na Central de Alimenta\u00e7\u00e3o em Senhor do Bonfim"},"content":{"rendered":"\n<p class=\"has-black-color has-text-color\"><strong><em>Atualizado em 1\u00ba de maio de 2021 \u00e0s 13h50<\/em><\/strong><\/p>\n\n\n\n<div class=\"wp-block-group\"><div class=\"wp-block-group__inner-container is-layout-flow wp-block-group-is-layout-flow\">\n<div class=\"wp-block-image\"><figure class=\"aligncenter size-large\"><a href=\"https:\/\/i0.wp.com\/blogdoeloiltoncajuhy.com.br\/site\/wp-content\/uploads\/2021\/05\/Crime-Central-Alimentacao.jpeg\"><img data-recalc-dims=\"1\" fetchpriority=\"high\" decoding=\"async\" width=\"498\" height=\"1024\" src=\"https:\/\/i0.wp.com\/blogdoeloiltoncajuhy.com.br\/site\/wp-content\/uploads\/2021\/05\/Crime-Central-Alimentacao.jpeg?resize=498%2C1024\" alt=\"\" class=\"wp-image-56039\" srcset=\"https:\/\/i0.wp.com\/blogdoeloiltoncajuhy.com.br\/site\/wp-content\/uploads\/2021\/05\/Crime-Central-Alimentacao.jpeg?resize=498%2C1024&amp;ssl=1 498w, https:\/\/i0.wp.com\/blogdoeloiltoncajuhy.com.br\/site\/wp-content\/uploads\/2021\/05\/Crime-Central-Alimentacao.jpeg?resize=146%2C300&amp;ssl=1 146w, https:\/\/i0.wp.com\/blogdoeloiltoncajuhy.com.br\/site\/wp-content\/uploads\/2021\/05\/Crime-Central-Alimentacao.jpeg?w=622&amp;ssl=1 622w\" sizes=\"(max-width: 498px) 100vw, 498px\" \/><\/a><figcaption><em><sub>Foto: Redes Sociais<\/sub><\/em><\/figcaption><\/figure><\/div>\n<\/div><\/div>\n\n\n\n<p>Um homem de 49 anos foi assassinado a golpes de faca por volta do meio dia deste s\u00e1bado, 1\u00ba de maio, em Senhor do Bonfim. O crime ocorreu na Central de Alimenta\u00e7\u00e3o Dona Lind\u00f4, localizada nas proximidades da Rua Djalma Dutra, centro da cidade.<\/p>\n\n\n\n<p>Segundo informa\u00e7\u00f5es, o homem, identificado <strong>Joseval Ferreira de Souza<\/strong>, mais conhecido como <strong>&#8220;Ror\u00f3&#8221;<\/strong>, era morador do Bairro da Olaria, onde era bastante conhecido. Ainda n\u00e3o h\u00e1 informa\u00e7\u00f5es sobre os autores e a motiva\u00e7\u00e3o do crime.<\/p>\n\n\n\n<p>Populares que passaram pelo local logo ap\u00f3s o crime, ainda viram a faca cravada no corpo da v\u00edtima. A Pol\u00edcia Militar esteve no local para registrar a ocorr\u00eancia. O Servi\u00e7o de Atendimento M\u00f3vel de Urg\u00eancia (SAMU) foi acionado e constatou a morte de Joseval.<\/p>\n","protected":false},"excerpt":{"rendered":"<p>Atualizado em 1\u00ba de maio de 2021 \u00e0s 13h50 Um homem de 49 anos foi assassinado a golpes de faca por volta do meio dia deste s\u00e1bado, 1\u00ba de maio, em Senhor do Bonfim. O crime ocorreu na Central de Alimenta\u00e7\u00e3o Dona Lind\u00f4, localizada nas proximidades da Rua Djalma Dutra, centro da cidade. Segundo informa\u00e7\u00f5es, [&hellip;]<\/p>\n","protected":false},"author":2,"featured_media":56039,"comment_status":"open","ping_status":"open","sticky":false,"template":"","format":"standard","meta":{"_acf_changed":false,"_monsterinsights_skip_tracking":false,"_monsterinsights_sitenote_active":false,"_monsterinsights_sitenote_note":"","_monsterinsights_sitenote_category":0,"_jetpack_memberships_contains_paid_content":false,"footnotes":"","jetpack_publicize_message":"","jetpack_publicize_feature_enabled":true,"jetpack_social_post_already_shared":true,"jetpack_social_options":{"image_generator_settings":{"template":"highway","default_image_id":0,"font":"","enabled":false},"version":2}},"categories":[15],"tags":[],"class_list":["post-56038","post","type-post","status-publish","format-standard","has-post-thumbnail","hentry","category-policia"],"acf":[],"jetpack_publicize_connections":[],"jetpack_featured_media_url":"https:\/\/i0.wp.com\/blogdoeloiltoncajuhy.com.br\/site\/wp-content\/uploads\/2021\/05\/Crime-Central-Alimentacao.jpeg?fit=622%2C1280&ssl=1","jetpack_sharing_enabled":true,"publishpress_future_workflow_manual_trigger":{"enabledWorkflows":[]},"_links":{"self":[{"href":"https:\/\/blogdoeloiltoncajuhy.com.br\/site\/wp-json\/wp\/v2\/posts\/56038","targetHints":{"allow":["GET"]}}],"collection":[{"href":"https:\/\/blogdoeloiltoncajuhy.com.br\/site\/wp-json\/wp\/v2\/posts"}],"about":[{"href":"https:\/\/blogdoeloiltoncajuhy.com.br\/site\/wp-json\/wp\/v2\/types\/post"}],"author":[{"embeddable":true,"href":"https:\/\/blogdoeloiltoncajuhy.com.br\/site\/wp-json\/wp\/v2\/users\/2"}],"replies":[{"embeddable":true,"href":"https:\/\/blogdoeloiltoncajuhy.com.br\/site\/wp-json\/wp\/v2\/comments?post=56038"}],"version-history":[{"count":3,"href":"https:\/\/blogdoeloiltoncajuhy.com.br\/site\/wp-json\/wp\/v2\/posts\/56038\/revisions"}],"predecessor-version":[{"id":56043,"href":"https:\/\/blogdoeloiltoncajuhy.com.br\/site\/wp-json\/wp\/v2\/posts\/56038\/revisions\/56043"}],"wp:featuredmedia":[{"embeddable":true,"href":"https:\/\/blogdoeloiltoncajuhy.com.br\/site\/wp-json\/wp\/v2\/media\/56039"}],"wp:attachment":[{"href":"https:\/\/blogdoeloiltoncajuhy.com.br\/site\/wp-json\/wp\/v2\/media?parent=56038"}],"wp:term":[{"taxonomy":"category","embeddable":true,"href":"https:\/\/blogdoeloiltoncajuhy.com.br\/site\/wp-json\/wp\/v2\/categories?post=56038"},{"taxonomy":"post_tag","embeddable":true,"href":"https:\/\/blogdoeloiltoncajuhy.com.br\/site\/wp-json\/wp\/v2\/tags?post=56038"}],"curies":[{"name":"wp","href":"https:\/\/api.w.org\/{rel}","templated":true}]}}