{"id":56024,"date":"2021-05-01T11:12:34","date_gmt":"2021-05-01T14:12:34","guid":{"rendered":"http:\/\/blogdoeloiltoncajuhy.com.br\/site\/?p=56024"},"modified":"2021-05-01T11:12:35","modified_gmt":"2021-05-01T14:12:35","slug":"meu-filho-morreu-com-fome-porque-nao-teve-coragem-de-me-pedir-comida-diz-mae-de-homem-morto-apos-furtar-carne-em-mercado-de-salvador","status":"publish","type":"post","link":"https:\/\/blogdoeloiltoncajuhy.com.br\/site\/meu-filho-morreu-com-fome-porque-nao-teve-coragem-de-me-pedir-comida-diz-mae-de-homem-morto-apos-furtar-carne-em-mercado-de-salvador\/","title":{"rendered":"&#8216;Meu filho morreu com fome porque n\u00e3o teve coragem de me pedir comida&#8217;, diz m\u00e3e de homem morto ap\u00f3s furtar carne em mercado de Salvador"},"content":{"rendered":"\n<h5 class=\"has-text-align-center wp-block-heading\"><em>Fam\u00edlia de Bruno e Yan conta que os dois foram entregues por seguran\u00e7as do supermercado Atakarejo para traficantes ap\u00f3s serem flagrados roubando quatro pacotes de carne<\/em><\/h5>\n\n\n\n<div class=\"wp-block-image\"><figure class=\"aligncenter size-large\"><a href=\"https:\/\/i0.wp.com\/blogdoeloiltoncajuhy.com.br\/site\/wp-content\/uploads\/2021\/05\/SSA_CrimeAtakarejo_01.jpeg\"><img data-recalc-dims=\"1\" fetchpriority=\"high\" decoding=\"async\" width=\"800\" height=\"600\" src=\"https:\/\/i0.wp.com\/blogdoeloiltoncajuhy.com.br\/site\/wp-content\/uploads\/2021\/05\/SSA_CrimeAtakarejo_01.jpeg?resize=800%2C600\" alt=\"\" class=\"wp-image-56025\" srcset=\"https:\/\/i0.wp.com\/blogdoeloiltoncajuhy.com.br\/site\/wp-content\/uploads\/2021\/05\/SSA_CrimeAtakarejo_01.jpeg?w=984&amp;ssl=1 984w, https:\/\/i0.wp.com\/blogdoeloiltoncajuhy.com.br\/site\/wp-content\/uploads\/2021\/05\/SSA_CrimeAtakarejo_01.jpeg?resize=300%2C225&amp;ssl=1 300w, https:\/\/i0.wp.com\/blogdoeloiltoncajuhy.com.br\/site\/wp-content\/uploads\/2021\/05\/SSA_CrimeAtakarejo_01.jpeg?resize=768%2C576&amp;ssl=1 768w\" sizes=\"(max-width: 800px) 100vw, 800px\" \/><\/a><figcaption><em><sub>Dion\u00e9sia durante o protesto feito na sexta-feira (30), em Fazenda Coutos \u2014 Foto: Diego Barreto \/ G1 BA<\/sub><\/em><\/figcaption><\/figure><\/div>\n\n\n\n<p>A dona de casa Dion\u00e9sia Pereira Barros est\u00e1 revoltada com a morte do filho, Bruno Barros, de 29 anos, e o neto Yan Barros, de 19 anos, que foram assassinados ap\u00f3s serem torturados por traficantes.<\/p>\n\n\n\n<figure class=\"wp-block-pullquote\" style=\"border-color:#000000\"><blockquote><p><strong><em>\u201cMatar meu filho, o que foi que meu filho fez? Meu filho morreu com fome porque n\u00e3o teve coragem de me pedir comida, ele n\u00e3o morava comigo, n\u00e3o. As meninas est\u00e3o a\u00ed de testemunha. &#8216;Tia, estou com fome&#8217;. &#8216;Vai pedir a sua m\u00e3e&#8217;. Porque ele n\u00e3o era de comer assim, sabe?&#8221;, contou a dona de casa.<\/em><\/strong><\/p><\/blockquote><\/figure>\n\n\n\n<p>A fam\u00edlia de Bruno e Yan conta que os dois foram entregues por seguran\u00e7as do supermercado Atakarejo para traficantes ap\u00f3s serem flagrados roubando quatro pacotes de carne. Uma testemunha, que presenciou o fato, contou \u00e0 TV Bahia, que viu a dupla ser entregue a homens armados no estacionamento do estabelecimento.<\/p>\n\n\n\n<p><em>\u201cEu estou passando muito mal, mas eu vou falar. Eu quero perguntar a eles, minha filha, se eles viram alguma escopeta l\u00e1 junto daquelas carnes. Eu sei que meus filhos erraram, mas eles n\u00e3o eram Deus para entregar meu filho para morte. O seguran\u00e7a do mercado deu meu filho para a morte, deu de bandeja para o Satan\u00e1s\u201d<\/em>, disse Dion\u00e9sia Barros.<\/p>\n\n\n\n<div class=\"wp-block-image\"><figure class=\"aligncenter size-large\"><a href=\"https:\/\/i0.wp.com\/blogdoeloiltoncajuhy.com.br\/site\/wp-content\/uploads\/2021\/05\/SSA_CrimeAtakarejo_02.jpeg\"><img data-recalc-dims=\"1\" decoding=\"async\" width=\"800\" height=\"501\" src=\"https:\/\/i0.wp.com\/blogdoeloiltoncajuhy.com.br\/site\/wp-content\/uploads\/2021\/05\/SSA_CrimeAtakarejo_02.jpeg?resize=800%2C501\" alt=\"\" class=\"wp-image-56026\" srcset=\"https:\/\/i0.wp.com\/blogdoeloiltoncajuhy.com.br\/site\/wp-content\/uploads\/2021\/05\/SSA_CrimeAtakarejo_02.jpeg?w=984&amp;ssl=1 984w, https:\/\/i0.wp.com\/blogdoeloiltoncajuhy.com.br\/site\/wp-content\/uploads\/2021\/05\/SSA_CrimeAtakarejo_02.jpeg?resize=300%2C188&amp;ssl=1 300w, https:\/\/i0.wp.com\/blogdoeloiltoncajuhy.com.br\/site\/wp-content\/uploads\/2021\/05\/SSA_CrimeAtakarejo_02.jpeg?resize=768%2C481&amp;ssl=1 768w\" sizes=\"(max-width: 800px) 100vw, 800px\" \/><\/a><figcaption><em><sub>Tio e sobrinho foram mortos ap\u00f3s terem furtado carne em supermercado \u2014 Foto: Arquivo pessoal<\/sub><\/em><\/figcaption><\/figure><\/div>\n\n\n\n<p>A fam\u00edlia dos dois homens relata que um deles enviou \u00e1udios pedindo dinheiro para pagar carnes que eles teriam furtado de um supermercado. Com o dinheiro, ele pagaria os quatro pacotes de carne de charque que, juntos, custavam R$ 755,60. No supermercado Atakarejo, onde ocorreu o caso, cada pacote com 5 kg custa R$ 188,90.<\/p>\n\n\n\n<p>Elaine Costa Silva, m\u00e3e de Yan Barros, conta que o filho e Bruno foram agredidos no supermercado.<\/p>\n\n\n\n<figure class=\"wp-block-pullquote\" style=\"border-color:#000000\"><blockquote><p><strong><em>&#8220;Chegaram a ser agredidos pelos seguran\u00e7as, tomaram um monte de bicuda [chute], depois ele [Yan Barros] fez uma liga\u00e7\u00e3o pelo WhatsApp, o meu filho chorava muito, chorava muito, disse que ele estava tomando muita porrada pelos seguran\u00e7as&#8221;, revelou.<\/em><\/strong><\/p><\/blockquote><\/figure>\n\n\n\n<p><em>\u201cChegaram a falar que n\u00e3o ia ter mais chance. E a\u00ed foi que o tio dele ligou para a irm\u00e3 de considera\u00e7\u00e3o dizendo: &#8216;J\u00e1 estou sendo entregue para os marginais&#8217;. Ent\u00e3o eles j\u00e1 foram j\u00e1 entregando eles dois, ent\u00e3o n\u00e3o deu a chance de meu filho ser julgado pela justi\u00e7a\u201d<\/em>, disse Elaine Silva.<\/p>\n\n\n\n<p>Segundo ela, Bruno Barros chegou a pedir, por telefone, para que a fam\u00edlia chamasse a pol\u00edcia e que uma den\u00fancia foi feita atrav\u00e9s do Disk Den\u00fancia, mas os policiais n\u00e3o chegaram a tempo de evitar a morte dos rapazes.<\/p>\n\n\n\n<div class=\"wp-block-image\"><figure class=\"aligncenter size-large\"><a href=\"https:\/\/i0.wp.com\/blogdoeloiltoncajuhy.com.br\/site\/wp-content\/uploads\/2021\/05\/SSA_CrimeAtakarejo_03.jpeg\"><img data-recalc-dims=\"1\" decoding=\"async\" width=\"800\" height=\"600\" src=\"https:\/\/i0.wp.com\/blogdoeloiltoncajuhy.com.br\/site\/wp-content\/uploads\/2021\/05\/SSA_CrimeAtakarejo_03.jpeg?resize=800%2C600\" alt=\"\" class=\"wp-image-56028\" srcset=\"https:\/\/i0.wp.com\/blogdoeloiltoncajuhy.com.br\/site\/wp-content\/uploads\/2021\/05\/SSA_CrimeAtakarejo_03.jpeg?w=984&amp;ssl=1 984w, https:\/\/i0.wp.com\/blogdoeloiltoncajuhy.com.br\/site\/wp-content\/uploads\/2021\/05\/SSA_CrimeAtakarejo_03.jpeg?resize=300%2C225&amp;ssl=1 300w, https:\/\/i0.wp.com\/blogdoeloiltoncajuhy.com.br\/site\/wp-content\/uploads\/2021\/05\/SSA_CrimeAtakarejo_03.jpeg?resize=768%2C576&amp;ssl=1 768w\" sizes=\"(max-width: 800px) 100vw, 800px\" \/><\/a><figcaption><em><sub>Familiares e amigos de mortos ap\u00f3s furto em supermercado fazem protesto no bairro da Fazenda Coutos \u2014 Foto: Diego Barreto \/ G1 BA<\/sub><\/em><\/figcaption><\/figure><\/div>\n\n\n\n<p><em>\u201cBruno pediu para chamar a pol\u00edcia e a\u00ed a irm\u00e3 dele de considera\u00e7\u00e3o chamou, chegou a fazer a liga\u00e7\u00e3o, ligando para o Disk Den\u00fancia, denunciando, entendeu? Chamando a pol\u00edcia, que ele falava: &#8216;Chame a pol\u00edcia, irm\u00e3, chame a pol\u00edcia, eu prefiro ser preso, eles v\u00e3o me matar, eles v\u00e3o me matar. Eles j\u00e1 est\u00e3o me entregando j\u00e1 aos marginais, pelo estacionamento\u2019, e a\u00ed eles entregaram meu filho\u201d<\/em>, contou.<\/p>\n\n\n\n<p class=\"has-black-color has-text-color has-medium-font-size\"><strong>Entenda o caso<\/strong><\/p>\n\n\n\n<div class=\"wp-block-group\"><div class=\"wp-block-group__inner-container is-layout-flow wp-block-group-is-layout-flow\">\n<div class=\"wp-block-image\"><figure class=\"aligncenter size-large\"><a href=\"https:\/\/i0.wp.com\/blogdoeloiltoncajuhy.com.br\/site\/wp-content\/uploads\/2021\/05\/SSA_CrimeAtakarejo_04.jpeg\"><img data-recalc-dims=\"1\" loading=\"lazy\" decoding=\"async\" width=\"800\" height=\"501\" src=\"https:\/\/i0.wp.com\/blogdoeloiltoncajuhy.com.br\/site\/wp-content\/uploads\/2021\/05\/SSA_CrimeAtakarejo_04.jpeg?resize=800%2C501\" alt=\"\" class=\"wp-image-56027\" srcset=\"https:\/\/i0.wp.com\/blogdoeloiltoncajuhy.com.br\/site\/wp-content\/uploads\/2021\/05\/SSA_CrimeAtakarejo_04.jpeg?w=984&amp;ssl=1 984w, https:\/\/i0.wp.com\/blogdoeloiltoncajuhy.com.br\/site\/wp-content\/uploads\/2021\/05\/SSA_CrimeAtakarejo_04.jpeg?resize=300%2C188&amp;ssl=1 300w, https:\/\/i0.wp.com\/blogdoeloiltoncajuhy.com.br\/site\/wp-content\/uploads\/2021\/05\/SSA_CrimeAtakarejo_04.jpeg?resize=768%2C481&amp;ssl=1 768w\" sizes=\"(max-width: 800px) 100vw, 800px\" \/><\/a><figcaption><em><sub>Bruno e Ian Barros foram torturados e mortos a tiros ap\u00f3s furtarem carnes em mercado \u2014 Foto: Arquivo pessoal<\/sub><\/em><\/figcaption><\/figure><\/div>\n<\/div><\/div>\n\n\n\n<p>Na noite de segunda-feira (26), dois homens foram achados mortos na localidade da Pol\u00eamica, em Salvador. De acordo com a Pol\u00edcia Civil, eles foram torturados e atingidos por disparos de arma de fogo. \u00c0 \u00e9poca, a pol\u00edcia informou que a motiva\u00e7\u00e3o do crime estava relacionada ao tr\u00e1fico de drogas.<\/p>\n\n\n\n<p>Um dia depois, na ter\u00e7a-feira (27), eles foram identificados como Bruno Barros e Yan Barros. Na quinta-feira (29), a m\u00e3e de Yan, Elaine Costa Silva, revelou que ele foi morto ap\u00f3s ter sido flagrado pelos seguran\u00e7as do supermercado Atakarejo por furtar carne no estabelecimento.<\/p>\n\n\n\n<p>Segundo ela, o tio de Yan, Bruno, que tamb\u00e9m foi morto, enviou \u00e1udios a uma amiga informando o que tinha acontecido e pedindo ajuda para n\u00e3o ser entregue aos traficantes do Nordeste de Amaralina.<\/p>\n\n\n\n<p>Na sexta-feira (30), parentes e amigos dos dois homens fizeram uma manifesta\u00e7\u00e3o, na rua onde eles moravam, em Fazenda Coutos, e depois na frente do Atacad\u00e3o Atakarejo, que fica no mesmo bairro.<\/p>\n\n\n\n<p>O grupo bloqueou a rua pr\u00f3ximo \u00e0 Base Comunit\u00e1ria da Pol\u00edcia Militar pedindo justi\u00e7a. Emocionada, a m\u00e3e de Bruno Barros, Dion\u00e9sia Pereira, chegou a passar mal durante o ato. Depois, eles entraram no supermercado e com cartazes fizeram um protesto.<\/p>\n\n\n\n<p>Por meio de nota, o Atakarejo informou que \u00e9 cumpridor da legisla\u00e7\u00e3o vigente, e atua rigorosamente comprometido com a obedi\u00eancia \u00e0s normas legais, e que n\u00e3o compactua com qualquer ato em desacordo com a lei.<\/p>\n\n\n\n<p>Disse tamb\u00e9m que os fatos questionados envolvem seguran\u00e7a p\u00fablica e que certamente ser\u00e3o investigados e conduzidos pela autoridade p\u00fablica competente.<\/p>\n\n\n\n<p>Em nota, o Minist\u00e9rio P\u00fablico da Bahia informou que ao tomar conhecimento do fato envolvendo Bruno Barros e Yan Barros, adotou as provid\u00eancias cab\u00edveis nesta fase preliminar de apura\u00e7\u00e3o, autuando uma not\u00edcia de crime e encaminhando ao N\u00facleo do J\u00fari da Capital.<\/p>\n\n\n\n<p>J\u00e1 a Pol\u00edcia Militar informou que a 40\u00aa CIPM n\u00e3o foi acionada para atender a ocorr\u00eancia. No entanto, assim que tomou conhecimento, por meio de populares, de que teria ocorrido de um poss\u00edvel furto no estabelecimento comercial no bairro de Amaralina, a unidade enviou uma equipe at\u00e9 o local. Quando chegou, funcion\u00e1rios n\u00e3o confirmaram o fato.<\/p>\n\n\n\n<p>A Pol\u00edcia Civil informou que algumas testemunhas foram ouvidas na Delegacia de Homic\u00eddios e Prote\u00e7\u00e3o \u00e0 Pessoa e as investiga\u00e7\u00f5es est\u00e3o avan\u00e7adas. Segundo o \u00f3rg\u00e3o, j\u00e1 h\u00e1 indicativo de autoria. As equipes da unidade realizam dilig\u00eancias e mais detalhes n\u00e3o podem ser divulgados para n\u00e3o interferir no andamento das apura\u00e7\u00f5es.<\/p>\n","protected":false},"excerpt":{"rendered":"<p>Fam\u00edlia de Bruno e Yan conta que os dois foram entregues por seguran\u00e7as do supermercado Atakarejo para traficantes ap\u00f3s serem flagrados roubando quatro pacotes de carne A dona de casa Dion\u00e9sia Pereira Barros est\u00e1 revoltada com a morte do filho, Bruno Barros, de 29 anos, e o neto Yan Barros, de 19 anos, que foram [&hellip;]<\/p>\n","protected":false},"author":2,"featured_media":56026,"comment_status":"open","ping_status":"open","sticky":false,"template":"","format":"standard","meta":{"_acf_changed":false,"_monsterinsights_skip_tracking":false,"_monsterinsights_sitenote_active":false,"_monsterinsights_sitenote_note":"","_monsterinsights_sitenote_category":0,"_jetpack_memberships_contains_paid_content":false,"footnotes":"","jetpack_publicize_message":"","jetpack_publicize_feature_enabled":true,"jetpack_social_post_already_shared":true,"jetpack_social_options":{"image_generator_settings":{"template":"highway","default_image_id":0,"font":"","enabled":false},"version":2}},"categories":[15],"tags":[],"class_list":["post-56024","post","type-post","status-publish","format-standard","has-post-thumbnail","hentry","category-policia"],"acf":[],"jetpack_publicize_connections":[],"jetpack_featured_media_url":"https:\/\/i0.wp.com\/blogdoeloiltoncajuhy.com.br\/site\/wp-content\/uploads\/2021\/05\/SSA_CrimeAtakarejo_02.jpeg?fit=984%2C616&ssl=1","jetpack_sharing_enabled":true,"publishpress_future_workflow_manual_trigger":{"enabledWorkflows":[]},"_links":{"self":[{"href":"https:\/\/blogdoeloiltoncajuhy.com.br\/site\/wp-json\/wp\/v2\/posts\/56024","targetHints":{"allow":["GET"]}}],"collection":[{"href":"https:\/\/blogdoeloiltoncajuhy.com.br\/site\/wp-json\/wp\/v2\/posts"}],"about":[{"href":"https:\/\/blogdoeloiltoncajuhy.com.br\/site\/wp-json\/wp\/v2\/types\/post"}],"author":[{"embeddable":true,"href":"https:\/\/blogdoeloiltoncajuhy.com.br\/site\/wp-json\/wp\/v2\/users\/2"}],"replies":[{"embeddable":true,"href":"https:\/\/blogdoeloiltoncajuhy.com.br\/site\/wp-json\/wp\/v2\/comments?post=56024"}],"version-history":[{"count":2,"href":"https:\/\/blogdoeloiltoncajuhy.com.br\/site\/wp-json\/wp\/v2\/posts\/56024\/revisions"}],"predecessor-version":[{"id":56030,"href":"https:\/\/blogdoeloiltoncajuhy.com.br\/site\/wp-json\/wp\/v2\/posts\/56024\/revisions\/56030"}],"wp:featuredmedia":[{"embeddable":true,"href":"https:\/\/blogdoeloiltoncajuhy.com.br\/site\/wp-json\/wp\/v2\/media\/56026"}],"wp:attachment":[{"href":"https:\/\/blogdoeloiltoncajuhy.com.br\/site\/wp-json\/wp\/v2\/media?parent=56024"}],"wp:term":[{"taxonomy":"category","embeddable":true,"href":"https:\/\/blogdoeloiltoncajuhy.com.br\/site\/wp-json\/wp\/v2\/categories?post=56024"},{"taxonomy":"post_tag","embeddable":true,"href":"https:\/\/blogdoeloiltoncajuhy.com.br\/site\/wp-json\/wp\/v2\/tags?post=56024"}],"curies":[{"name":"wp","href":"https:\/\/api.w.org\/{rel}","templated":true}]}}