{"id":56020,"date":"2021-05-01T10:31:51","date_gmt":"2021-05-01T13:31:51","guid":{"rendered":"http:\/\/blogdoeloiltoncajuhy.com.br\/site\/?p=56020"},"modified":"2021-05-01T10:31:53","modified_gmt":"2021-05-01T13:31:53","slug":"1o-de-maio-dia-do-trabalhador","status":"publish","type":"post","link":"https:\/\/blogdoeloiltoncajuhy.com.br\/site\/1o-de-maio-dia-do-trabalhador\/","title":{"rendered":"1\u00ba de maio &#8211; Dia do Trabalhador"},"content":{"rendered":"\n<h5 class=\"has-text-align-center wp-block-heading\"><em><strong>\u201cTem a bondade nos olhos de um homem trabalhador\u201d &#8211; Rita de C\u00e1ssia<\/strong><\/em><\/h5>\n\n\n\n<div class=\"wp-block-image\"><figure class=\"aligncenter size-large\"><a href=\"https:\/\/i0.wp.com\/blogdoeloiltoncajuhy.com.br\/site\/wp-content\/uploads\/2021\/05\/MC-Dia-do-Trabalhador-2021.jpeg\"><img data-recalc-dims=\"1\" fetchpriority=\"high\" decoding=\"async\" width=\"720\" height=\"540\" src=\"https:\/\/i0.wp.com\/blogdoeloiltoncajuhy.com.br\/site\/wp-content\/uploads\/2021\/05\/MC-Dia-do-Trabalhador-2021.jpeg?resize=720%2C540\" alt=\"\" class=\"wp-image-56021\" srcset=\"https:\/\/i0.wp.com\/blogdoeloiltoncajuhy.com.br\/site\/wp-content\/uploads\/2021\/05\/MC-Dia-do-Trabalhador-2021.jpeg?w=720&amp;ssl=1 720w, https:\/\/i0.wp.com\/blogdoeloiltoncajuhy.com.br\/site\/wp-content\/uploads\/2021\/05\/MC-Dia-do-Trabalhador-2021.jpeg?resize=300%2C225&amp;ssl=1 300w\" sizes=\"(max-width: 720px) 100vw, 720px\" \/><\/a><\/figure><\/div>\n\n\n\n<p>As homenagens ao Dia do Trabalho tiveram origem na cidade norte americana de Chicago, quando milhares de oper\u00e1rios organizaram uma paralisa\u00e7\u00e3o no dia 1\u00ba de maio de 1886, com o objetivo de conquistar condi\u00e7\u00f5es melhores de trabalho, principalmente a redu\u00e7\u00e3o da jornada de trabalho, que chegava a 17 horas di\u00e1rias.<\/p>\n\n\n\n<p>No Brasil, com a chegada de imigrantes europeus, as ideias de luta pelos direitos dos trabalhadores foram se fortalecendo. Declarado feriado nacional pelo presidente Artur Bernardes, em 1925, o dia tamb\u00e9m foi a cria\u00e7\u00e3o da Consolida\u00e7\u00e3o das Leis do Trabalho \u2013 CLT, em 1\u00ba de maio de 1943, pelo presidente Get\u00falio Vargas.<\/p>\n","protected":false},"excerpt":{"rendered":"<p>\u201cTem a bondade nos olhos de um homem trabalhador\u201d &#8211; Rita de C\u00e1ssia As homenagens ao Dia do Trabalho tiveram origem na cidade norte americana de Chicago, quando milhares de oper\u00e1rios organizaram uma paralisa\u00e7\u00e3o no dia 1\u00ba de maio de 1886, com o objetivo de conquistar condi\u00e7\u00f5es melhores de trabalho, principalmente a redu\u00e7\u00e3o da jornada [&hellip;]<\/p>\n","protected":false},"author":2,"featured_media":56021,"comment_status":"open","ping_status":"open","sticky":false,"template":"","format":"standard","meta":{"_acf_changed":false,"_monsterinsights_skip_tracking":false,"_monsterinsights_sitenote_active":false,"_monsterinsights_sitenote_note":"","_monsterinsights_sitenote_category":0,"_jetpack_memberships_contains_paid_content":false,"footnotes":"","jetpack_publicize_message":"","jetpack_publicize_feature_enabled":true,"jetpack_social_post_already_shared":true,"jetpack_social_options":{"image_generator_settings":{"template":"highway","default_image_id":0,"font":"","enabled":false},"version":2}},"categories":[4],"tags":[],"class_list":["post-56020","post","type-post","status-publish","format-standard","has-post-thumbnail","hentry","category-local"],"acf":[],"jetpack_publicize_connections":[],"jetpack_featured_media_url":"https:\/\/i0.wp.com\/blogdoeloiltoncajuhy.com.br\/site\/wp-content\/uploads\/2021\/05\/MC-Dia-do-Trabalhador-2021.jpeg?fit=720%2C540&ssl=1","jetpack_sharing_enabled":true,"publishpress_future_workflow_manual_trigger":{"enabledWorkflows":[]},"_links":{"self":[{"href":"https:\/\/blogdoeloiltoncajuhy.com.br\/site\/wp-json\/wp\/v2\/posts\/56020","targetHints":{"allow":["GET"]}}],"collection":[{"href":"https:\/\/blogdoeloiltoncajuhy.com.br\/site\/wp-json\/wp\/v2\/posts"}],"about":[{"href":"https:\/\/blogdoeloiltoncajuhy.com.br\/site\/wp-json\/wp\/v2\/types\/post"}],"author":[{"embeddable":true,"href":"https:\/\/blogdoeloiltoncajuhy.com.br\/site\/wp-json\/wp\/v2\/users\/2"}],"replies":[{"embeddable":true,"href":"https:\/\/blogdoeloiltoncajuhy.com.br\/site\/wp-json\/wp\/v2\/comments?post=56020"}],"version-history":[{"count":2,"href":"https:\/\/blogdoeloiltoncajuhy.com.br\/site\/wp-json\/wp\/v2\/posts\/56020\/revisions"}],"predecessor-version":[{"id":56023,"href":"https:\/\/blogdoeloiltoncajuhy.com.br\/site\/wp-json\/wp\/v2\/posts\/56020\/revisions\/56023"}],"wp:featuredmedia":[{"embeddable":true,"href":"https:\/\/blogdoeloiltoncajuhy.com.br\/site\/wp-json\/wp\/v2\/media\/56021"}],"wp:attachment":[{"href":"https:\/\/blogdoeloiltoncajuhy.com.br\/site\/wp-json\/wp\/v2\/media?parent=56020"}],"wp:term":[{"taxonomy":"category","embeddable":true,"href":"https:\/\/blogdoeloiltoncajuhy.com.br\/site\/wp-json\/wp\/v2\/categories?post=56020"},{"taxonomy":"post_tag","embeddable":true,"href":"https:\/\/blogdoeloiltoncajuhy.com.br\/site\/wp-json\/wp\/v2\/tags?post=56020"}],"curies":[{"name":"wp","href":"https:\/\/api.w.org\/{rel}","templated":true}]}}