{"id":56016,"date":"2021-05-01T09:48:21","date_gmt":"2021-05-01T12:48:21","guid":{"rendered":"http:\/\/blogdoeloiltoncajuhy.com.br\/site\/?p=56016"},"modified":"2021-05-01T09:48:23","modified_gmt":"2021-05-01T12:48:23","slug":"mensagem-do-sismusb-de-bonfim-a-todos-os-trabalhadores","status":"publish","type":"post","link":"https:\/\/blogdoeloiltoncajuhy.com.br\/site\/mensagem-do-sismusb-de-bonfim-a-todos-os-trabalhadores\/","title":{"rendered":"Mensagem do Sismusb de Bonfim a todos os trabalhadores"},"content":{"rendered":"\n<div class=\"wp-block-image\"><figure class=\"aligncenter size-full is-resized\"><a href=\"https:\/\/i0.wp.com\/blogdoeloiltoncajuhy.com.br\/site\/wp-content\/uploads\/2021\/05\/Sismusb_dia-do-trabalhador-2021.jpg\"><img data-recalc-dims=\"1\" fetchpriority=\"high\" decoding=\"async\" src=\"https:\/\/i0.wp.com\/blogdoeloiltoncajuhy.com.br\/site\/wp-content\/uploads\/2021\/05\/Sismusb_dia-do-trabalhador-2021.jpg?resize=750%2C378\" alt=\"\" class=\"wp-image-56017\" width=\"750\" height=\"378\" srcset=\"https:\/\/i0.wp.com\/blogdoeloiltoncajuhy.com.br\/site\/wp-content\/uploads\/2021\/05\/Sismusb_dia-do-trabalhador-2021.jpg?w=500&amp;ssl=1 500w, https:\/\/i0.wp.com\/blogdoeloiltoncajuhy.com.br\/site\/wp-content\/uploads\/2021\/05\/Sismusb_dia-do-trabalhador-2021.jpg?resize=300%2C151&amp;ssl=1 300w\" sizes=\"(max-width: 750px) 100vw, 750px\" \/><\/a><\/figure><\/div>\n\n\n\n<p>Tem dias que a gente acorda, cheio de energia, e 24 horas parecem insuficientes para executarmos todas as nossas metas. Em outros momentos, reduzimos o ritmo e o des\u00e2nimo toma conta. Mas h\u00e1 aqueles dias em que sentimos que tudo vale a pena e que n\u00e3o estamos aqui por acaso.<\/p>\n\n\n\n<p>Temos uma miss\u00e3o, pessoal e profissional, que nos motiva a enfrentar os desafios e pensar: ESTOU FAZENDO O MELHOR! Este 1\u00ba de maio de 2021 est\u00e1 sendo diferente, e voc\u00eas trabalhadores(as) se deparam com tantas dificuldades, medos e incertezas dia ap\u00f3s dia, por\u00e9m n\u00e3o abandonam sua miss\u00e3o e mostram a toda sociedade qu\u00e3o importante \u00e9 o seu trabalho.<\/p>\n\n\n\n<p class=\"has-text-align-center has-black-color has-text-color\"><strong>A Diretoria do Sismusb deseja um Feliz dia do Trabalhador e que Deus aben\u00e7oe a cada um de voc\u00eas!<\/strong><\/p>\n","protected":false},"excerpt":{"rendered":"<p>Tem dias que a gente acorda, cheio de energia, e 24 horas parecem insuficientes para executarmos todas as nossas metas. Em outros momentos, reduzimos o ritmo e o des\u00e2nimo toma conta. Mas h\u00e1 aqueles dias em que sentimos que tudo vale a pena e que n\u00e3o estamos aqui por acaso. Temos uma miss\u00e3o, pessoal e [&hellip;]<\/p>\n","protected":false},"author":2,"featured_media":56017,"comment_status":"open","ping_status":"open","sticky":false,"template":"","format":"standard","meta":{"_acf_changed":false,"_monsterinsights_skip_tracking":false,"_monsterinsights_sitenote_active":false,"_monsterinsights_sitenote_note":"","_monsterinsights_sitenote_category":0,"_jetpack_memberships_contains_paid_content":false,"footnotes":"","jetpack_publicize_message":"","jetpack_publicize_feature_enabled":true,"jetpack_social_post_already_shared":true,"jetpack_social_options":{"image_generator_settings":{"template":"highway","default_image_id":0,"font":"","enabled":false},"version":2}},"categories":[4],"tags":[],"class_list":["post-56016","post","type-post","status-publish","format-standard","has-post-thumbnail","hentry","category-local"],"acf":[],"jetpack_publicize_connections":[],"jetpack_featured_media_url":"https:\/\/i0.wp.com\/blogdoeloiltoncajuhy.com.br\/site\/wp-content\/uploads\/2021\/05\/Sismusb_dia-do-trabalhador-2021.jpg?fit=500%2C252&ssl=1","jetpack_sharing_enabled":true,"publishpress_future_workflow_manual_trigger":{"enabledWorkflows":[]},"_links":{"self":[{"href":"https:\/\/blogdoeloiltoncajuhy.com.br\/site\/wp-json\/wp\/v2\/posts\/56016","targetHints":{"allow":["GET"]}}],"collection":[{"href":"https:\/\/blogdoeloiltoncajuhy.com.br\/site\/wp-json\/wp\/v2\/posts"}],"about":[{"href":"https:\/\/blogdoeloiltoncajuhy.com.br\/site\/wp-json\/wp\/v2\/types\/post"}],"author":[{"embeddable":true,"href":"https:\/\/blogdoeloiltoncajuhy.com.br\/site\/wp-json\/wp\/v2\/users\/2"}],"replies":[{"embeddable":true,"href":"https:\/\/blogdoeloiltoncajuhy.com.br\/site\/wp-json\/wp\/v2\/comments?post=56016"}],"version-history":[{"count":2,"href":"https:\/\/blogdoeloiltoncajuhy.com.br\/site\/wp-json\/wp\/v2\/posts\/56016\/revisions"}],"predecessor-version":[{"id":56019,"href":"https:\/\/blogdoeloiltoncajuhy.com.br\/site\/wp-json\/wp\/v2\/posts\/56016\/revisions\/56019"}],"wp:featuredmedia":[{"embeddable":true,"href":"https:\/\/blogdoeloiltoncajuhy.com.br\/site\/wp-json\/wp\/v2\/media\/56017"}],"wp:attachment":[{"href":"https:\/\/blogdoeloiltoncajuhy.com.br\/site\/wp-json\/wp\/v2\/media?parent=56016"}],"wp:term":[{"taxonomy":"category","embeddable":true,"href":"https:\/\/blogdoeloiltoncajuhy.com.br\/site\/wp-json\/wp\/v2\/categories?post=56016"},{"taxonomy":"post_tag","embeddable":true,"href":"https:\/\/blogdoeloiltoncajuhy.com.br\/site\/wp-json\/wp\/v2\/tags?post=56016"}],"curies":[{"name":"wp","href":"https:\/\/api.w.org\/{rel}","templated":true}]}}