{"id":55995,"date":"2021-04-30T09:17:53","date_gmt":"2021-04-30T12:17:53","guid":{"rendered":"http:\/\/blogdoeloiltoncajuhy.com.br\/site\/?p=55995"},"modified":"2021-04-30T09:17:55","modified_gmt":"2021-04-30T12:17:55","slug":"brasileiro-confirma-entrega-de-tres-tratores-para-associacoes-de-tijuacu","status":"publish","type":"post","link":"https:\/\/blogdoeloiltoncajuhy.com.br\/site\/brasileiro-confirma-entrega-de-tres-tratores-para-associacoes-de-tijuacu\/","title":{"rendered":"Brasileiro confirma entrega de tr\u00eas tratores para associa\u00e7\u00f5es de Tijua\u00e7\u00fa"},"content":{"rendered":"\n<div class=\"wp-block-image\"><figure class=\"aligncenter size-large\"><a href=\"https:\/\/i0.wp.com\/blogdoeloiltoncajuhy.com.br\/site\/wp-content\/uploads\/2021\/04\/Tratores-scaled.jpg\"><img data-recalc-dims=\"1\" fetchpriority=\"high\" decoding=\"async\" width=\"800\" height=\"600\" src=\"https:\/\/i0.wp.com\/blogdoeloiltoncajuhy.com.br\/site\/wp-content\/uploads\/2021\/04\/Tratores.jpg?resize=800%2C600\" alt=\"\" class=\"wp-image-55996\" srcset=\"https:\/\/i0.wp.com\/blogdoeloiltoncajuhy.com.br\/site\/wp-content\/uploads\/2021\/04\/Tratores-scaled.jpg?resize=1024%2C768&amp;ssl=1 1024w, https:\/\/i0.wp.com\/blogdoeloiltoncajuhy.com.br\/site\/wp-content\/uploads\/2021\/04\/Tratores-scaled.jpg?resize=300%2C225&amp;ssl=1 300w, https:\/\/i0.wp.com\/blogdoeloiltoncajuhy.com.br\/site\/wp-content\/uploads\/2021\/04\/Tratores-scaled.jpg?resize=768%2C576&amp;ssl=1 768w, https:\/\/i0.wp.com\/blogdoeloiltoncajuhy.com.br\/site\/wp-content\/uploads\/2021\/04\/Tratores-scaled.jpg?resize=1536%2C1152&amp;ssl=1 1536w, https:\/\/i0.wp.com\/blogdoeloiltoncajuhy.com.br\/site\/wp-content\/uploads\/2021\/04\/Tratores-scaled.jpg?resize=2048%2C1536&amp;ssl=1 2048w, https:\/\/i0.wp.com\/blogdoeloiltoncajuhy.com.br\/site\/wp-content\/uploads\/2021\/04\/Tratores-scaled.jpg?w=1600 1600w, https:\/\/i0.wp.com\/blogdoeloiltoncajuhy.com.br\/site\/wp-content\/uploads\/2021\/04\/Tratores-scaled.jpg?w=2400 2400w\" sizes=\"(max-width: 800px) 100vw, 800px\" \/><\/a><\/figure><\/div>\n\n\n\n<p>Tr\u00eas associa\u00e7\u00f5es de agricultores do distrito de Tijua\u00e7u, em Bonfim, ser\u00e3o contempladas com a entrega de tr\u00eas tratores pela Secretaria estadual de Agricultura (Seagri). Os equipamentos resultam de emenda parlamentar do ex-deputado Irm\u00e3o Lazaro \u2013 falecido m\u00eas passado -, e que atendeu \u00e0 demanda apresentada em 2019 pelo ent\u00e3o prefeito Carlos Brasileiro, com participa\u00e7\u00e3o do ex-vereador Carlos do Tijua\u00e7u.<\/p>\n\n\n\n<p>A cess\u00e3o dos tratores para as entidades deve ser publicada nos pr\u00f3ximos dias no Di\u00e1rio Oficial do Estado. Ser\u00e3o beneficiadas a Associa\u00e7\u00e3o Quilombo Forte dos Trabalhadores de Tijua\u00e7u e regi\u00e3o, presidida por Josias Damasceno; Associa\u00e7\u00e3o Rural do Grupo Produtivo das Mulheres Quilombolas da Fazenda Alto Bonito de Tijua\u00e7u, liderada por Eucassia Maria da Silva; e Associa\u00e7\u00e3o de Recupera\u00e7\u00e3o Resposta de Cristo, que tem como presidente C\u00e9lio Rodrigues.<\/p>\n\n\n\n<p>Brasileiro lembra que Irm\u00e3o L\u00e1zaro j\u00e1 havia atendido a uma das demandas apresentadas em 2018, quando foram entregues dois tratores diretamente \u00e0 Prefeitura de Senhor do Bonfim. <em>\u201cInfelizmente, ele n\u00e3o poder\u00e1 acompanhar a entrega destes novos equipamentos. Irm\u00e3o L\u00e1zaro sempre teve uma aten\u00e7\u00e3o especial aos quilombolas\u201d<\/em>, afirmou.<\/p>\n\n\n\n<p>Mesmo sem mandato, somente este ano, Brasileiro e o ex-vice-prefeito Jos\u00e9 Ant\u00f4nio j\u00e1 anunciaram diversas conquistas obtidas por lutas pol\u00edticas suas ao longo dos \u00faltimos anos, como o saneamento b\u00e1sico de Bonfim; a segunda etapa da ilumina\u00e7\u00e3o da BR 407; a segunda etapa da reforma e amplia\u00e7\u00e3o do Hospital Regional, com implanta\u00e7\u00e3o de mais 10 leitos de UTI.<\/p>\n\n\n\n<p>Junto com o deputado Bob\u00f4, tamb\u00e9m conseguiram a \u00e1gua tratada para a Estiva, cuja obra deve come\u00e7ar nos pr\u00f3ximos meses. <em>\u201cMesmo sem mandato, tenho um compromisso assumido com o povo de Bonfim, de continuar lutando por nossa terra e nossa regi\u00e3o\u201d<\/em>, destacou Brasileiro.<\/p>\n\n\n\n<p>Outras conquistas importantes, ainda da gest\u00e3o Brasileiro, tamb\u00e9m prosseguem e devem ser entregues nos pr\u00f3ximos meses, como o Aeroporto de Bonfim, a nova Avenida Ant\u00f4nio Laurindo e a nova Pra\u00e7a Austricliano de Carvalho e urbaniza\u00e7\u00e3o do entorno da Catedral.<\/p>\n","protected":false},"excerpt":{"rendered":"<p>Tr\u00eas associa\u00e7\u00f5es de agricultores do distrito de Tijua\u00e7u, em Bonfim, ser\u00e3o contempladas com a entrega de tr\u00eas tratores pela Secretaria estadual de Agricultura (Seagri). Os equipamentos resultam de emenda parlamentar do ex-deputado Irm\u00e3o Lazaro \u2013 falecido m\u00eas passado -, e que atendeu \u00e0 demanda apresentada em 2019 pelo ent\u00e3o prefeito Carlos Brasileiro, com participa\u00e7\u00e3o do [&hellip;]<\/p>\n","protected":false},"author":2,"featured_media":55996,"comment_status":"open","ping_status":"open","sticky":false,"template":"","format":"standard","meta":{"_acf_changed":false,"_monsterinsights_skip_tracking":false,"_monsterinsights_sitenote_active":false,"_monsterinsights_sitenote_note":"","_monsterinsights_sitenote_category":0,"_jetpack_memberships_contains_paid_content":false,"footnotes":"","jetpack_publicize_message":"","jetpack_publicize_feature_enabled":true,"jetpack_social_post_already_shared":true,"jetpack_social_options":{"image_generator_settings":{"template":"highway","default_image_id":0,"font":"","enabled":false},"version":2}},"categories":[4],"tags":[],"class_list":["post-55995","post","type-post","status-publish","format-standard","has-post-thumbnail","hentry","category-local"],"acf":[],"jetpack_publicize_connections":[],"jetpack_featured_media_url":"https:\/\/i0.wp.com\/blogdoeloiltoncajuhy.com.br\/site\/wp-content\/uploads\/2021\/04\/Tratores-scaled.jpg?fit=2560%2C1920&ssl=1","jetpack_sharing_enabled":true,"publishpress_future_workflow_manual_trigger":{"enabledWorkflows":[]},"_links":{"self":[{"href":"https:\/\/blogdoeloiltoncajuhy.com.br\/site\/wp-json\/wp\/v2\/posts\/55995","targetHints":{"allow":["GET"]}}],"collection":[{"href":"https:\/\/blogdoeloiltoncajuhy.com.br\/site\/wp-json\/wp\/v2\/posts"}],"about":[{"href":"https:\/\/blogdoeloiltoncajuhy.com.br\/site\/wp-json\/wp\/v2\/types\/post"}],"author":[{"embeddable":true,"href":"https:\/\/blogdoeloiltoncajuhy.com.br\/site\/wp-json\/wp\/v2\/users\/2"}],"replies":[{"embeddable":true,"href":"https:\/\/blogdoeloiltoncajuhy.com.br\/site\/wp-json\/wp\/v2\/comments?post=55995"}],"version-history":[{"count":2,"href":"https:\/\/blogdoeloiltoncajuhy.com.br\/site\/wp-json\/wp\/v2\/posts\/55995\/revisions"}],"predecessor-version":[{"id":55998,"href":"https:\/\/blogdoeloiltoncajuhy.com.br\/site\/wp-json\/wp\/v2\/posts\/55995\/revisions\/55998"}],"wp:featuredmedia":[{"embeddable":true,"href":"https:\/\/blogdoeloiltoncajuhy.com.br\/site\/wp-json\/wp\/v2\/media\/55996"}],"wp:attachment":[{"href":"https:\/\/blogdoeloiltoncajuhy.com.br\/site\/wp-json\/wp\/v2\/media?parent=55995"}],"wp:term":[{"taxonomy":"category","embeddable":true,"href":"https:\/\/blogdoeloiltoncajuhy.com.br\/site\/wp-json\/wp\/v2\/categories?post=55995"},{"taxonomy":"post_tag","embeddable":true,"href":"https:\/\/blogdoeloiltoncajuhy.com.br\/site\/wp-json\/wp\/v2\/tags?post=55995"}],"curies":[{"name":"wp","href":"https:\/\/api.w.org\/{rel}","templated":true}]}}