{"id":55979,"date":"2021-04-29T10:35:03","date_gmt":"2021-04-29T13:35:03","guid":{"rendered":"http:\/\/blogdoeloiltoncajuhy.com.br\/site\/?p=55979"},"modified":"2021-04-29T10:35:04","modified_gmt":"2021-04-29T13:35:04","slug":"comunicado-da-prefeitura-de-andorinha-aos-agricultores-familiares-inscritos-no-garantia-safra","status":"publish","type":"post","link":"https:\/\/blogdoeloiltoncajuhy.com.br\/site\/comunicado-da-prefeitura-de-andorinha-aos-agricultores-familiares-inscritos-no-garantia-safra\/","title":{"rendered":"Comunicado da Prefeitura de Andorinha aos agricultores familiares inscritos no Garantia-safra"},"content":{"rendered":"\n<div class=\"wp-block-image\"><figure class=\"aligncenter size-large\"><a href=\"https:\/\/i0.wp.com\/blogdoeloiltoncajuhy.com.br\/site\/wp-content\/uploads\/2021\/04\/PMA_Secretario-Valtonio.jpg\"><img data-recalc-dims=\"1\" fetchpriority=\"high\" decoding=\"async\" width=\"800\" height=\"448\" src=\"https:\/\/i0.wp.com\/blogdoeloiltoncajuhy.com.br\/site\/wp-content\/uploads\/2021\/04\/PMA_Secretario-Valtonio.jpg?resize=800%2C448\" alt=\"\" class=\"wp-image-55980\" srcset=\"https:\/\/i0.wp.com\/blogdoeloiltoncajuhy.com.br\/site\/wp-content\/uploads\/2021\/04\/PMA_Secretario-Valtonio.jpg?resize=1024%2C574&amp;ssl=1 1024w, https:\/\/i0.wp.com\/blogdoeloiltoncajuhy.com.br\/site\/wp-content\/uploads\/2021\/04\/PMA_Secretario-Valtonio.jpg?resize=300%2C168&amp;ssl=1 300w, https:\/\/i0.wp.com\/blogdoeloiltoncajuhy.com.br\/site\/wp-content\/uploads\/2021\/04\/PMA_Secretario-Valtonio.jpg?resize=768%2C430&amp;ssl=1 768w, https:\/\/i0.wp.com\/blogdoeloiltoncajuhy.com.br\/site\/wp-content\/uploads\/2021\/04\/PMA_Secretario-Valtonio.jpg?w=1067&amp;ssl=1 1067w\" sizes=\"(max-width: 800px) 100vw, 800px\" \/><\/a><\/figure><\/div>\n\n\n\n<p>A Prefeitura Municipal de Andorinha, atrav\u00e9s da Secretaria de Desenvolvimento Rural, informa aos agricultores familiares inscritos no Programa do Garantia-Safra no ano de 2020, que o governo federal prev\u00ea os pagamentos do programa no pr\u00f3ximo m\u00eas de maio.<\/p>\n\n\n\n<p>Informa tamb\u00e9m aos inscritos no ano de 2021, que os boletos ter\u00e3o um prazo maior para pagamento ap\u00f3s o vencimento, entendendo-se at\u00e9 o dia 20 de maio. Qualquer d\u00favida, procure a Secretaria de Desenvolvimento Rural e obtenha mais informa\u00e7\u00f5es sobre o assunto.<\/p>\n\n\n\n<p>Refor\u00e7amos que as redes sociais da Prefeitura Municipal de Andorinha estar\u00e3o noticiando todas as atualiza\u00e7\u00f5es do Programa Garantia-Safra. Fique atento!<\/p>\n","protected":false},"excerpt":{"rendered":"<p>A Prefeitura Municipal de Andorinha, atrav\u00e9s da Secretaria de Desenvolvimento Rural, informa aos agricultores familiares inscritos no Programa do Garantia-Safra no ano de 2020, que o governo federal prev\u00ea os pagamentos do programa no pr\u00f3ximo m\u00eas de maio. Informa tamb\u00e9m aos inscritos no ano de 2021, que os boletos ter\u00e3o um prazo maior para pagamento [&hellip;]<\/p>\n","protected":false},"author":2,"featured_media":55980,"comment_status":"open","ping_status":"open","sticky":false,"template":"","format":"standard","meta":{"_acf_changed":false,"_monsterinsights_skip_tracking":false,"_monsterinsights_sitenote_active":false,"_monsterinsights_sitenote_note":"","_monsterinsights_sitenote_category":0,"_jetpack_memberships_contains_paid_content":false,"footnotes":"","jetpack_publicize_message":"","jetpack_publicize_feature_enabled":true,"jetpack_social_post_already_shared":true,"jetpack_social_options":{"image_generator_settings":{"template":"highway","default_image_id":0,"font":"","enabled":false},"version":2}},"categories":[11],"tags":[],"class_list":["post-55979","post","type-post","status-publish","format-standard","has-post-thumbnail","hentry","category-regional"],"acf":[],"jetpack_publicize_connections":[],"jetpack_featured_media_url":"https:\/\/i0.wp.com\/blogdoeloiltoncajuhy.com.br\/site\/wp-content\/uploads\/2021\/04\/PMA_Secretario-Valtonio.jpg?fit=1067%2C598&ssl=1","jetpack_sharing_enabled":true,"publishpress_future_workflow_manual_trigger":{"enabledWorkflows":[]},"_links":{"self":[{"href":"https:\/\/blogdoeloiltoncajuhy.com.br\/site\/wp-json\/wp\/v2\/posts\/55979","targetHints":{"allow":["GET"]}}],"collection":[{"href":"https:\/\/blogdoeloiltoncajuhy.com.br\/site\/wp-json\/wp\/v2\/posts"}],"about":[{"href":"https:\/\/blogdoeloiltoncajuhy.com.br\/site\/wp-json\/wp\/v2\/types\/post"}],"author":[{"embeddable":true,"href":"https:\/\/blogdoeloiltoncajuhy.com.br\/site\/wp-json\/wp\/v2\/users\/2"}],"replies":[{"embeddable":true,"href":"https:\/\/blogdoeloiltoncajuhy.com.br\/site\/wp-json\/wp\/v2\/comments?post=55979"}],"version-history":[{"count":1,"href":"https:\/\/blogdoeloiltoncajuhy.com.br\/site\/wp-json\/wp\/v2\/posts\/55979\/revisions"}],"predecessor-version":[{"id":55981,"href":"https:\/\/blogdoeloiltoncajuhy.com.br\/site\/wp-json\/wp\/v2\/posts\/55979\/revisions\/55981"}],"wp:featuredmedia":[{"embeddable":true,"href":"https:\/\/blogdoeloiltoncajuhy.com.br\/site\/wp-json\/wp\/v2\/media\/55980"}],"wp:attachment":[{"href":"https:\/\/blogdoeloiltoncajuhy.com.br\/site\/wp-json\/wp\/v2\/media?parent=55979"}],"wp:term":[{"taxonomy":"category","embeddable":true,"href":"https:\/\/blogdoeloiltoncajuhy.com.br\/site\/wp-json\/wp\/v2\/categories?post=55979"},{"taxonomy":"post_tag","embeddable":true,"href":"https:\/\/blogdoeloiltoncajuhy.com.br\/site\/wp-json\/wp\/v2\/tags?post=55979"}],"curies":[{"name":"wp","href":"https:\/\/api.w.org\/{rel}","templated":true}]}}