{"id":55975,"date":"2021-04-29T10:25:36","date_gmt":"2021-04-29T13:25:36","guid":{"rendered":"http:\/\/blogdoeloiltoncajuhy.com.br\/site\/?p=55975"},"modified":"2021-04-29T10:25:37","modified_gmt":"2021-04-29T13:25:37","slug":"industrias-pernambucanas-podem-indicar-trabalhadores-para-capacitacao-gratuita-no-senai","status":"publish","type":"post","link":"https:\/\/blogdoeloiltoncajuhy.com.br\/site\/industrias-pernambucanas-podem-indicar-trabalhadores-para-capacitacao-gratuita-no-senai\/","title":{"rendered":"Ind\u00fastrias pernambucanas podem indicar trabalhadores para capacita\u00e7\u00e3o gratuita no SENAI"},"content":{"rendered":"\n<div class=\"wp-block-image\"><figure class=\"aligncenter size-large\"><a href=\"https:\/\/i0.wp.com\/blogdoeloiltoncajuhy.com.br\/site\/wp-content\/uploads\/2021\/04\/SENAI_Emprega01.jpeg\"><img data-recalc-dims=\"1\" fetchpriority=\"high\" decoding=\"async\" width=\"800\" height=\"452\" src=\"https:\/\/i0.wp.com\/blogdoeloiltoncajuhy.com.br\/site\/wp-content\/uploads\/2021\/04\/SENAI_Emprega01.jpeg?resize=800%2C452\" alt=\"\" class=\"wp-image-55976\" srcset=\"https:\/\/i0.wp.com\/blogdoeloiltoncajuhy.com.br\/site\/wp-content\/uploads\/2021\/04\/SENAI_Emprega01.jpeg?w=929&amp;ssl=1 929w, https:\/\/i0.wp.com\/blogdoeloiltoncajuhy.com.br\/site\/wp-content\/uploads\/2021\/04\/SENAI_Emprega01.jpeg?resize=300%2C170&amp;ssl=1 300w, https:\/\/i0.wp.com\/blogdoeloiltoncajuhy.com.br\/site\/wp-content\/uploads\/2021\/04\/SENAI_Emprega01.jpeg?resize=768%2C434&amp;ssl=1 768w\" sizes=\"(max-width: 800px) 100vw, 800px\" \/><\/a><\/figure><\/div>\n\n\n\n<p>Com o objetivo de capacitar mais profissionais para atender ao setor produtivo, o SENAI Pernambuco est\u00e1 oferecendo cursos gratuitos de qualifica\u00e7\u00e3o e aperfei\u00e7oamento para trabalhadores de todo o Estado. Para isso, a institui\u00e7\u00e3o ir\u00e1 disponibilizar vouchers para as ind\u00fastrias, que ser\u00e3o respons\u00e1veis por indicar os trabalhadores (empregados ou desempregados) para participarem dos cursos. A a\u00e7\u00e3o, que faz parte do Programa Emprega+, ser\u00e1 recorrente, com a oferta de vagas para diferentes cursos ao longo do ano. Para o m\u00eas de maio, mais de 3 mil vouchers estar\u00e3o dispon\u00edveis para cursos semipresenciais, como Mec\u00e2nico de Autom\u00f3veis Leves, Pedreiro de Alvenaria e Assistente de Log\u00edstica, e no formato \u00e0 dist\u00e2ncia, como Gest\u00e3o dos Servi\u00e7os de Manuten\u00e7\u00e3o Automotiva, Leitura e Interpreta\u00e7\u00e3o de Desenho Mec\u00e2nico e Or\u00e7amento de Obras.<\/p>\n\n\n\n<p>O Programa Emprega+ \u00e9 resultado de uma parceria entre o SENAI e o Governo Federal que visa tanto capacitar profissionais desempregados quanto requalificar aqueles que j\u00e1 est\u00e3o atuando na ind\u00fastria, com o intuito de promover a gera\u00e7\u00e3o de emprego e aumentar a produtividade. Por isso, o Programa \u00e9 dividido em duas modalidades: voucher Novo Emprego, que garante o acesso a cursos presenciais de Qualifica\u00e7\u00e3o e prepara o trabalhador para a inser\u00e7\u00e3o no mercado de trabalho, e o voucher Requalifica, que oferece cursos semipresenciais de Aperfei\u00e7oamento, al\u00e9m de desenvolver compet\u00eancias socioemocionais para capacitar o profissional para a Ind\u00fastria 4.0.<\/p>\n\n\n\n<div class=\"wp-block-image\"><figure class=\"aligncenter size-large\"><a href=\"https:\/\/i0.wp.com\/blogdoeloiltoncajuhy.com.br\/site\/wp-content\/uploads\/2021\/04\/SENAI_Emprega02.jpeg\"><img data-recalc-dims=\"1\" decoding=\"async\" width=\"800\" height=\"448\" src=\"https:\/\/i0.wp.com\/blogdoeloiltoncajuhy.com.br\/site\/wp-content\/uploads\/2021\/04\/SENAI_Emprega02.jpeg?resize=800%2C448\" alt=\"\" class=\"wp-image-55977\" srcset=\"https:\/\/i0.wp.com\/blogdoeloiltoncajuhy.com.br\/site\/wp-content\/uploads\/2021\/04\/SENAI_Emprega02.jpeg?resize=1024%2C574&amp;ssl=1 1024w, https:\/\/i0.wp.com\/blogdoeloiltoncajuhy.com.br\/site\/wp-content\/uploads\/2021\/04\/SENAI_Emprega02.jpeg?resize=300%2C168&amp;ssl=1 300w, https:\/\/i0.wp.com\/blogdoeloiltoncajuhy.com.br\/site\/wp-content\/uploads\/2021\/04\/SENAI_Emprega02.jpeg?resize=768%2C431&amp;ssl=1 768w, https:\/\/i0.wp.com\/blogdoeloiltoncajuhy.com.br\/site\/wp-content\/uploads\/2021\/04\/SENAI_Emprega02.jpeg?w=1280&amp;ssl=1 1280w\" sizes=\"(max-width: 800px) 100vw, 800px\" \/><\/a><\/figure><\/div>\n\n\n\n<p>A modalidade \u201cRequalifica\u201d ser\u00e1 direcionada para ind\u00fastrias de micro, pequeno e m\u00e9dio porte &#8211; ou seja, aquelas com at\u00e9 499 empregados, que poder\u00e3o disponibiliz\u00e1-los para seus pr\u00f3prios colaboradores. J\u00e1 os vouchers da modalidade \u201cNovo Emprego\u201d ser\u00e3o disponibilizados para ind\u00fastrias de todos os portes. A quantidade de vouchers dispon\u00edveis para cada ind\u00fastria ser\u00e1 contabilizada automaticamente e levar\u00e1 em considera\u00e7\u00e3o o porte e a quantidade de funcion\u00e1rios da empresa.<\/p>\n\n\n\n<p>De acordo com a diretora regional do SENAI Pernambuco, Camila Barreto, a ideia central do projeto \u00e9 atender melhor e com mais celeridade \u00e0s necessidades das empresas por profissionais qualificados. Por isso, a participa\u00e7\u00e3o das ind\u00fastrias \u00e9 essencial para o projeto. \u201cO nosso foco \u00e9 garantir a produtividade, com o equil\u00edbrio entre oferta e demanda, sem abrir m\u00e3o da qualidade da forma\u00e7\u00e3o. No longo prazo, isso garante os profissionais certos nos espa\u00e7os certos, reduzindo, inclusive, a rotatividade nas ind\u00fastrias\u201d, pontua.<\/p>\n\n\n\n<p><strong>COMO PARTICIPAR<\/strong><\/p>\n\n\n\n<p>As ind\u00fastrias interessadas em participar do SENAI Emprega+ dever\u00e3o entrar em contato com o SENAI Pernambuco atrav\u00e9s do 0800 600 9606, pelo WhatsApp (81) 98816-5665 ou pelo e-mail comercial@sistemafiepe.org.br. Por meio desses contatos, ser\u00e1 poss\u00edvel obter informa\u00e7\u00f5es acerca do cadastro na plataforma do programa e da disponibiliza\u00e7\u00e3o dos vouchers.<\/p>\n","protected":false},"excerpt":{"rendered":"<p>Com o objetivo de capacitar mais profissionais para atender ao setor produtivo, o SENAI Pernambuco est\u00e1 oferecendo cursos gratuitos de qualifica\u00e7\u00e3o e aperfei\u00e7oamento para trabalhadores de todo o Estado. Para isso, a institui\u00e7\u00e3o ir\u00e1 disponibilizar vouchers para as ind\u00fastrias, que ser\u00e3o respons\u00e1veis por indicar os trabalhadores (empregados ou desempregados) para participarem dos cursos. A a\u00e7\u00e3o, [&hellip;]<\/p>\n","protected":false},"author":2,"featured_media":55977,"comment_status":"open","ping_status":"open","sticky":false,"template":"","format":"standard","meta":{"_acf_changed":false,"_monsterinsights_skip_tracking":false,"_monsterinsights_sitenote_active":false,"_monsterinsights_sitenote_note":"","_monsterinsights_sitenote_category":0,"_jetpack_memberships_contains_paid_content":false,"footnotes":"","jetpack_publicize_message":"","jetpack_publicize_feature_enabled":true,"jetpack_social_post_already_shared":true,"jetpack_social_options":{"image_generator_settings":{"template":"highway","default_image_id":0,"font":"","enabled":false},"version":2}},"categories":[1],"tags":[],"class_list":["post-55975","post","type-post","status-publish","format-standard","has-post-thumbnail","hentry","category-noticias"],"acf":[],"jetpack_publicize_connections":[],"jetpack_featured_media_url":"https:\/\/i0.wp.com\/blogdoeloiltoncajuhy.com.br\/site\/wp-content\/uploads\/2021\/04\/SENAI_Emprega02.jpeg?fit=1280%2C718&ssl=1","jetpack_sharing_enabled":true,"publishpress_future_workflow_manual_trigger":{"enabledWorkflows":[]},"_links":{"self":[{"href":"https:\/\/blogdoeloiltoncajuhy.com.br\/site\/wp-json\/wp\/v2\/posts\/55975","targetHints":{"allow":["GET"]}}],"collection":[{"href":"https:\/\/blogdoeloiltoncajuhy.com.br\/site\/wp-json\/wp\/v2\/posts"}],"about":[{"href":"https:\/\/blogdoeloiltoncajuhy.com.br\/site\/wp-json\/wp\/v2\/types\/post"}],"author":[{"embeddable":true,"href":"https:\/\/blogdoeloiltoncajuhy.com.br\/site\/wp-json\/wp\/v2\/users\/2"}],"replies":[{"embeddable":true,"href":"https:\/\/blogdoeloiltoncajuhy.com.br\/site\/wp-json\/wp\/v2\/comments?post=55975"}],"version-history":[{"count":1,"href":"https:\/\/blogdoeloiltoncajuhy.com.br\/site\/wp-json\/wp\/v2\/posts\/55975\/revisions"}],"predecessor-version":[{"id":55978,"href":"https:\/\/blogdoeloiltoncajuhy.com.br\/site\/wp-json\/wp\/v2\/posts\/55975\/revisions\/55978"}],"wp:featuredmedia":[{"embeddable":true,"href":"https:\/\/blogdoeloiltoncajuhy.com.br\/site\/wp-json\/wp\/v2\/media\/55977"}],"wp:attachment":[{"href":"https:\/\/blogdoeloiltoncajuhy.com.br\/site\/wp-json\/wp\/v2\/media?parent=55975"}],"wp:term":[{"taxonomy":"category","embeddable":true,"href":"https:\/\/blogdoeloiltoncajuhy.com.br\/site\/wp-json\/wp\/v2\/categories?post=55975"},{"taxonomy":"post_tag","embeddable":true,"href":"https:\/\/blogdoeloiltoncajuhy.com.br\/site\/wp-json\/wp\/v2\/tags?post=55975"}],"curies":[{"name":"wp","href":"https:\/\/api.w.org\/{rel}","templated":true}]}}