{"id":55958,"date":"2021-04-28T07:41:56","date_gmt":"2021-04-28T10:41:56","guid":{"rendered":"http:\/\/blogdoeloiltoncajuhy.com.br\/site\/?p=55958"},"modified":"2021-04-28T07:41:57","modified_gmt":"2021-04-28T10:41:57","slug":"mandetta-deve-dar-o-primeiro-depoimento-na-cpi-da-pandemia","status":"publish","type":"post","link":"https:\/\/blogdoeloiltoncajuhy.com.br\/site\/mandetta-deve-dar-o-primeiro-depoimento-na-cpi-da-pandemia\/","title":{"rendered":"Mandetta deve dar o primeiro depoimento na CPI da Pandemia"},"content":{"rendered":"\n<h5 class=\"has-text-align-center wp-block-heading\"><em>O plano de trabalho proposto pelo relator Renan Calheiros (MDB-AL) para a CPI da Pandemia deve ser votado na quinta-feira (29). A previs\u00e3o \u00e9 de que o ex-ministro da sa\u00fade Luiz Henrique Mandetta dar\u00e1 o primeiro depoimento, na pr\u00f3xima ter\u00e7a (4)<\/em><\/h5>\n\n\n\n<div class=\"wp-block-image\"><figure class=\"aligncenter size-large\"><a href=\"https:\/\/i0.wp.com\/blogdoeloiltoncajuhy.com.br\/site\/wp-content\/uploads\/2021\/04\/CPI_COVID_01.jpeg\"><img data-recalc-dims=\"1\" fetchpriority=\"high\" decoding=\"async\" width=\"675\" height=\"450\" src=\"https:\/\/i0.wp.com\/blogdoeloiltoncajuhy.com.br\/site\/wp-content\/uploads\/2021\/04\/CPI_COVID_01.jpeg?resize=675%2C450\" alt=\"\" class=\"wp-image-55959\" srcset=\"https:\/\/i0.wp.com\/blogdoeloiltoncajuhy.com.br\/site\/wp-content\/uploads\/2021\/04\/CPI_COVID_01.jpeg?w=675&amp;ssl=1 675w, https:\/\/i0.wp.com\/blogdoeloiltoncajuhy.com.br\/site\/wp-content\/uploads\/2021\/04\/CPI_COVID_01.jpeg?resize=300%2C200&amp;ssl=1 300w\" sizes=\"(max-width: 675px) 100vw, 675px\" \/><\/a><figcaption><em>Foto: Jefferson Rudy\/Ag\u00eancia Senado<\/em><\/figcaption><\/figure><\/div>\n\n\n\n<p>O relator da CPI da Pandemia, senador Renan Calheiros, do MDB de Alagoas, solicitou colabora\u00e7\u00f5es e sugest\u00f5es dos demais integrantes da Comiss\u00e3o para a constru\u00e7\u00e3o do plano de trabalho do colegiado. Renan j\u00e1 adiantou alguns pedidos de informa\u00e7\u00f5es e as convoca\u00e7\u00f5es do atual e dos ex-ministros da sa\u00fade do governo Jair Bolsonaro e do diretor-presidente da Anvisa, Ant\u00f4nio Barra Torres. Esses requerimentos est\u00e3o pautados para a pr\u00f3xima reuni\u00e3o da CPI. Renan afirmou que ser\u00e1 um relator democr\u00e1tico:<\/p>\n\n\n\n<p><em>&#8220;Propostas para um plano de trabalho poder faz\u00ea-lo, para que eventualmente n\u00e3o pare\u00e7a que isso \u00e9 uma proposta ou do Alessandro, ou do Randolfe, ou do Renan, ou do Humberto Costa apenas. Tudo aqui ser\u00e1 votado pela maioria, e eu, na medida em que o trabalho avance, serei cada vez menos um Relator monocr\u00e1tico, porque quero ser um sistematizador, um redator de tudo que evidentemente se discute aqui&#8221;<\/em>.<\/p>\n\n\n\n<p>A reuni\u00e3o para vota\u00e7\u00e3o do plano de trabalho acontece na quinta-feira, 29 de abril, \u00e0s 9 da manh\u00e3. De acordo com o presidente da Comiss\u00e3o, senador Omar Aziz, do PSD do Amazonas, o ex-ministro da sa\u00fade Luiz Henrique Mandetta deve ser ouvido pela comiss\u00e3o na ter\u00e7a-feira, 04 de maio.<\/p>\n","protected":false},"excerpt":{"rendered":"<p>O plano de trabalho proposto pelo relator Renan Calheiros (MDB-AL) para a CPI da Pandemia deve ser votado na quinta-feira (29). A previs\u00e3o \u00e9 de que o ex-ministro da sa\u00fade Luiz Henrique Mandetta dar\u00e1 o primeiro depoimento, na pr\u00f3xima ter\u00e7a (4) O relator da CPI da Pandemia, senador Renan Calheiros, do MDB de Alagoas, solicitou [&hellip;]<\/p>\n","protected":false},"author":2,"featured_media":55959,"comment_status":"open","ping_status":"open","sticky":false,"template":"","format":"standard","meta":{"_acf_changed":false,"_monsterinsights_skip_tracking":false,"_monsterinsights_sitenote_active":false,"_monsterinsights_sitenote_note":"","_monsterinsights_sitenote_category":0,"_jetpack_memberships_contains_paid_content":false,"footnotes":"","jetpack_publicize_message":"","jetpack_publicize_feature_enabled":true,"jetpack_social_post_already_shared":true,"jetpack_social_options":{"image_generator_settings":{"template":"highway","default_image_id":0,"font":"","enabled":false},"version":2}},"categories":[3],"tags":[],"class_list":["post-55958","post","type-post","status-publish","format-standard","has-post-thumbnail","hentry","category-politica"],"acf":[],"jetpack_publicize_connections":[],"jetpack_featured_media_url":"https:\/\/i0.wp.com\/blogdoeloiltoncajuhy.com.br\/site\/wp-content\/uploads\/2021\/04\/CPI_COVID_01.jpeg?fit=675%2C450&ssl=1","jetpack_sharing_enabled":true,"publishpress_future_workflow_manual_trigger":{"enabledWorkflows":[]},"_links":{"self":[{"href":"https:\/\/blogdoeloiltoncajuhy.com.br\/site\/wp-json\/wp\/v2\/posts\/55958","targetHints":{"allow":["GET"]}}],"collection":[{"href":"https:\/\/blogdoeloiltoncajuhy.com.br\/site\/wp-json\/wp\/v2\/posts"}],"about":[{"href":"https:\/\/blogdoeloiltoncajuhy.com.br\/site\/wp-json\/wp\/v2\/types\/post"}],"author":[{"embeddable":true,"href":"https:\/\/blogdoeloiltoncajuhy.com.br\/site\/wp-json\/wp\/v2\/users\/2"}],"replies":[{"embeddable":true,"href":"https:\/\/blogdoeloiltoncajuhy.com.br\/site\/wp-json\/wp\/v2\/comments?post=55958"}],"version-history":[{"count":2,"href":"https:\/\/blogdoeloiltoncajuhy.com.br\/site\/wp-json\/wp\/v2\/posts\/55958\/revisions"}],"predecessor-version":[{"id":55961,"href":"https:\/\/blogdoeloiltoncajuhy.com.br\/site\/wp-json\/wp\/v2\/posts\/55958\/revisions\/55961"}],"wp:featuredmedia":[{"embeddable":true,"href":"https:\/\/blogdoeloiltoncajuhy.com.br\/site\/wp-json\/wp\/v2\/media\/55959"}],"wp:attachment":[{"href":"https:\/\/blogdoeloiltoncajuhy.com.br\/site\/wp-json\/wp\/v2\/media?parent=55958"}],"wp:term":[{"taxonomy":"category","embeddable":true,"href":"https:\/\/blogdoeloiltoncajuhy.com.br\/site\/wp-json\/wp\/v2\/categories?post=55958"},{"taxonomy":"post_tag","embeddable":true,"href":"https:\/\/blogdoeloiltoncajuhy.com.br\/site\/wp-json\/wp\/v2\/tags?post=55958"}],"curies":[{"name":"wp","href":"https:\/\/api.w.org\/{rel}","templated":true}]}}