{"id":55955,"date":"2021-04-28T07:22:55","date_gmt":"2021-04-28T10:22:55","guid":{"rendered":"http:\/\/blogdoeloiltoncajuhy.com.br\/site\/?p=55955"},"modified":"2021-04-28T07:22:56","modified_gmt":"2021-04-28T10:22:56","slug":"no-plenario-da-camara-deputadas-lembram-efeitos-da-pandemia-sobre-domesticas","status":"publish","type":"post","link":"https:\/\/blogdoeloiltoncajuhy.com.br\/site\/no-plenario-da-camara-deputadas-lembram-efeitos-da-pandemia-sobre-domesticas\/","title":{"rendered":"No plen\u00e1rio da C\u00e2mara, deputadas lembram efeitos da pandemia sobre dom\u00e9sticas"},"content":{"rendered":"\n<div class=\"wp-block-image\"><figure class=\"aligncenter size-full is-resized\"><a href=\"https:\/\/i0.wp.com\/blogdoeloiltoncajuhy.com.br\/site\/wp-content\/uploads\/2018\/08\/camara_deputados_ago2018.jpg\"><img data-recalc-dims=\"1\" fetchpriority=\"high\" decoding=\"async\" src=\"https:\/\/i0.wp.com\/blogdoeloiltoncajuhy.com.br\/site\/wp-content\/uploads\/2018\/08\/camara_deputados_ago2018.jpg?resize=710%2C440\" alt=\"\" class=\"wp-image-27191\" width=\"710\" height=\"440\" srcset=\"https:\/\/i0.wp.com\/blogdoeloiltoncajuhy.com.br\/site\/wp-content\/uploads\/2018\/08\/camara_deputados_ago2018.jpg?w=500&amp;ssl=1 500w, https:\/\/i0.wp.com\/blogdoeloiltoncajuhy.com.br\/site\/wp-content\/uploads\/2018\/08\/camara_deputados_ago2018.jpg?resize=300%2C186&amp;ssl=1 300w, https:\/\/i0.wp.com\/blogdoeloiltoncajuhy.com.br\/site\/wp-content\/uploads\/2018\/08\/camara_deputados_ago2018.jpg?resize=250%2C155&amp;ssl=1 250w\" sizes=\"(max-width: 710px) 100vw, 710px\" \/><\/a><\/figure><\/div>\n\n\n\n<p>Elas s\u00e3o 7 milh\u00f5es no Brasil, a maioria mulheres negras, de baixa escolaridade e uma das categorias mais afetadas pelos efeitos econ\u00f4micos da pandemia de Covid-19.<\/p>\n\n\n\n<p>As empregadas dom\u00e9sticas foram lembradas por deputadas de v\u00e1rios partidos no Plen\u00e1rio da C\u00e2mara nesta ter\u00e7a-feira (27), quando se comemorou o dia dessas pessoas que s\u00f3 tiveram seus direitos trabalhistas equiparados aos demais trabalhadores h\u00e1 menos de dez anos no Brasil.<\/p>\n\n\n\n<p>A deputada Celina Le\u00e3o (PP-DF), coordenadora da Secretaria da Mulher da C\u00e2mara, anunciou a realiza\u00e7\u00e3o de um semin\u00e1rio par tratar da situa\u00e7\u00e3o das empregadas dom\u00e9sticas no pa\u00eds no dia 10 de maio.<\/p>\n\n\n\n<p>Celina Le\u00e3o, que tamb\u00e9m \u00e9 relatora do projeto (PL 1011\/20) que define as categorias priorit\u00e1rias para vacina\u00e7\u00e3o, pediu a conclus\u00e3o da vota\u00e7\u00e3o da proposta em Plen\u00e1rio e a aprecia\u00e7\u00e3o de um destaque apresentado pela deputada Benedita da Silva, que inclui as dom\u00e9sticas na lista.<\/p>\n\n\n\n<p><em>\u201cA maior homenagem que n\u00f3s podemos fazer \u00e9 votar o destaque do projeto 1011, o destaque da deputada Benedita, que com muita sabedoria, incluiu as nossas trabalhadoras dom\u00e9sticas em grupos priorit\u00e1rios da vacina\u00e7\u00e3o. N\u00f3s sabemos que essas mulheres n\u00e3o podem parar, sabemos das dificuldades de todas elas, que muitas ainda est\u00e3o em condi\u00e7\u00f5es an\u00e1logas \u00e0 escravid\u00e3o\u201d<\/em>.<\/p>\n\n\n\n<p>O substitutivo apresentado por Celina Le\u00e3o d\u00e1 prioridade para vacina\u00e7\u00e3o de caminhoneiros, trabalhadores de transporte coletivo rodovi\u00e1rio de passageiros, pessoas com doen\u00e7as cr\u00f4nicas, entre outros.<\/p>\n\n\n\n<p>A deputada Erika Kokay (PT-DF) chamou a aten\u00e7\u00e3o para os efeitos da pandemia na vida dessas mulheres.<\/p>\n\n\n\n<p><em>\u201cN\u00f3s temos v\u00e1rios casos, dezenas de casos de c\u00e1rcere privado, de pessoas, empregadas dom\u00e9sticas que est\u00e3o sendo proibidas de sair das casas de onde trabalham para que n\u00e3o possam estar circulando e carregarem o v\u00edrus. Ent\u00e3o, portanto, estamos vivenciando uma situa\u00e7\u00e3o extremamente dram\u00e1tica\u201d<\/em>.<\/p>\n\n\n\n<p>A deputada Benedita da Silva (PT-RJ), que j\u00e1 foi empregada dom\u00e9stica, disse que a pandemia j\u00e1 causou a demiss\u00e3o de 2 milh\u00f5es de trabalhadores dom\u00e9sticos.<\/p>\n\n\n\n<p><em>\u201cNeste momento de pandemia principalmente, n\u00f3s perdemos mais de 2 milh\u00f5es de postos de trabalho para estas mulheres. A maioria dessas mulheres s\u00e3o mulheres negras porque trabalhadora dom\u00e9stica vem de um hist\u00f3rico tremendo e terr\u00edvel, que \u00e9 do regime escravocrata. Ent\u00e3o n\u00f3s vimos esses empregos sumirem\u201d<\/em>.<\/p>\n\n\n\n<p>A deputada Tal\u00edria Petrone (Psol-RJ) lembrou que a primeira pessoa a morrer de Covid-19 no Brasil foi uma empregada dom\u00e9stica, contaminada pelos patr\u00f5es.<\/p>\n","protected":false},"excerpt":{"rendered":"<p>Elas s\u00e3o 7 milh\u00f5es no Brasil, a maioria mulheres negras, de baixa escolaridade e uma das categorias mais afetadas pelos efeitos econ\u00f4micos da pandemia de Covid-19. As empregadas dom\u00e9sticas foram lembradas por deputadas de v\u00e1rios partidos no Plen\u00e1rio da C\u00e2mara nesta ter\u00e7a-feira (27), quando se comemorou o dia dessas pessoas que s\u00f3 tiveram seus direitos [&hellip;]<\/p>\n","protected":false},"author":2,"featured_media":27397,"comment_status":"open","ping_status":"open","sticky":false,"template":"","format":"standard","meta":{"_acf_changed":false,"_monsterinsights_skip_tracking":false,"_monsterinsights_sitenote_active":false,"_monsterinsights_sitenote_note":"","_monsterinsights_sitenote_category":0,"_jetpack_memberships_contains_paid_content":false,"footnotes":"","jetpack_publicize_message":"","jetpack_publicize_feature_enabled":true,"jetpack_social_post_already_shared":true,"jetpack_social_options":{"image_generator_settings":{"template":"highway","default_image_id":0,"font":"","enabled":false},"version":2}},"categories":[3],"tags":[],"class_list":["post-55955","post","type-post","status-publish","format-standard","has-post-thumbnail","hentry","category-politica"],"acf":[],"jetpack_publicize_connections":[],"jetpack_featured_media_url":"https:\/\/i0.wp.com\/blogdoeloiltoncajuhy.com.br\/site\/wp-content\/uploads\/2018\/08\/camara_deputados_ago2018-02.jpg?fit=600%2C400&ssl=1","jetpack_sharing_enabled":true,"publishpress_future_workflow_manual_trigger":{"enabledWorkflows":[]},"_links":{"self":[{"href":"https:\/\/blogdoeloiltoncajuhy.com.br\/site\/wp-json\/wp\/v2\/posts\/55955","targetHints":{"allow":["GET"]}}],"collection":[{"href":"https:\/\/blogdoeloiltoncajuhy.com.br\/site\/wp-json\/wp\/v2\/posts"}],"about":[{"href":"https:\/\/blogdoeloiltoncajuhy.com.br\/site\/wp-json\/wp\/v2\/types\/post"}],"author":[{"embeddable":true,"href":"https:\/\/blogdoeloiltoncajuhy.com.br\/site\/wp-json\/wp\/v2\/users\/2"}],"replies":[{"embeddable":true,"href":"https:\/\/blogdoeloiltoncajuhy.com.br\/site\/wp-json\/wp\/v2\/comments?post=55955"}],"version-history":[{"count":2,"href":"https:\/\/blogdoeloiltoncajuhy.com.br\/site\/wp-json\/wp\/v2\/posts\/55955\/revisions"}],"predecessor-version":[{"id":55957,"href":"https:\/\/blogdoeloiltoncajuhy.com.br\/site\/wp-json\/wp\/v2\/posts\/55955\/revisions\/55957"}],"wp:featuredmedia":[{"embeddable":true,"href":"https:\/\/blogdoeloiltoncajuhy.com.br\/site\/wp-json\/wp\/v2\/media\/27397"}],"wp:attachment":[{"href":"https:\/\/blogdoeloiltoncajuhy.com.br\/site\/wp-json\/wp\/v2\/media?parent=55955"}],"wp:term":[{"taxonomy":"category","embeddable":true,"href":"https:\/\/blogdoeloiltoncajuhy.com.br\/site\/wp-json\/wp\/v2\/categories?post=55955"},{"taxonomy":"post_tag","embeddable":true,"href":"https:\/\/blogdoeloiltoncajuhy.com.br\/site\/wp-json\/wp\/v2\/tags?post=55955"}],"curies":[{"name":"wp","href":"https:\/\/api.w.org\/{rel}","templated":true}]}}