{"id":55948,"date":"2021-04-27T21:35:21","date_gmt":"2021-04-28T00:35:21","guid":{"rendered":"http:\/\/blogdoeloiltoncajuhy.com.br\/site\/?p=55948"},"modified":"2021-04-27T21:35:23","modified_gmt":"2021-04-28T00:35:23","slug":"prefeito-renato-brandao-discute-acoes-para-o-desenvolvimento-rural-de-andorinha","status":"publish","type":"post","link":"https:\/\/blogdoeloiltoncajuhy.com.br\/site\/prefeito-renato-brandao-discute-acoes-para-o-desenvolvimento-rural-de-andorinha\/","title":{"rendered":"Prefeito Renato Brand\u00e3o discute a\u00e7\u00f5es para o desenvolvimento rural de Andorinha"},"content":{"rendered":"\n<div class=\"wp-block-image\"><figure class=\"aligncenter size-large\"><a href=\"https:\/\/i0.wp.com\/blogdoeloiltoncajuhy.com.br\/site\/wp-content\/uploads\/2021\/04\/PMA_Encontro-SDR-01.jpeg\"><img data-recalc-dims=\"1\" fetchpriority=\"high\" decoding=\"async\" width=\"800\" height=\"389\" src=\"https:\/\/i0.wp.com\/blogdoeloiltoncajuhy.com.br\/site\/wp-content\/uploads\/2021\/04\/PMA_Encontro-SDR-01.jpeg?resize=800%2C389\" alt=\"\" class=\"wp-image-55949\" srcset=\"https:\/\/i0.wp.com\/blogdoeloiltoncajuhy.com.br\/site\/wp-content\/uploads\/2021\/04\/PMA_Encontro-SDR-01.jpeg?resize=1024%2C498&amp;ssl=1 1024w, https:\/\/i0.wp.com\/blogdoeloiltoncajuhy.com.br\/site\/wp-content\/uploads\/2021\/04\/PMA_Encontro-SDR-01.jpeg?resize=300%2C146&amp;ssl=1 300w, https:\/\/i0.wp.com\/blogdoeloiltoncajuhy.com.br\/site\/wp-content\/uploads\/2021\/04\/PMA_Encontro-SDR-01.jpeg?resize=768%2C373&amp;ssl=1 768w, https:\/\/i0.wp.com\/blogdoeloiltoncajuhy.com.br\/site\/wp-content\/uploads\/2021\/04\/PMA_Encontro-SDR-01.jpeg?w=1280&amp;ssl=1 1280w\" sizes=\"(max-width: 800px) 100vw, 800px\" \/><\/a><\/figure><\/div>\n\n\n\n<p>Na \u00faltima segunda-feira, 26, o Prefeito Renato Brand\u00e3o participou de uma reuni\u00e3o na Secret\u00e1ria de Desenvolvimento Rural (SDR) ao lado do deputado estadual Euclides Fernandes, para debater assuntos referentes ao desenvolvimento rural do munic\u00edpio de Andorinha.<\/p>\n\n\n\n<p>O Prefeito esteve em Salvador, acompanhado dos vereadores Jairo Duarte e Jos\u00e9 Albino (Z\u00e9 da Paz) e do representante da Secretaria de Desenvolvimento Rural, Ant\u00f4nio Salgado, para solicitar a implanta\u00e7\u00e3o de um abatedouro de pequeno porte no centro de reprodu\u00e7\u00e3o de Andorinha. Na pauta tamb\u00e9m, as atividades do Programa Pr\u00f3-Semi\u00e1rido e a continuidade do programa de melhoramento gen\u00e9tico atrav\u00e9s de insemina\u00e7\u00e3o artificial para produ\u00e7\u00e3o de bovino leiteiro e de corte no munic\u00edpio de Andorinha. A reuni\u00e3o contou com as presen\u00e7as do secret\u00e1rio da SDR, Josias Gomes, e do t\u00e9cnico da CAR, Nelson Santana.<\/p>\n\n\n\n<div class=\"wp-block-image\"><figure class=\"aligncenter size-large\"><a href=\"https:\/\/i0.wp.com\/blogdoeloiltoncajuhy.com.br\/site\/wp-content\/uploads\/2021\/04\/PMA_Encontro-SDR-02.jpeg\"><img data-recalc-dims=\"1\" decoding=\"async\" width=\"800\" height=\"389\" src=\"https:\/\/i0.wp.com\/blogdoeloiltoncajuhy.com.br\/site\/wp-content\/uploads\/2021\/04\/PMA_Encontro-SDR-02.jpeg?resize=800%2C389\" alt=\"\" class=\"wp-image-55950\" srcset=\"https:\/\/i0.wp.com\/blogdoeloiltoncajuhy.com.br\/site\/wp-content\/uploads\/2021\/04\/PMA_Encontro-SDR-02.jpeg?resize=1024%2C498&amp;ssl=1 1024w, https:\/\/i0.wp.com\/blogdoeloiltoncajuhy.com.br\/site\/wp-content\/uploads\/2021\/04\/PMA_Encontro-SDR-02.jpeg?resize=300%2C146&amp;ssl=1 300w, https:\/\/i0.wp.com\/blogdoeloiltoncajuhy.com.br\/site\/wp-content\/uploads\/2021\/04\/PMA_Encontro-SDR-02.jpeg?resize=768%2C373&amp;ssl=1 768w, https:\/\/i0.wp.com\/blogdoeloiltoncajuhy.com.br\/site\/wp-content\/uploads\/2021\/04\/PMA_Encontro-SDR-02.jpeg?w=1280&amp;ssl=1 1280w\" sizes=\"(max-width: 800px) 100vw, 800px\" \/><\/a><\/figure><\/div>\n\n\n\n<p><em>\u201cNosso munic\u00edpio j\u00e1 conta com muitos programas que beneficiam o produtor rural. As atividades da equipe da Secretaria de Desenvolvimento Rural s\u00e3o constantes para oferecer o melhor para o homem do campo, no entanto, o nosso objetivo \u00e9 fazer muito mais. Contamos com essa parceria junto ao estado para oferecermos uma qualidade de vida melhor ao nosso povo. Todos os esfor\u00e7os s\u00e3o v\u00e1lidos. Estamos em busca de mais conquistas e desenvolvimento para Andorinha\u201d<\/em>, ressaltou Renato Brand\u00e3o.<\/p>\n","protected":false},"excerpt":{"rendered":"<p>Na \u00faltima segunda-feira, 26, o Prefeito Renato Brand\u00e3o participou de uma reuni\u00e3o na Secret\u00e1ria de Desenvolvimento Rural (SDR) ao lado do deputado estadual Euclides Fernandes, para debater assuntos referentes ao desenvolvimento rural do munic\u00edpio de Andorinha. O Prefeito esteve em Salvador, acompanhado dos vereadores Jairo Duarte e Jos\u00e9 Albino (Z\u00e9 da Paz) e do representante [&hellip;]<\/p>\n","protected":false},"author":2,"featured_media":55950,"comment_status":"open","ping_status":"open","sticky":false,"template":"","format":"standard","meta":{"_acf_changed":false,"_monsterinsights_skip_tracking":false,"_monsterinsights_sitenote_active":false,"_monsterinsights_sitenote_note":"","_monsterinsights_sitenote_category":0,"_jetpack_memberships_contains_paid_content":false,"footnotes":"","jetpack_publicize_message":"","jetpack_publicize_feature_enabled":true,"jetpack_social_post_already_shared":true,"jetpack_social_options":{"image_generator_settings":{"template":"highway","default_image_id":0,"font":"","enabled":false},"version":2}},"categories":[11],"tags":[],"class_list":["post-55948","post","type-post","status-publish","format-standard","has-post-thumbnail","hentry","category-regional"],"acf":[],"jetpack_publicize_connections":[],"jetpack_featured_media_url":"https:\/\/i0.wp.com\/blogdoeloiltoncajuhy.com.br\/site\/wp-content\/uploads\/2021\/04\/PMA_Encontro-SDR-02.jpeg?fit=1280%2C622&ssl=1","jetpack_sharing_enabled":true,"publishpress_future_workflow_manual_trigger":{"enabledWorkflows":[]},"_links":{"self":[{"href":"https:\/\/blogdoeloiltoncajuhy.com.br\/site\/wp-json\/wp\/v2\/posts\/55948","targetHints":{"allow":["GET"]}}],"collection":[{"href":"https:\/\/blogdoeloiltoncajuhy.com.br\/site\/wp-json\/wp\/v2\/posts"}],"about":[{"href":"https:\/\/blogdoeloiltoncajuhy.com.br\/site\/wp-json\/wp\/v2\/types\/post"}],"author":[{"embeddable":true,"href":"https:\/\/blogdoeloiltoncajuhy.com.br\/site\/wp-json\/wp\/v2\/users\/2"}],"replies":[{"embeddable":true,"href":"https:\/\/blogdoeloiltoncajuhy.com.br\/site\/wp-json\/wp\/v2\/comments?post=55948"}],"version-history":[{"count":1,"href":"https:\/\/blogdoeloiltoncajuhy.com.br\/site\/wp-json\/wp\/v2\/posts\/55948\/revisions"}],"predecessor-version":[{"id":55951,"href":"https:\/\/blogdoeloiltoncajuhy.com.br\/site\/wp-json\/wp\/v2\/posts\/55948\/revisions\/55951"}],"wp:featuredmedia":[{"embeddable":true,"href":"https:\/\/blogdoeloiltoncajuhy.com.br\/site\/wp-json\/wp\/v2\/media\/55950"}],"wp:attachment":[{"href":"https:\/\/blogdoeloiltoncajuhy.com.br\/site\/wp-json\/wp\/v2\/media?parent=55948"}],"wp:term":[{"taxonomy":"category","embeddable":true,"href":"https:\/\/blogdoeloiltoncajuhy.com.br\/site\/wp-json\/wp\/v2\/categories?post=55948"},{"taxonomy":"post_tag","embeddable":true,"href":"https:\/\/blogdoeloiltoncajuhy.com.br\/site\/wp-json\/wp\/v2\/tags?post=55948"}],"curies":[{"name":"wp","href":"https:\/\/api.w.org\/{rel}","templated":true}]}}