{"id":55944,"date":"2021-04-27T21:21:21","date_gmt":"2021-04-28T00:21:21","guid":{"rendered":"http:\/\/blogdoeloiltoncajuhy.com.br\/site\/?p=55944"},"modified":"2021-04-27T21:21:22","modified_gmt":"2021-04-28T00:21:22","slug":"estelionatario-foragido-da-justica-do-para-e-preso-pela-prf-em-senhor-do-bonfim","status":"publish","type":"post","link":"https:\/\/blogdoeloiltoncajuhy.com.br\/site\/estelionatario-foragido-da-justica-do-para-e-preso-pela-prf-em-senhor-do-bonfim\/","title":{"rendered":"Estelionat\u00e1rio foragido da Justi\u00e7a do Par\u00e1 \u00e9 preso pela PRF em Senhor do Bonfim"},"content":{"rendered":"\n<h5 class=\"has-text-align-center wp-block-heading\"><em>O homem foi abordado quando conduzia um ve\u00edculo de luxo<\/em><\/h5>\n\n\n\n<div class=\"wp-block-image\"><figure class=\"aligncenter size-large\"><a href=\"https:\/\/i0.wp.com\/blogdoeloiltoncajuhy.com.br\/site\/wp-content\/uploads\/2021\/04\/PRF_CarroLuxoBonfim.jpeg\"><img data-recalc-dims=\"1\" fetchpriority=\"high\" decoding=\"async\" width=\"768\" height=\"576\" src=\"https:\/\/i0.wp.com\/blogdoeloiltoncajuhy.com.br\/site\/wp-content\/uploads\/2021\/04\/PRF_CarroLuxoBonfim.jpeg?resize=768%2C576\" alt=\"\" class=\"wp-image-55945\" srcset=\"https:\/\/i0.wp.com\/blogdoeloiltoncajuhy.com.br\/site\/wp-content\/uploads\/2021\/04\/PRF_CarroLuxoBonfim.jpeg?w=768&amp;ssl=1 768w, https:\/\/i0.wp.com\/blogdoeloiltoncajuhy.com.br\/site\/wp-content\/uploads\/2021\/04\/PRF_CarroLuxoBonfim.jpeg?resize=300%2C225&amp;ssl=1 300w\" sizes=\"(max-width: 768px) 100vw, 768px\" \/><\/a><\/figure><\/div>\n\n\n\n<p>Um homem de 35 anos foi preso pela Pol\u00edcia Rodovi\u00e1ria Federal (PRF). Foi verificado pela equipe de policiais que contra ele existia um mandado de pris\u00e3o em aberto, expedido em fevereiro deste ano, 2021.<\/p>\n\n\n\n<p>Os PRFs fiscalizavam no KM 117 da BR 407, quando abordaram um I\/M.Benz GLA250 para verifica\u00e7\u00e3o. Durante os procedimentos, foi descoberto que o homem \u00e9 acusado de estelionato e apropria\u00e7\u00e3o ind\u00e9bita, atrav\u00e9s de mandado expedido pela Vara Criminal de Itaituba (PA).<\/p>\n\n\n\n<p>Ele foi preso e encaminhado \u00e0 Delegacia de Pol\u00edcia Judici\u00e1ria local para ado\u00e7\u00e3o das medidas cab\u00edveis.<\/p>\n","protected":false},"excerpt":{"rendered":"<p>O homem foi abordado quando conduzia um ve\u00edculo de luxo Um homem de 35 anos foi preso pela Pol\u00edcia Rodovi\u00e1ria Federal (PRF). Foi verificado pela equipe de policiais que contra ele existia um mandado de pris\u00e3o em aberto, expedido em fevereiro deste ano, 2021. Os PRFs fiscalizavam no KM 117 da BR 407, quando abordaram [&hellip;]<\/p>\n","protected":false},"author":2,"featured_media":55945,"comment_status":"open","ping_status":"open","sticky":false,"template":"","format":"standard","meta":{"_acf_changed":false,"_monsterinsights_skip_tracking":false,"_monsterinsights_sitenote_active":false,"_monsterinsights_sitenote_note":"","_monsterinsights_sitenote_category":0,"_jetpack_memberships_contains_paid_content":false,"footnotes":"","jetpack_publicize_message":"","jetpack_publicize_feature_enabled":true,"jetpack_social_post_already_shared":true,"jetpack_social_options":{"image_generator_settings":{"template":"highway","default_image_id":0,"font":"","enabled":false},"version":2}},"categories":[15],"tags":[],"class_list":["post-55944","post","type-post","status-publish","format-standard","has-post-thumbnail","hentry","category-policia"],"acf":[],"jetpack_publicize_connections":[],"jetpack_featured_media_url":"https:\/\/i0.wp.com\/blogdoeloiltoncajuhy.com.br\/site\/wp-content\/uploads\/2021\/04\/PRF_CarroLuxoBonfim.jpeg?fit=768%2C576&ssl=1","jetpack_sharing_enabled":true,"publishpress_future_workflow_manual_trigger":{"enabledWorkflows":[]},"_links":{"self":[{"href":"https:\/\/blogdoeloiltoncajuhy.com.br\/site\/wp-json\/wp\/v2\/posts\/55944","targetHints":{"allow":["GET"]}}],"collection":[{"href":"https:\/\/blogdoeloiltoncajuhy.com.br\/site\/wp-json\/wp\/v2\/posts"}],"about":[{"href":"https:\/\/blogdoeloiltoncajuhy.com.br\/site\/wp-json\/wp\/v2\/types\/post"}],"author":[{"embeddable":true,"href":"https:\/\/blogdoeloiltoncajuhy.com.br\/site\/wp-json\/wp\/v2\/users\/2"}],"replies":[{"embeddable":true,"href":"https:\/\/blogdoeloiltoncajuhy.com.br\/site\/wp-json\/wp\/v2\/comments?post=55944"}],"version-history":[{"count":2,"href":"https:\/\/blogdoeloiltoncajuhy.com.br\/site\/wp-json\/wp\/v2\/posts\/55944\/revisions"}],"predecessor-version":[{"id":55947,"href":"https:\/\/blogdoeloiltoncajuhy.com.br\/site\/wp-json\/wp\/v2\/posts\/55944\/revisions\/55947"}],"wp:featuredmedia":[{"embeddable":true,"href":"https:\/\/blogdoeloiltoncajuhy.com.br\/site\/wp-json\/wp\/v2\/media\/55945"}],"wp:attachment":[{"href":"https:\/\/blogdoeloiltoncajuhy.com.br\/site\/wp-json\/wp\/v2\/media?parent=55944"}],"wp:term":[{"taxonomy":"category","embeddable":true,"href":"https:\/\/blogdoeloiltoncajuhy.com.br\/site\/wp-json\/wp\/v2\/categories?post=55944"},{"taxonomy":"post_tag","embeddable":true,"href":"https:\/\/blogdoeloiltoncajuhy.com.br\/site\/wp-json\/wp\/v2\/tags?post=55944"}],"curies":[{"name":"wp","href":"https:\/\/api.w.org\/{rel}","templated":true}]}}