{"id":55921,"date":"2021-04-26T20:51:20","date_gmt":"2021-04-26T23:51:20","guid":{"rendered":"http:\/\/blogdoeloiltoncajuhy.com.br\/site\/?p=55921"},"modified":"2021-04-26T21:32:37","modified_gmt":"2021-04-27T00:32:37","slug":"mais-duas-pessoas-morrem-em-senhor-do-bonfim-por-covid-19","status":"publish","type":"post","link":"https:\/\/blogdoeloiltoncajuhy.com.br\/site\/mais-duas-pessoas-morrem-em-senhor-do-bonfim-por-covid-19\/","title":{"rendered":"Mais duas pessoas morrem em Senhor do Bonfim por Covid-19"},"content":{"rendered":"\n<div class=\"wp-block-image\"><figure class=\"aligncenter size-large\"><a href=\"https:\/\/i0.wp.com\/blogdoeloiltoncajuhy.com.br\/site\/wp-content\/uploads\/2021\/01\/corona-9.jpg\"><img data-recalc-dims=\"1\" fetchpriority=\"high\" decoding=\"async\" width=\"800\" height=\"450\" src=\"https:\/\/i0.wp.com\/blogdoeloiltoncajuhy.com.br\/site\/wp-content\/uploads\/2021\/01\/corona-9.jpg?resize=800%2C450\" alt=\"\" class=\"wp-image-52916\" srcset=\"https:\/\/i0.wp.com\/blogdoeloiltoncajuhy.com.br\/site\/wp-content\/uploads\/2021\/01\/corona-9.jpg?w=984&amp;ssl=1 984w, https:\/\/i0.wp.com\/blogdoeloiltoncajuhy.com.br\/site\/wp-content\/uploads\/2021\/01\/corona-9.jpg?resize=300%2C169&amp;ssl=1 300w, https:\/\/i0.wp.com\/blogdoeloiltoncajuhy.com.br\/site\/wp-content\/uploads\/2021\/01\/corona-9.jpg?resize=768%2C432&amp;ssl=1 768w\" sizes=\"(max-width: 800px) 100vw, 800px\" \/><\/a><\/figure><\/div>\n\n\n\n<p>Mais 14 casos positivos da Covid-19 foram confirmados em Senhor do Bonfim nas \u00faltimas 24 horas. Os dados s\u00e3o do novo Boletim Epidemiol\u00f3gico divulgado nesta segunda-feira (26) pela Secretaria Municipal de Sa\u00fade.<\/p>\n\n\n\n<p>Agora, s\u00e3o 3.751 os bonfinenses que tiveram ou t\u00eam o v\u00edrus em nosso munic\u00edpio.<\/p>\n\n\n\n<p>O n\u00famero de pacientes em monitoramento \u00e9 de 109, enquanto 17 exames aguardam resultado no Lacen do estado. Os casos ativos est\u00e3o em 92. Os pacientes curados somam 3.601, de acordo com o boletim.<\/p>\n\n\n\n<p>Ainda de acordo com o informativo, 18 pacientes est\u00e3o internados na UTI do Hospital Dom Antonio Monteiro (HDAM). A taxa de ocupa\u00e7\u00e3o dos leitos \u00e9 de 90%.<\/p>\n\n\n\n<p>Nesta segunda, foram confirmados mais dois \u00f3bitos por Covid-19 em Senhor do Bonfim, elevando o total para 58. O 57\u00b0 \u00f3bito \u00e9 uma idosa de 71 anos, portadora de insufici\u00eancia renal aguda e que tinha tomado apenas a 1\u00aa dose da vacina no dia 23 de mar\u00e7o. Ela estava internada no Hospital Regional de Juazeiro, indo a \u00f3bito no referido hospital.<\/p>\n\n\n\n<p>O 58\u00ba \u00f3bito trata-se de um homem de 43 anos, transferido para o Hospital de Campanha da Arena Fonte Nova, em Salvador, no dia 22 deste m\u00eas. Ele faleceu no referido hospital.<\/p>\n\n\n\n<p>Dos 58 \u00f3bitos registrados no munic\u00edpio de Senhor do Bonfim, 33 ocorreram de 4 de janeiro a 26 de abril de 2021.<\/p>\n","protected":false},"excerpt":{"rendered":"<p>Mais 14 casos positivos da Covid-19 foram confirmados em Senhor do Bonfim nas \u00faltimas 24 horas. Os dados s\u00e3o do novo Boletim Epidemiol\u00f3gico divulgado nesta segunda-feira (26) pela Secretaria Municipal de Sa\u00fade. Agora, s\u00e3o 3.751 os bonfinenses que tiveram ou t\u00eam o v\u00edrus em nosso munic\u00edpio. O n\u00famero de pacientes em monitoramento \u00e9 de 109, [&hellip;]<\/p>\n","protected":false},"author":2,"featured_media":52691,"comment_status":"open","ping_status":"open","sticky":false,"template":"","format":"standard","meta":{"_acf_changed":false,"_monsterinsights_skip_tracking":false,"_monsterinsights_sitenote_active":false,"_monsterinsights_sitenote_note":"","_monsterinsights_sitenote_category":0,"_jetpack_memberships_contains_paid_content":false,"footnotes":"","jetpack_publicize_message":"","jetpack_publicize_feature_enabled":true,"jetpack_social_post_already_shared":true,"jetpack_social_options":{"image_generator_settings":{"template":"highway","default_image_id":0,"font":"","enabled":false},"version":2}},"categories":[4],"tags":[],"class_list":["post-55921","post","type-post","status-publish","format-standard","has-post-thumbnail","hentry","category-local"],"acf":[],"jetpack_publicize_connections":[],"jetpack_featured_media_url":"https:\/\/i0.wp.com\/blogdoeloiltoncajuhy.com.br\/site\/wp-content\/uploads\/2021\/01\/coronavirus-06012021.jpg?fit=600%2C375&ssl=1","jetpack_sharing_enabled":true,"publishpress_future_workflow_manual_trigger":{"enabledWorkflows":[]},"_links":{"self":[{"href":"https:\/\/blogdoeloiltoncajuhy.com.br\/site\/wp-json\/wp\/v2\/posts\/55921","targetHints":{"allow":["GET"]}}],"collection":[{"href":"https:\/\/blogdoeloiltoncajuhy.com.br\/site\/wp-json\/wp\/v2\/posts"}],"about":[{"href":"https:\/\/blogdoeloiltoncajuhy.com.br\/site\/wp-json\/wp\/v2\/types\/post"}],"author":[{"embeddable":true,"href":"https:\/\/blogdoeloiltoncajuhy.com.br\/site\/wp-json\/wp\/v2\/users\/2"}],"replies":[{"embeddable":true,"href":"https:\/\/blogdoeloiltoncajuhy.com.br\/site\/wp-json\/wp\/v2\/comments?post=55921"}],"version-history":[{"count":3,"href":"https:\/\/blogdoeloiltoncajuhy.com.br\/site\/wp-json\/wp\/v2\/posts\/55921\/revisions"}],"predecessor-version":[{"id":55926,"href":"https:\/\/blogdoeloiltoncajuhy.com.br\/site\/wp-json\/wp\/v2\/posts\/55921\/revisions\/55926"}],"wp:featuredmedia":[{"embeddable":true,"href":"https:\/\/blogdoeloiltoncajuhy.com.br\/site\/wp-json\/wp\/v2\/media\/52691"}],"wp:attachment":[{"href":"https:\/\/blogdoeloiltoncajuhy.com.br\/site\/wp-json\/wp\/v2\/media?parent=55921"}],"wp:term":[{"taxonomy":"category","embeddable":true,"href":"https:\/\/blogdoeloiltoncajuhy.com.br\/site\/wp-json\/wp\/v2\/categories?post=55921"},{"taxonomy":"post_tag","embeddable":true,"href":"https:\/\/blogdoeloiltoncajuhy.com.br\/site\/wp-json\/wp\/v2\/tags?post=55921"}],"curies":[{"name":"wp","href":"https:\/\/api.w.org\/{rel}","templated":true}]}}