{"id":55916,"date":"2021-04-26T20:37:03","date_gmt":"2021-04-26T23:37:03","guid":{"rendered":"http:\/\/blogdoeloiltoncajuhy.com.br\/site\/?p=55916"},"modified":"2021-04-26T20:37:04","modified_gmt":"2021-04-26T23:37:04","slug":"abertas-as-inscricoes-para-200-mil-vagas-em-cursos-de-qualificacao-profissional-na-ba-veja-detalhes","status":"publish","type":"post","link":"https:\/\/blogdoeloiltoncajuhy.com.br\/site\/abertas-as-inscricoes-para-200-mil-vagas-em-cursos-de-qualificacao-profissional-na-ba-veja-detalhes\/","title":{"rendered":"Abertas as inscri\u00e7\u00f5es para 200 mil vagas em cursos de qualifica\u00e7\u00e3o profissional na BA; veja detalhes"},"content":{"rendered":"\n<h5 class=\"has-text-align-center wp-block-heading\"><em>Forma\u00e7\u00f5es s\u00e3o para estudantes e egressos da rede estadual de ensino. Inscri\u00e7\u00f5es v\u00e3o at\u00e9 dia 5 de maio<\/em><\/h5>\n\n\n\n<div class=\"wp-block-image\"><figure class=\"aligncenter size-full is-resized\"><a href=\"https:\/\/i0.wp.com\/blogdoeloiltoncajuhy.com.br\/site\/wp-content\/uploads\/2015\/08\/secretaria-de-educacao-do-estado.jpg\"><img data-recalc-dims=\"1\" fetchpriority=\"high\" decoding=\"async\" src=\"https:\/\/i0.wp.com\/blogdoeloiltoncajuhy.com.br\/site\/wp-content\/uploads\/2015\/08\/secretaria-de-educacao-do-estado.jpg?resize=792%2C455\" alt=\"\" class=\"wp-image-2899\" width=\"792\" height=\"455\" srcset=\"https:\/\/i0.wp.com\/blogdoeloiltoncajuhy.com.br\/site\/wp-content\/uploads\/2015\/08\/secretaria-de-educacao-do-estado.jpg?w=320&amp;ssl=1 320w, https:\/\/i0.wp.com\/blogdoeloiltoncajuhy.com.br\/site\/wp-content\/uploads\/2015\/08\/secretaria-de-educacao-do-estado.jpg?resize=300%2C173&amp;ssl=1 300w, https:\/\/i0.wp.com\/blogdoeloiltoncajuhy.com.br\/site\/wp-content\/uploads\/2015\/08\/secretaria-de-educacao-do-estado.jpg?resize=250%2C144&amp;ssl=1 250w\" sizes=\"(max-width: 792px) 100vw, 792px\" \/><\/a><\/figure><\/div>\n\n\n\n<p>As inscri\u00e7\u00f5es para o Programa Educar para Trabalhar, lan\u00e7ado pelo governo do estado, por meio da Secretaria Estadual da Educa\u00e7\u00e3o (SEC), foram abertas nesta segunda-feira (26). O prazo para se inscrever gratuitamente em uma das 200 mil vagas \u00e9 at\u00e9 5 de maio.<\/p>\n\n\n\n<p>As forma\u00e7\u00f5es s\u00e3o voltadas para estudantes e egressos da rede estadual de ensino. As inscri\u00e7\u00f5es s\u00e3o por meio do preenchimento de formul\u00e1rio eletr\u00f4nico e question\u00e1rio socioecon\u00f4mico, dispon\u00edveis no Portal da Educa\u00e7\u00e3o. O cronograma e as vagas dispon\u00edveis est\u00e3o detalhados no site institucional da SEC.<\/p>\n\n\n\n<p>O processo de sele\u00e7\u00e3o dos candidatos inscritos ser\u00e1 feito por sorteio eletr\u00f4nico, no dia 6 de maio. A listagem com o resultado parcial do processo de sele\u00e7\u00e3o com a indica\u00e7\u00e3o dos nomes dos classificados ser\u00e1 divulgada na mesma data do sorteio e o resultado final, no dia 9 de maio, ambos no Portal da Educa\u00e7\u00e3o.<\/p>\n\n\n\n<p>A matr\u00edcula ser\u00e1 realizada no per\u00edodo de 10 a 16 de maio. Os cursos ter\u00e3o dura\u00e7\u00e3o m\u00e9dia de tr\u00eas meses e ser\u00e3o distribu\u00eddos em tr\u00eas entradas.<\/p>\n\n\n\n<p>As aulas da primeira entrada ser\u00e3o iniciadas no dia 17 de maio, as da segunda entrada, no dia 5 de julho e as da terceira entrada, no dia 30 de agosto.<\/p>\n","protected":false},"excerpt":{"rendered":"<p>Forma\u00e7\u00f5es s\u00e3o para estudantes e egressos da rede estadual de ensino. Inscri\u00e7\u00f5es v\u00e3o at\u00e9 dia 5 de maio As inscri\u00e7\u00f5es para o Programa Educar para Trabalhar, lan\u00e7ado pelo governo do estado, por meio da Secretaria Estadual da Educa\u00e7\u00e3o (SEC), foram abertas nesta segunda-feira (26). O prazo para se inscrever gratuitamente em uma das 200 mil [&hellip;]<\/p>\n","protected":false},"author":2,"featured_media":36453,"comment_status":"open","ping_status":"open","sticky":false,"template":"","format":"standard","meta":{"_acf_changed":false,"_monsterinsights_skip_tracking":false,"_monsterinsights_sitenote_active":false,"_monsterinsights_sitenote_note":"","_monsterinsights_sitenote_category":0,"_jetpack_memberships_contains_paid_content":false,"footnotes":"","jetpack_publicize_message":"","jetpack_publicize_feature_enabled":true,"jetpack_social_post_already_shared":true,"jetpack_social_options":{"image_generator_settings":{"template":"highway","default_image_id":0,"font":"","enabled":false},"version":2}},"categories":[14],"tags":[],"class_list":["post-55916","post","type-post","status-publish","format-standard","has-post-thumbnail","hentry","category-educacao"],"acf":[],"jetpack_publicize_connections":[],"jetpack_featured_media_url":"https:\/\/i0.wp.com\/blogdoeloiltoncajuhy.com.br\/site\/wp-content\/uploads\/2019\/08\/CursosProfissionalizantes.jpg?fit=1280%2C640&ssl=1","jetpack_sharing_enabled":true,"publishpress_future_workflow_manual_trigger":{"enabledWorkflows":[]},"_links":{"self":[{"href":"https:\/\/blogdoeloiltoncajuhy.com.br\/site\/wp-json\/wp\/v2\/posts\/55916","targetHints":{"allow":["GET"]}}],"collection":[{"href":"https:\/\/blogdoeloiltoncajuhy.com.br\/site\/wp-json\/wp\/v2\/posts"}],"about":[{"href":"https:\/\/blogdoeloiltoncajuhy.com.br\/site\/wp-json\/wp\/v2\/types\/post"}],"author":[{"embeddable":true,"href":"https:\/\/blogdoeloiltoncajuhy.com.br\/site\/wp-json\/wp\/v2\/users\/2"}],"replies":[{"embeddable":true,"href":"https:\/\/blogdoeloiltoncajuhy.com.br\/site\/wp-json\/wp\/v2\/comments?post=55916"}],"version-history":[{"count":2,"href":"https:\/\/blogdoeloiltoncajuhy.com.br\/site\/wp-json\/wp\/v2\/posts\/55916\/revisions"}],"predecessor-version":[{"id":55918,"href":"https:\/\/blogdoeloiltoncajuhy.com.br\/site\/wp-json\/wp\/v2\/posts\/55916\/revisions\/55918"}],"wp:featuredmedia":[{"embeddable":true,"href":"https:\/\/blogdoeloiltoncajuhy.com.br\/site\/wp-json\/wp\/v2\/media\/36453"}],"wp:attachment":[{"href":"https:\/\/blogdoeloiltoncajuhy.com.br\/site\/wp-json\/wp\/v2\/media?parent=55916"}],"wp:term":[{"taxonomy":"category","embeddable":true,"href":"https:\/\/blogdoeloiltoncajuhy.com.br\/site\/wp-json\/wp\/v2\/categories?post=55916"},{"taxonomy":"post_tag","embeddable":true,"href":"https:\/\/blogdoeloiltoncajuhy.com.br\/site\/wp-json\/wp\/v2\/tags?post=55916"}],"curies":[{"name":"wp","href":"https:\/\/api.w.org\/{rel}","templated":true}]}}