{"id":55907,"date":"2021-04-26T18:43:06","date_gmt":"2021-04-26T21:43:06","guid":{"rendered":"http:\/\/blogdoeloiltoncajuhy.com.br\/site\/?p=55907"},"modified":"2021-04-26T20:41:50","modified_gmt":"2021-04-26T23:41:50","slug":"senhor-do-bonfim-morre-segunda-vitima-do-acidente-envolvendo-uma-moto-e-um-cavalo-na-ladeira-do-capote","status":"publish","type":"post","link":"https:\/\/blogdoeloiltoncajuhy.com.br\/site\/senhor-do-bonfim-morre-segunda-vitima-do-acidente-envolvendo-uma-moto-e-um-cavalo-na-ladeira-do-capote\/","title":{"rendered":"Senhor do Bonfim: Morre segunda v\u00edtima do acidente envolvendo uma moto e um cavalo na Ladeira do Capote"},"content":{"rendered":"\n<div class=\"wp-block-image\"><figure class=\"aligncenter size-full is-resized\"><a href=\"https:\/\/i0.wp.com\/blogdoeloiltoncajuhy.com.br\/site\/wp-content\/uploads\/2021\/04\/Luis-Carlos.jpg\"><img data-recalc-dims=\"1\" fetchpriority=\"high\" decoding=\"async\" src=\"https:\/\/i0.wp.com\/blogdoeloiltoncajuhy.com.br\/site\/wp-content\/uploads\/2021\/04\/Luis-Carlos.jpg?resize=400%2C627\" alt=\"\" class=\"wp-image-55908\" width=\"400\" height=\"627\" srcset=\"https:\/\/i0.wp.com\/blogdoeloiltoncajuhy.com.br\/site\/wp-content\/uploads\/2021\/04\/Luis-Carlos.jpg?w=358&amp;ssl=1 358w, https:\/\/i0.wp.com\/blogdoeloiltoncajuhy.com.br\/site\/wp-content\/uploads\/2021\/04\/Luis-Carlos.jpg?resize=191%2C300&amp;ssl=1 191w\" sizes=\"(max-width: 400px) 100vw, 400px\" \/><\/a><figcaption><em>Foto: Reprodu\u00e7\u00e3o | Redes Sociais<\/em><\/figcaption><\/figure><\/div>\n\n\n\n<p>Morreu na tarde desta segunda-feira (26), em um hospital de Petrolina-PE, <strong>Lu\u00eds Carlos<\/strong>, 21 anos, que residia na Ladeira do Capote, em Senhor do Bonfim. A informa\u00e7\u00e3o foi publicada no <strong>Blog do Netto Maravilha<\/strong>. Lu\u00eds Carlos foi uma das v\u00edtimas  de um tr\u00e1gico acidente ocorrido por volta das 05h da manh\u00e3 deste domingo (25), no trecho da BA 220, que liga a sede do munic\u00edpio ao distrito de Igara.<\/p>\n\n\n\n<p>No mesmo acidente tamb\u00e9m morreu Edilvan Xavier dos Santos, de 31 anos. Os dois retornavam de Igara em uma moto quando o ve\u00edculo bateu em um cavalo que estava no meio da pista. Edilvan morreu no in\u00edcio da madrugada desta segunda.<\/p>\n\n\n\n<p>Em \u00e1udios que circularam neste domingo nas redes sociais, moradores relataram que haviam v\u00e1rios cavalos na pista no momento do acidente. A princ\u00edpio, os dois foram socorridos para o Hospital Dom Antonio Monteiro (HDAM) e depois transferidos para um hospital de Petrolina-PE.<\/p>\n","protected":false},"excerpt":{"rendered":"<p>Morreu na tarde desta segunda-feira (26), em um hospital de Petrolina-PE, Lu\u00eds Carlos, 21 anos, que residia na Ladeira do Capote, em Senhor do Bonfim. A informa\u00e7\u00e3o foi publicada no Blog do Netto Maravilha. Lu\u00eds Carlos foi uma das v\u00edtimas de um tr\u00e1gico acidente ocorrido por volta das 05h da manh\u00e3 deste domingo (25), no [&hellip;]<\/p>\n","protected":false},"author":2,"featured_media":55908,"comment_status":"open","ping_status":"open","sticky":false,"template":"","format":"standard","meta":{"_acf_changed":false,"_monsterinsights_skip_tracking":false,"_monsterinsights_sitenote_active":false,"_monsterinsights_sitenote_note":"","_monsterinsights_sitenote_category":0,"_jetpack_memberships_contains_paid_content":false,"footnotes":"","jetpack_publicize_message":"","jetpack_publicize_feature_enabled":true,"jetpack_social_post_already_shared":true,"jetpack_social_options":{"image_generator_settings":{"template":"highway","default_image_id":0,"font":"","enabled":false},"version":2}},"categories":[15],"tags":[],"class_list":["post-55907","post","type-post","status-publish","format-standard","has-post-thumbnail","hentry","category-policia"],"acf":[],"jetpack_publicize_connections":[],"jetpack_featured_media_url":"https:\/\/i0.wp.com\/blogdoeloiltoncajuhy.com.br\/site\/wp-content\/uploads\/2021\/04\/Luis-Carlos.jpg?fit=358%2C562&ssl=1","jetpack_sharing_enabled":true,"publishpress_future_workflow_manual_trigger":{"enabledWorkflows":[]},"_links":{"self":[{"href":"https:\/\/blogdoeloiltoncajuhy.com.br\/site\/wp-json\/wp\/v2\/posts\/55907","targetHints":{"allow":["GET"]}}],"collection":[{"href":"https:\/\/blogdoeloiltoncajuhy.com.br\/site\/wp-json\/wp\/v2\/posts"}],"about":[{"href":"https:\/\/blogdoeloiltoncajuhy.com.br\/site\/wp-json\/wp\/v2\/types\/post"}],"author":[{"embeddable":true,"href":"https:\/\/blogdoeloiltoncajuhy.com.br\/site\/wp-json\/wp\/v2\/users\/2"}],"replies":[{"embeddable":true,"href":"https:\/\/blogdoeloiltoncajuhy.com.br\/site\/wp-json\/wp\/v2\/comments?post=55907"}],"version-history":[{"count":4,"href":"https:\/\/blogdoeloiltoncajuhy.com.br\/site\/wp-json\/wp\/v2\/posts\/55907\/revisions"}],"predecessor-version":[{"id":55920,"href":"https:\/\/blogdoeloiltoncajuhy.com.br\/site\/wp-json\/wp\/v2\/posts\/55907\/revisions\/55920"}],"wp:featuredmedia":[{"embeddable":true,"href":"https:\/\/blogdoeloiltoncajuhy.com.br\/site\/wp-json\/wp\/v2\/media\/55908"}],"wp:attachment":[{"href":"https:\/\/blogdoeloiltoncajuhy.com.br\/site\/wp-json\/wp\/v2\/media?parent=55907"}],"wp:term":[{"taxonomy":"category","embeddable":true,"href":"https:\/\/blogdoeloiltoncajuhy.com.br\/site\/wp-json\/wp\/v2\/categories?post=55907"},{"taxonomy":"post_tag","embeddable":true,"href":"https:\/\/blogdoeloiltoncajuhy.com.br\/site\/wp-json\/wp\/v2\/tags?post=55907"}],"curies":[{"name":"wp","href":"https:\/\/api.w.org\/{rel}","templated":true}]}}