{"id":559,"date":"2015-05-12T09:37:05","date_gmt":"2015-05-12T12:37:05","guid":{"rendered":"http:\/\/blogdoeloiltoncajuhy.com.br\/site\/?p=559"},"modified":"2015-05-12T09:37:05","modified_gmt":"2015-05-12T12:37:05","slug":"academia-da-saude-de-senhor-do-bonfim-esta-entregue-ao-mato","status":"publish","type":"post","link":"https:\/\/blogdoeloiltoncajuhy.com.br\/site\/academia-da-saude-de-senhor-do-bonfim-esta-entregue-ao-mato\/","title":{"rendered":"Academia da Sa\u00fade de Senhor do Bonfim est\u00e1 entregue ao mato"},"content":{"rendered":"<p><a href=\"https:\/\/i0.wp.com\/blogdoeloiltoncajuhy.com.br\/site\/wp-content\/uploads\/2015\/05\/academia-1.jpg\"><img data-recalc-dims=\"1\" fetchpriority=\"high\" decoding=\"async\" class=\"aligncenter size-full wp-image-560\" src=\"https:\/\/i0.wp.com\/blogdoeloiltoncajuhy.com.br\/site\/wp-content\/uploads\/2015\/05\/academia-1.jpg?resize=800%2C449\" alt=\"academia-1\" width=\"800\" height=\"449\" srcset=\"https:\/\/i0.wp.com\/blogdoeloiltoncajuhy.com.br\/site\/wp-content\/uploads\/2015\/05\/academia-1.jpg?w=931&amp;ssl=1 931w, https:\/\/i0.wp.com\/blogdoeloiltoncajuhy.com.br\/site\/wp-content\/uploads\/2015\/05\/academia-1.jpg?resize=300%2C169&amp;ssl=1 300w, https:\/\/i0.wp.com\/blogdoeloiltoncajuhy.com.br\/site\/wp-content\/uploads\/2015\/05\/academia-1.jpg?resize=250%2C140&amp;ssl=1 250w\" sizes=\"(max-width: 800px) 100vw, 800px\" \/><\/a>O que era para estar servindo ao povo, principalmente aos mais carentes, est\u00e1 entregue ao mato. Constru\u00edda com recursos do Governo Federal, onde foram investidos R$ 179.239,04 (cento\u00a0e\u00a0setenta\u00a0nove\u00a0mil\u00a0duzentos\u00a0e\u00a0trinta\u00a0nove\u00a0reais\u00a0e\u00a0quatro\u00a0centavos), a Academia da Sa\u00fade se encontra totalmente abandonada.<\/p>\n<p>At\u00e9 agora n\u00e3o se sabe por que o prefeito, Edvaldo Martins Correia, n\u00e3o inaugurou a obra que foi iniciada no governo de Paulo Machado, e j\u00e1 deveria ter sido entregue \u00e0 popula\u00e7\u00e3o. Esta Academia fica no Parque da Cidade.<\/p>\n<p><em><a href=\"https:\/\/i0.wp.com\/blogdoeloiltoncajuhy.com.br\/site\/wp-content\/uploads\/2015\/05\/academia-2.jpg\"><img data-recalc-dims=\"1\" decoding=\"async\" class=\"aligncenter size-full wp-image-561\" src=\"https:\/\/i0.wp.com\/blogdoeloiltoncajuhy.com.br\/site\/wp-content\/uploads\/2015\/05\/academia-2.jpg?resize=800%2C449\" alt=\"academia 2\" width=\"800\" height=\"449\" srcset=\"https:\/\/i0.wp.com\/blogdoeloiltoncajuhy.com.br\/site\/wp-content\/uploads\/2015\/05\/academia-2.jpg?w=931&amp;ssl=1 931w, https:\/\/i0.wp.com\/blogdoeloiltoncajuhy.com.br\/site\/wp-content\/uploads\/2015\/05\/academia-2.jpg?resize=300%2C169&amp;ssl=1 300w, https:\/\/i0.wp.com\/blogdoeloiltoncajuhy.com.br\/site\/wp-content\/uploads\/2015\/05\/academia-2.jpg?resize=250%2C140&amp;ssl=1 250w\" sizes=\"(max-width: 800px) 100vw, 800px\" \/><\/a>*IvanSilvaNot\u00edcia &#8211; Adapta\u00e7\u00e3o Eloilton Cajuhy &#8211; DRT 3621<\/em><\/p>\n","protected":false},"excerpt":{"rendered":"<p>O que era para estar servindo ao povo, principalmente aos mais carentes, est\u00e1 entregue ao mato. Constru\u00edda com recursos do Governo Federal, onde foram investidos R$ 179.239,04 (cento\u00a0e\u00a0setenta\u00a0nove\u00a0mil\u00a0duzentos\u00a0e\u00a0trinta\u00a0nove\u00a0reais\u00a0e\u00a0quatro\u00a0centavos), a Academia da Sa\u00fade se encontra totalmente abandonada. At\u00e9 agora n\u00e3o se sabe por que o prefeito, Edvaldo Martins Correia, n\u00e3o inaugurou a obra que foi iniciada [&hellip;]<\/p>\n","protected":false},"author":2,"featured_media":561,"comment_status":"open","ping_status":"open","sticky":false,"template":"","format":"standard","meta":{"_acf_changed":false,"_monsterinsights_skip_tracking":false,"_monsterinsights_sitenote_active":false,"_monsterinsights_sitenote_note":"","_monsterinsights_sitenote_category":0,"_jetpack_memberships_contains_paid_content":false,"footnotes":"","jetpack_publicize_message":"","jetpack_publicize_feature_enabled":true,"jetpack_social_post_already_shared":true,"jetpack_social_options":{"image_generator_settings":{"template":"highway","default_image_id":0,"font":"","enabled":false},"version":2}},"categories":[1,4],"tags":[],"class_list":["post-559","post","type-post","status-publish","format-standard","has-post-thumbnail","hentry","category-noticias","category-local"],"acf":[],"jetpack_publicize_connections":[],"jetpack_featured_media_url":"https:\/\/i0.wp.com\/blogdoeloiltoncajuhy.com.br\/site\/wp-content\/uploads\/2015\/05\/academia-2.jpg?fit=931%2C523&ssl=1","jetpack_sharing_enabled":true,"publishpress_future_workflow_manual_trigger":{"enabledWorkflows":[]},"_links":{"self":[{"href":"https:\/\/blogdoeloiltoncajuhy.com.br\/site\/wp-json\/wp\/v2\/posts\/559","targetHints":{"allow":["GET"]}}],"collection":[{"href":"https:\/\/blogdoeloiltoncajuhy.com.br\/site\/wp-json\/wp\/v2\/posts"}],"about":[{"href":"https:\/\/blogdoeloiltoncajuhy.com.br\/site\/wp-json\/wp\/v2\/types\/post"}],"author":[{"embeddable":true,"href":"https:\/\/blogdoeloiltoncajuhy.com.br\/site\/wp-json\/wp\/v2\/users\/2"}],"replies":[{"embeddable":true,"href":"https:\/\/blogdoeloiltoncajuhy.com.br\/site\/wp-json\/wp\/v2\/comments?post=559"}],"version-history":[{"count":1,"href":"https:\/\/blogdoeloiltoncajuhy.com.br\/site\/wp-json\/wp\/v2\/posts\/559\/revisions"}],"predecessor-version":[{"id":562,"href":"https:\/\/blogdoeloiltoncajuhy.com.br\/site\/wp-json\/wp\/v2\/posts\/559\/revisions\/562"}],"wp:featuredmedia":[{"embeddable":true,"href":"https:\/\/blogdoeloiltoncajuhy.com.br\/site\/wp-json\/wp\/v2\/media\/561"}],"wp:attachment":[{"href":"https:\/\/blogdoeloiltoncajuhy.com.br\/site\/wp-json\/wp\/v2\/media?parent=559"}],"wp:term":[{"taxonomy":"category","embeddable":true,"href":"https:\/\/blogdoeloiltoncajuhy.com.br\/site\/wp-json\/wp\/v2\/categories?post=559"},{"taxonomy":"post_tag","embeddable":true,"href":"https:\/\/blogdoeloiltoncajuhy.com.br\/site\/wp-json\/wp\/v2\/tags?post=559"}],"curies":[{"name":"wp","href":"https:\/\/api.w.org\/{rel}","templated":true}]}}