{"id":55873,"date":"2021-04-25T22:26:50","date_gmt":"2021-04-26T01:26:50","guid":{"rendered":"http:\/\/blogdoeloiltoncajuhy.com.br\/site\/?p=55873"},"modified":"2021-04-26T07:59:41","modified_gmt":"2021-04-26T10:59:41","slug":"moto-bate-em-cavalo-e-deixa-ocupantes-gravemente-feridos-na-ladeira-do-capote-em-senhor-do-bonfim","status":"publish","type":"post","link":"https:\/\/blogdoeloiltoncajuhy.com.br\/site\/moto-bate-em-cavalo-e-deixa-ocupantes-gravemente-feridos-na-ladeira-do-capote-em-senhor-do-bonfim\/","title":{"rendered":"Moto bate em cavalo e deixa ocupantes gravemente feridos na Ladeira do Capote em Senhor do Bonfim"},"content":{"rendered":"\n<p class=\"has-black-color has-text-color\"><strong><em>Atualizado em 26.04.2021 \u00e0s 07h59<\/em><\/strong><\/p>\n\n\n\n<div class=\"wp-block-image\"><figure class=\"aligncenter size-large\"><a href=\"https:\/\/i0.wp.com\/blogdoeloiltoncajuhy.com.br\/site\/wp-content\/uploads\/2021\/04\/CavaloPista.jpeg\"><img data-recalc-dims=\"1\" fetchpriority=\"high\" decoding=\"async\" width=\"800\" height=\"450\" src=\"https:\/\/i0.wp.com\/blogdoeloiltoncajuhy.com.br\/site\/wp-content\/uploads\/2021\/04\/CavaloPista.jpeg?resize=800%2C450\" alt=\"\" class=\"wp-image-55874\" srcset=\"https:\/\/i0.wp.com\/blogdoeloiltoncajuhy.com.br\/site\/wp-content\/uploads\/2021\/04\/CavaloPista.jpeg?resize=1024%2C576&amp;ssl=1 1024w, https:\/\/i0.wp.com\/blogdoeloiltoncajuhy.com.br\/site\/wp-content\/uploads\/2021\/04\/CavaloPista.jpeg?resize=300%2C169&amp;ssl=1 300w, https:\/\/i0.wp.com\/blogdoeloiltoncajuhy.com.br\/site\/wp-content\/uploads\/2021\/04\/CavaloPista.jpeg?resize=768%2C432&amp;ssl=1 768w, https:\/\/i0.wp.com\/blogdoeloiltoncajuhy.com.br\/site\/wp-content\/uploads\/2021\/04\/CavaloPista.jpeg?w=1280&amp;ssl=1 1280w\" sizes=\"(max-width: 800px) 100vw, 800px\" \/><\/a><figcaption><em>Foto: Reprodu\u00e7\u00e3o | Redes Sociais<\/em><\/figcaption><\/figure><\/div>\n\n\n\n<p>Um grave acidente ocorreu por volta das 05h da manh\u00e3 deste domingo (25) na Ladeira do Capote, que fica na BA que liga a sede de Senhor do Bonfim ao distrito de Igara, quando uma moto ocupada por dois homens bateu num cavalo que estava na pista.<\/p>\n\n\n\n<p>Segundo informa\u00e7\u00f5es, os dois ocupantes da moto se feriram gravemente. Um deles, ap\u00f3s ser medicado no Hospital Dom Antonio Monteiro (HDAM), teria sido transferido para uma unidade de sa\u00fade do Vale do S\u00e3o Francisco.<\/p>\n\n\n\n<p>Em \u00e1udios que circulam nas redes sociais, moradores da Ladeira do Capote afirmam que o Samu demorou cerca de uma hora para chegar ao local e socorrer os feridos. Antes da chegada da pol\u00edcia, os pr\u00f3prios moradores tentavam sinalizar para os motoristas, uma vez que as v\u00edtimas e o animal estavam no meio da pista.<\/p>\n\n\n\n<p>Na manh\u00e3 de hoje, o cavalo foi visto e fotografado por populares no acostamento com a pata traseira esquerda gravemente ferida. Algumas horas depois, dois rapazes foram ao local socorrer o animal prestando toda assist\u00eancia. Segundo informa\u00e7\u00f5es, o cavalo teve que ser sacrificado.<\/p>\n\n\n\n<p>Uma das v\u00edtimas do acidente, identificada como <strong>Edilvan Xavier dos Santos<\/strong>, de 31 anos de idade, morador da Ladeira do Capote, n\u00e3o resistiu aos ferimentos e faleceu em um hospital do Vale do S\u00e3o Francisco.<\/p>\n\n\n\n<div class=\"wp-block-image\"><figure class=\"aligncenter size-large\"><a href=\"https:\/\/i0.wp.com\/blogdoeloiltoncajuhy.com.br\/site\/wp-content\/uploads\/2021\/04\/Edilvan.jpg\"><img data-recalc-dims=\"1\" decoding=\"async\" width=\"668\" height=\"834\" src=\"https:\/\/i0.wp.com\/blogdoeloiltoncajuhy.com.br\/site\/wp-content\/uploads\/2021\/04\/Edilvan.jpg?resize=668%2C834\" alt=\"\" class=\"wp-image-55887\" srcset=\"https:\/\/i0.wp.com\/blogdoeloiltoncajuhy.com.br\/site\/wp-content\/uploads\/2021\/04\/Edilvan.jpg?w=668&amp;ssl=1 668w, https:\/\/i0.wp.com\/blogdoeloiltoncajuhy.com.br\/site\/wp-content\/uploads\/2021\/04\/Edilvan.jpg?resize=240%2C300&amp;ssl=1 240w\" sizes=\"(max-width: 668px) 100vw, 668px\" \/><\/a><figcaption><em>Edilvan n\u00e3o resistiu aos ferimentos e veio a \u00f3bito &#8211; Foto: Reprodu\u00e7\u00e3o Redes Sociais<\/em><\/figcaption><\/figure><\/div>\n\n\n\n<div class=\"wp-block-image\"><figure class=\"aligncenter size-large\"><a href=\"https:\/\/i0.wp.com\/blogdoeloiltoncajuhy.com.br\/site\/wp-content\/uploads\/2021\/04\/CavaloPista-02.jpeg\"><img data-recalc-dims=\"1\" decoding=\"async\" width=\"800\" height=\"450\" src=\"https:\/\/i0.wp.com\/blogdoeloiltoncajuhy.com.br\/site\/wp-content\/uploads\/2021\/04\/CavaloPista-02.jpeg?resize=800%2C450\" alt=\"\" class=\"wp-image-55875\" srcset=\"https:\/\/i0.wp.com\/blogdoeloiltoncajuhy.com.br\/site\/wp-content\/uploads\/2021\/04\/CavaloPista-02.jpeg?resize=1024%2C576&amp;ssl=1 1024w, https:\/\/i0.wp.com\/blogdoeloiltoncajuhy.com.br\/site\/wp-content\/uploads\/2021\/04\/CavaloPista-02.jpeg?resize=300%2C169&amp;ssl=1 300w, https:\/\/i0.wp.com\/blogdoeloiltoncajuhy.com.br\/site\/wp-content\/uploads\/2021\/04\/CavaloPista-02.jpeg?resize=768%2C432&amp;ssl=1 768w, https:\/\/i0.wp.com\/blogdoeloiltoncajuhy.com.br\/site\/wp-content\/uploads\/2021\/04\/CavaloPista-02.jpeg?w=1280&amp;ssl=1 1280w\" sizes=\"(max-width: 800px) 100vw, 800px\" \/><\/a><figcaption><em>Foto: Reprodu\u00e7\u00e3o | Redes Sociais<\/em><\/figcaption><\/figure><\/div>\n","protected":false},"excerpt":{"rendered":"<p>Atualizado em 26.04.2021 \u00e0s 07h59 Um grave acidente ocorreu por volta das 05h da manh\u00e3 deste domingo (25) na Ladeira do Capote, que fica na BA que liga a sede de Senhor do Bonfim ao distrito de Igara, quando uma moto ocupada por dois homens bateu num cavalo que estava na pista. Segundo informa\u00e7\u00f5es, os [&hellip;]<\/p>\n","protected":false},"author":2,"featured_media":55874,"comment_status":"open","ping_status":"open","sticky":false,"template":"","format":"standard","meta":{"_acf_changed":false,"_monsterinsights_skip_tracking":false,"_monsterinsights_sitenote_active":false,"_monsterinsights_sitenote_note":"","_monsterinsights_sitenote_category":0,"_jetpack_memberships_contains_paid_content":false,"footnotes":"","jetpack_publicize_message":"","jetpack_publicize_feature_enabled":true,"jetpack_social_post_already_shared":true,"jetpack_social_options":{"image_generator_settings":{"template":"highway","default_image_id":0,"font":"","enabled":false},"version":2}},"categories":[15],"tags":[],"class_list":["post-55873","post","type-post","status-publish","format-standard","has-post-thumbnail","hentry","category-policia"],"acf":[],"jetpack_publicize_connections":[],"jetpack_featured_media_url":"https:\/\/i0.wp.com\/blogdoeloiltoncajuhy.com.br\/site\/wp-content\/uploads\/2021\/04\/CavaloPista.jpeg?fit=1280%2C720&ssl=1","jetpack_sharing_enabled":true,"publishpress_future_workflow_manual_trigger":{"enabledWorkflows":[]},"_links":{"self":[{"href":"https:\/\/blogdoeloiltoncajuhy.com.br\/site\/wp-json\/wp\/v2\/posts\/55873","targetHints":{"allow":["GET"]}}],"collection":[{"href":"https:\/\/blogdoeloiltoncajuhy.com.br\/site\/wp-json\/wp\/v2\/posts"}],"about":[{"href":"https:\/\/blogdoeloiltoncajuhy.com.br\/site\/wp-json\/wp\/v2\/types\/post"}],"author":[{"embeddable":true,"href":"https:\/\/blogdoeloiltoncajuhy.com.br\/site\/wp-json\/wp\/v2\/users\/2"}],"replies":[{"embeddable":true,"href":"https:\/\/blogdoeloiltoncajuhy.com.br\/site\/wp-json\/wp\/v2\/comments?post=55873"}],"version-history":[{"count":4,"href":"https:\/\/blogdoeloiltoncajuhy.com.br\/site\/wp-json\/wp\/v2\/posts\/55873\/revisions"}],"predecessor-version":[{"id":55888,"href":"https:\/\/blogdoeloiltoncajuhy.com.br\/site\/wp-json\/wp\/v2\/posts\/55873\/revisions\/55888"}],"wp:featuredmedia":[{"embeddable":true,"href":"https:\/\/blogdoeloiltoncajuhy.com.br\/site\/wp-json\/wp\/v2\/media\/55874"}],"wp:attachment":[{"href":"https:\/\/blogdoeloiltoncajuhy.com.br\/site\/wp-json\/wp\/v2\/media?parent=55873"}],"wp:term":[{"taxonomy":"category","embeddable":true,"href":"https:\/\/blogdoeloiltoncajuhy.com.br\/site\/wp-json\/wp\/v2\/categories?post=55873"},{"taxonomy":"post_tag","embeddable":true,"href":"https:\/\/blogdoeloiltoncajuhy.com.br\/site\/wp-json\/wp\/v2\/tags?post=55873"}],"curies":[{"name":"wp","href":"https:\/\/api.w.org\/{rel}","templated":true}]}}