{"id":55863,"date":"2021-04-25T10:43:23","date_gmt":"2021-04-25T13:43:23","guid":{"rendered":"http:\/\/blogdoeloiltoncajuhy.com.br\/site\/?p=55863"},"modified":"2021-04-25T10:43:24","modified_gmt":"2021-04-25T13:43:24","slug":"presidente-da-camara-de-vereadores-e-encontrado-morto-em-itapetinga","status":"publish","type":"post","link":"https:\/\/blogdoeloiltoncajuhy.com.br\/site\/presidente-da-camara-de-vereadores-e-encontrado-morto-em-itapetinga\/","title":{"rendered":"Presidente da C\u00e2mara de Vereadores \u00e9 encontrado morto em Itapetinga"},"content":{"rendered":"\n<h5 class=\"has-text-align-center wp-block-heading\"><em>Pol\u00edtico estava no primeiro mandato e havia completado 46 anos no dia 14 de abril. Ele estava desaparecido desde sexta-feira (23) e o corpo foi encontrado boiando em um lago dentro de uma fazenda de sua propriedade<\/em><\/h5>\n\n\n\n<div class=\"wp-block-image\"><figure class=\"aligncenter size-large\"><a href=\"https:\/\/i0.wp.com\/blogdoeloiltoncajuhy.com.br\/site\/wp-content\/uploads\/2021\/04\/Leo-Matos-01.jpg\"><img data-recalc-dims=\"1\" fetchpriority=\"high\" decoding=\"async\" width=\"800\" height=\"499\" src=\"https:\/\/i0.wp.com\/blogdoeloiltoncajuhy.com.br\/site\/wp-content\/uploads\/2021\/04\/Leo-Matos-01.jpg?resize=800%2C499\" alt=\"\" class=\"wp-image-55864\" srcset=\"https:\/\/i0.wp.com\/blogdoeloiltoncajuhy.com.br\/site\/wp-content\/uploads\/2021\/04\/Leo-Matos-01.jpg?w=984&amp;ssl=1 984w, https:\/\/i0.wp.com\/blogdoeloiltoncajuhy.com.br\/site\/wp-content\/uploads\/2021\/04\/Leo-Matos-01.jpg?resize=300%2C187&amp;ssl=1 300w, https:\/\/i0.wp.com\/blogdoeloiltoncajuhy.com.br\/site\/wp-content\/uploads\/2021\/04\/Leo-Matos-01.jpg?resize=768%2C479&amp;ssl=1 768w\" sizes=\"(max-width: 800px) 100vw, 800px\" \/><\/a><figcaption><em>L\u00e9o Matos estava no primeiro mandato e completou 46 anos no dia 14 de abril \u2014 Foto: Reprodu\u00e7\u00e3o\/Redes Sociais<\/em><\/figcaption><\/figure><\/div>\n\n\n\n<p>O vereador L\u00e9o Matos (PSD), presidente da C\u00e2mara Municipal de Itapetinga, no sudoeste da Bahia, que estava desparecido desde a sexta-feira (23), foi encontrado morto na manh\u00e3 deste domingo (25). A informa\u00e7\u00e3o foi confirmada pela prefeitura e pela Casa Legislativa da cidade.<\/p>\n\n\n\n<p>Segundo informa\u00e7\u00f5es da vereadora Emanuelle Brand\u00e3o (MDB), o corpo foi encontrado boiando, por volta das 6h30, em um lago em uma fazenda de propriedade do pr\u00f3prio L\u00e9o, no povoado de Palmares.<\/p>\n\n\n\n<p>Ele estava no primeiro mandato como vereador e havia completado 46 anos no dia 14 de abril.<\/p>\n\n\n\n<p>A C\u00e2mara Municipal informou que est\u00e3o sendo realizadas buscas na propriedade de L\u00e9o Matos, onde o carro dele teria sido localizado. Ainda n\u00e3o h\u00e1 informa\u00e7\u00f5es da autoria ou o que pode ter motivado a morte do vereador.<\/p>\n\n\n\n<p>De acordo com o funcion\u00e1rio da C\u00e2mara, Aete Matos, ele n\u00e3o sofria amea\u00e7as e n\u00e3o tinha inimigos declarados. O caso ser\u00e1 investigado pela Pol\u00edcia Civil.<\/p>\n\n\n\n<p><em>&#8220;Ele foi encontrado por volta das 6h30 depois de estar desaparecido desde sexta-feira. A suspeita inicial \u00e9 de afogamento. Mas a pol\u00edcia n\u00e3o descarta outras possibilidades. Ele havia assumido o cargo no in\u00edcio do ano e nunca falou sobre amea\u00e7as ou algo do tipo&#8221;<\/em>, disse Aete.<\/p>\n\n\n\n<p class=\"has-black-color has-text-color\"><strong>A prefeitura de Itapetinga emitiu uma nota lamentando a morte do vereador.<\/strong><\/p>\n\n\n\n<p><em>&#8220;Itapetinga amanheceu enlutada. Em meio a tempos j\u00e1 t\u00e3o dif\u00edceis, a perda do vereador Leonardo Matos faz com que comecemos a semana ainda mais cheios de dor e tristeza. A morte levou Leo Matos para longe de n\u00f3s de forma muito precoce. Infelizmente, p\u00f4s fim ao futuro promissor de um pol\u00edtico, \u00e0 vida de um pai, de um marido, de um filho que tinha muita hist\u00f3ria para escrever ainda. Interrompeu cedo seus sonhos e deixou, sem d\u00favidas, muitas saudades&#8221;<\/em>, disse trecho da nota.<\/p>\n\n\n\n<figure class=\"wp-block-embed is-type-rich is-provider-incorporar-manipulador wp-block-embed-incorporar-manipulador\"><div class=\"wp-block-embed__wrapper\">\n<div class=\"fb-post\" data-href=\"https:\/\/www.facebook.com\/PrefeituradeItapetinga\/photos\/a.503788939694741\/5765255786881337\/?type=3\" data-width=\"552\" style=\"background-color: #fff; display: inline-block;\"><\/div>\n<\/div><\/figure>\n\n\n\n<p>A C\u00e2mara Municipal decretou luto oficial de sete dias na cidade por causa da morte do edil. Leonardo Rodrigues Matos era casado e deixa um filho. O corpo ser\u00e1 sepultado na tarde deste domingo (25), na pr\u00f3pria cidade de Itapetinga, cidade natal do vereador.<\/p>\n\n\n\n<div class=\"wp-block-image\"><figure class=\"aligncenter size-large\"><a href=\"https:\/\/i0.wp.com\/blogdoeloiltoncajuhy.com.br\/site\/wp-content\/uploads\/2021\/04\/Leo-Matos-02.jpg\"><img data-recalc-dims=\"1\" decoding=\"async\" width=\"800\" height=\"499\" src=\"https:\/\/i0.wp.com\/blogdoeloiltoncajuhy.com.br\/site\/wp-content\/uploads\/2021\/04\/Leo-Matos-02.jpg?resize=800%2C499\" alt=\"\" class=\"wp-image-55865\" srcset=\"https:\/\/i0.wp.com\/blogdoeloiltoncajuhy.com.br\/site\/wp-content\/uploads\/2021\/04\/Leo-Matos-02.jpg?w=984&amp;ssl=1 984w, https:\/\/i0.wp.com\/blogdoeloiltoncajuhy.com.br\/site\/wp-content\/uploads\/2021\/04\/Leo-Matos-02.jpg?resize=300%2C187&amp;ssl=1 300w, https:\/\/i0.wp.com\/blogdoeloiltoncajuhy.com.br\/site\/wp-content\/uploads\/2021\/04\/Leo-Matos-02.jpg?resize=768%2C479&amp;ssl=1 768w\" sizes=\"(max-width: 800px) 100vw, 800px\" \/><\/a><figcaption><em>L\u00e9o Matos (PSD) tinha 46 anos e estava no primeiro mandado como vereador de Itapetinga \u2014 Foto: Divulga\u00e7\u00e3o\/C\u00e2mara de Vereadores de Itapetinga<\/em><\/figcaption><\/figure><\/div>\n","protected":false},"excerpt":{"rendered":"<p>Pol\u00edtico estava no primeiro mandato e havia completado 46 anos no dia 14 de abril. Ele estava desaparecido desde sexta-feira (23) e o corpo foi encontrado boiando em um lago dentro de uma fazenda de sua propriedade O vereador L\u00e9o Matos (PSD), presidente da C\u00e2mara Municipal de Itapetinga, no sudoeste da Bahia, que estava desparecido [&hellip;]<\/p>\n","protected":false},"author":2,"featured_media":55864,"comment_status":"open","ping_status":"open","sticky":false,"template":"","format":"standard","meta":{"_acf_changed":false,"_monsterinsights_skip_tracking":false,"_monsterinsights_sitenote_active":false,"_monsterinsights_sitenote_note":"","_monsterinsights_sitenote_category":0,"_jetpack_memberships_contains_paid_content":false,"footnotes":"","jetpack_publicize_message":"","jetpack_publicize_feature_enabled":true,"jetpack_social_post_already_shared":true,"jetpack_social_options":{"image_generator_settings":{"template":"highway","default_image_id":0,"font":"","enabled":false},"version":2}},"categories":[15],"tags":[],"class_list":["post-55863","post","type-post","status-publish","format-standard","has-post-thumbnail","hentry","category-policia"],"acf":[],"jetpack_publicize_connections":[],"jetpack_featured_media_url":"https:\/\/i0.wp.com\/blogdoeloiltoncajuhy.com.br\/site\/wp-content\/uploads\/2021\/04\/Leo-Matos-01.jpg?fit=984%2C614&ssl=1","jetpack_sharing_enabled":true,"publishpress_future_workflow_manual_trigger":{"enabledWorkflows":[]},"_links":{"self":[{"href":"https:\/\/blogdoeloiltoncajuhy.com.br\/site\/wp-json\/wp\/v2\/posts\/55863","targetHints":{"allow":["GET"]}}],"collection":[{"href":"https:\/\/blogdoeloiltoncajuhy.com.br\/site\/wp-json\/wp\/v2\/posts"}],"about":[{"href":"https:\/\/blogdoeloiltoncajuhy.com.br\/site\/wp-json\/wp\/v2\/types\/post"}],"author":[{"embeddable":true,"href":"https:\/\/blogdoeloiltoncajuhy.com.br\/site\/wp-json\/wp\/v2\/users\/2"}],"replies":[{"embeddable":true,"href":"https:\/\/blogdoeloiltoncajuhy.com.br\/site\/wp-json\/wp\/v2\/comments?post=55863"}],"version-history":[{"count":2,"href":"https:\/\/blogdoeloiltoncajuhy.com.br\/site\/wp-json\/wp\/v2\/posts\/55863\/revisions"}],"predecessor-version":[{"id":55867,"href":"https:\/\/blogdoeloiltoncajuhy.com.br\/site\/wp-json\/wp\/v2\/posts\/55863\/revisions\/55867"}],"wp:featuredmedia":[{"embeddable":true,"href":"https:\/\/blogdoeloiltoncajuhy.com.br\/site\/wp-json\/wp\/v2\/media\/55864"}],"wp:attachment":[{"href":"https:\/\/blogdoeloiltoncajuhy.com.br\/site\/wp-json\/wp\/v2\/media?parent=55863"}],"wp:term":[{"taxonomy":"category","embeddable":true,"href":"https:\/\/blogdoeloiltoncajuhy.com.br\/site\/wp-json\/wp\/v2\/categories?post=55863"},{"taxonomy":"post_tag","embeddable":true,"href":"https:\/\/blogdoeloiltoncajuhy.com.br\/site\/wp-json\/wp\/v2\/tags?post=55863"}],"curies":[{"name":"wp","href":"https:\/\/api.w.org\/{rel}","templated":true}]}}