{"id":55854,"date":"2021-04-24T10:25:19","date_gmt":"2021-04-24T13:25:19","guid":{"rendered":"http:\/\/blogdoeloiltoncajuhy.com.br\/site\/?p=55854"},"modified":"2021-04-24T10:58:38","modified_gmt":"2021-04-24T13:58:38","slug":"bonfim-ataque-a-bar-no-bairro-do-mercado-deixa-dois-mortos-e-dois-feridos","status":"publish","type":"post","link":"https:\/\/blogdoeloiltoncajuhy.com.br\/site\/bonfim-ataque-a-bar-no-bairro-do-mercado-deixa-dois-mortos-e-dois-feridos\/","title":{"rendered":"Bonfim: Ataque a bar no Bairro do Mercado deixa dois mortos e dois feridos"},"content":{"rendered":"\n<p class=\"has-black-color has-text-color\"><strong><em>Atualizado em 24.04.2021 \u00e0s 10h58<\/em><\/strong><\/p>\n\n\n\n<div class=\"wp-block-image\"><figure class=\"aligncenter size-large\"><a href=\"https:\/\/i0.wp.com\/blogdoeloiltoncajuhy.com.br\/site\/wp-content\/uploads\/2021\/02\/Policia-Noticia-Sirene.jpeg\"><img data-recalc-dims=\"1\" fetchpriority=\"high\" decoding=\"async\" width=\"599\" height=\"311\" src=\"https:\/\/i0.wp.com\/blogdoeloiltoncajuhy.com.br\/site\/wp-content\/uploads\/2021\/02\/Policia-Noticia-Sirene.jpeg?resize=599%2C311\" alt=\"\" class=\"wp-image-54323\" srcset=\"https:\/\/i0.wp.com\/blogdoeloiltoncajuhy.com.br\/site\/wp-content\/uploads\/2021\/02\/Policia-Noticia-Sirene.jpeg?w=599&amp;ssl=1 599w, https:\/\/i0.wp.com\/blogdoeloiltoncajuhy.com.br\/site\/wp-content\/uploads\/2021\/02\/Policia-Noticia-Sirene.jpeg?resize=300%2C156&amp;ssl=1 300w\" sizes=\"(max-width: 599px) 100vw, 599px\" \/><\/a><\/figure><\/div>\n\n\n\n<p>A s\u00e9rie de assassinatos segue em Senhor do Bonfim. Por volta das 22h30 desta sexta-feira (23), dois homens ocupando um ve\u00edculo de dados n\u00e3o anotados, abriram fogo contra um bar no Bairro do Mercado deixando o triste saldo de dois mortos e dois feridos.<\/p>\n\n\n\n<p>A pol\u00edcia investiga o caso, mas at\u00e9 o momento n\u00e3o tem detalhes sobre os autores do crime, bem como a motiva\u00e7\u00e3o. As v\u00edtimas deste ataque foram identificadas como <strong>Leonardo Alves da Silva<\/strong>, de 26 anos, que residia no Alto do Cigano, e a outra como apenas <strong>Sabino<\/strong>, de acordo com o <strong>Blog do Netto Maravilha<\/strong>.<\/p>\n\n\n\n<p>Um dos feridos, identificado apenas como Vin\u00edcius, utilizando sua moto foi at\u00e9 a UPA 24h e, ap\u00f3s ser atendido, foi transferido para o Hospital Dom Antonio Monteiro para avalia\u00e7\u00e3o cir\u00fargica. Ele estava com uma bala alojada no abd\u00f4men. O outro foi socorrido pelo SAMU para o HDAM. Dos dois mortos, um morreu no local do crime e o outro faleceu no HDAM ap\u00f3s ser socorrido pelo SAMU.<\/p>\n\n\n\n<p>As c\u00e1psulas encontradas por populares e pol\u00edcia nas imedia\u00e7\u00f5es do bar, deixam bem claro que os atiradores usaram arma de grosso calibre.<\/p>\n\n\n\n<div class=\"wp-block-image\"><figure class=\"aligncenter size-large\"><a href=\"https:\/\/i0.wp.com\/blogdoeloiltoncajuhy.com.br\/site\/wp-content\/uploads\/2021\/04\/CrimeBardoMercado_23.04.2021.jpg\"><img data-recalc-dims=\"1\" decoding=\"async\" width=\"800\" height=\"600\" src=\"https:\/\/i0.wp.com\/blogdoeloiltoncajuhy.com.br\/site\/wp-content\/uploads\/2021\/04\/CrimeBardoMercado_23.04.2021.jpg?resize=800%2C600\" alt=\"\" class=\"wp-image-55855\" srcset=\"https:\/\/i0.wp.com\/blogdoeloiltoncajuhy.com.br\/site\/wp-content\/uploads\/2021\/04\/CrimeBardoMercado_23.04.2021.jpg?resize=1024%2C768&amp;ssl=1 1024w, https:\/\/i0.wp.com\/blogdoeloiltoncajuhy.com.br\/site\/wp-content\/uploads\/2021\/04\/CrimeBardoMercado_23.04.2021.jpg?resize=300%2C225&amp;ssl=1 300w, https:\/\/i0.wp.com\/blogdoeloiltoncajuhy.com.br\/site\/wp-content\/uploads\/2021\/04\/CrimeBardoMercado_23.04.2021.jpg?resize=768%2C576&amp;ssl=1 768w, https:\/\/i0.wp.com\/blogdoeloiltoncajuhy.com.br\/site\/wp-content\/uploads\/2021\/04\/CrimeBardoMercado_23.04.2021.jpg?w=1280&amp;ssl=1 1280w\" sizes=\"(max-width: 800px) 100vw, 800px\" \/><\/a><figcaption><em>C\u00e1psulas de balas encontradas por populares e pol\u00edcia | Foto: Redes Sociais<\/em><\/figcaption><\/figure><\/div>\n\n\n\n<p>Nos \u00faltimos meses, a cidade de Senhor do Bonfim vem sendo palco de assassinatos com caracter\u00edsticas de execu\u00e7\u00e3o. Embora nem todos os casos tenham sido esclarecidos ainda, a pol\u00edcia vem trabalhando na hip\u00f3tese de crimes envolvendo o tr\u00e1fico de drogas. Um dos motivos, segundo as primeiras investiga\u00e7\u00f5es, \u00e9 a disputa por pontos de comercializa\u00e7\u00e3o de drogas.<\/p>\n\n\n\n<p>Sobre o ataque desta noite, cabe alguns questionamentos. Se existe um decreto proibindo a venda de bebidas alco\u00f3licas a partir das 18h de sexta-feira, por que este bar ainda estava funcionando \u00e0s 22h30? Se h\u00e1 um toque de recolher a partir das 21h, por que havia movimenta\u00e7\u00e3o ap\u00f3s este hor\u00e1rio? Quem \u00e9 o respons\u00e1vel pela fiscaliza\u00e7\u00e3o, a Pol\u00edcia Militar ou a Prefeitura de Senhor do Bonfim?<\/p>\n\n\n\n<p>\u00c9 bom lembrar que al\u00e9m do decreto do governo do estado, tamb\u00e9m h\u00e1 um decreto municipal com estas determina\u00e7\u00f5es, portanto, entendemos que PM e prefeitura t\u00eam a obriga\u00e7\u00e3o de fazer vale estes decretos.<\/p>\n","protected":false},"excerpt":{"rendered":"<p>Atualizado em 24.04.2021 \u00e0s 10h58 A s\u00e9rie de assassinatos segue em Senhor do Bonfim. Por volta das 22h30 desta sexta-feira (23), dois homens ocupando um ve\u00edculo de dados n\u00e3o anotados, abriram fogo contra um bar no Bairro do Mercado deixando o triste saldo de dois mortos e dois feridos. A pol\u00edcia investiga o caso, mas [&hellip;]<\/p>\n","protected":false},"author":2,"featured_media":3229,"comment_status":"open","ping_status":"open","sticky":false,"template":"","format":"standard","meta":{"_acf_changed":false,"_monsterinsights_skip_tracking":false,"_monsterinsights_sitenote_active":false,"_monsterinsights_sitenote_note":"","_monsterinsights_sitenote_category":0,"_jetpack_memberships_contains_paid_content":false,"footnotes":"","jetpack_publicize_message":"","jetpack_publicize_feature_enabled":true,"jetpack_social_post_already_shared":true,"jetpack_social_options":{"image_generator_settings":{"template":"highway","default_image_id":0,"font":"","enabled":false},"version":2}},"categories":[15],"tags":[],"class_list":["post-55854","post","type-post","status-publish","format-standard","has-post-thumbnail","hentry","category-policia"],"acf":[],"jetpack_publicize_connections":[],"jetpack_featured_media_url":"https:\/\/i0.wp.com\/blogdoeloiltoncajuhy.com.br\/site\/wp-content\/uploads\/2015\/08\/Plant%C3%A3o-de-Pol%C3%ADcia1.jpg?fit=640%2C329&ssl=1","jetpack_sharing_enabled":true,"publishpress_future_workflow_manual_trigger":{"enabledWorkflows":[]},"_links":{"self":[{"href":"https:\/\/blogdoeloiltoncajuhy.com.br\/site\/wp-json\/wp\/v2\/posts\/55854","targetHints":{"allow":["GET"]}}],"collection":[{"href":"https:\/\/blogdoeloiltoncajuhy.com.br\/site\/wp-json\/wp\/v2\/posts"}],"about":[{"href":"https:\/\/blogdoeloiltoncajuhy.com.br\/site\/wp-json\/wp\/v2\/types\/post"}],"author":[{"embeddable":true,"href":"https:\/\/blogdoeloiltoncajuhy.com.br\/site\/wp-json\/wp\/v2\/users\/2"}],"replies":[{"embeddable":true,"href":"https:\/\/blogdoeloiltoncajuhy.com.br\/site\/wp-json\/wp\/v2\/comments?post=55854"}],"version-history":[{"count":5,"href":"https:\/\/blogdoeloiltoncajuhy.com.br\/site\/wp-json\/wp\/v2\/posts\/55854\/revisions"}],"predecessor-version":[{"id":55862,"href":"https:\/\/blogdoeloiltoncajuhy.com.br\/site\/wp-json\/wp\/v2\/posts\/55854\/revisions\/55862"}],"wp:featuredmedia":[{"embeddable":true,"href":"https:\/\/blogdoeloiltoncajuhy.com.br\/site\/wp-json\/wp\/v2\/media\/3229"}],"wp:attachment":[{"href":"https:\/\/blogdoeloiltoncajuhy.com.br\/site\/wp-json\/wp\/v2\/media?parent=55854"}],"wp:term":[{"taxonomy":"category","embeddable":true,"href":"https:\/\/blogdoeloiltoncajuhy.com.br\/site\/wp-json\/wp\/v2\/categories?post=55854"},{"taxonomy":"post_tag","embeddable":true,"href":"https:\/\/blogdoeloiltoncajuhy.com.br\/site\/wp-json\/wp\/v2\/tags?post=55854"}],"curies":[{"name":"wp","href":"https:\/\/api.w.org\/{rel}","templated":true}]}}