{"id":55847,"date":"2021-04-23T09:22:04","date_gmt":"2021-04-23T12:22:04","guid":{"rendered":"http:\/\/blogdoeloiltoncajuhy.com.br\/site\/?p=55847"},"modified":"2021-04-23T09:22:05","modified_gmt":"2021-04-23T12:22:05","slug":"a-verdade-venceu-moro-atuou-contra-lula-como-agente-partidario-diz-presidente-do-pt","status":"publish","type":"post","link":"https:\/\/blogdoeloiltoncajuhy.com.br\/site\/a-verdade-venceu-moro-atuou-contra-lula-como-agente-partidario-diz-presidente-do-pt\/","title":{"rendered":"\u201cA verdade venceu; Moro atuou contra Lula como agente partid\u00e1rio\u201d, diz presidente do PT"},"content":{"rendered":"\n<div class=\"wp-block-image\"><figure class=\"aligncenter size-large\"><a href=\"https:\/\/i0.wp.com\/blogdoeloiltoncajuhy.com.br\/site\/wp-content\/uploads\/2021\/04\/presidente-do-PT-da-Bahia-Eden-Valadares-FOTO-Divulgacao.jpg\"><img data-recalc-dims=\"1\" fetchpriority=\"high\" decoding=\"async\" width=\"800\" height=\"533\" src=\"https:\/\/i0.wp.com\/blogdoeloiltoncajuhy.com.br\/site\/wp-content\/uploads\/2021\/04\/presidente-do-PT-da-Bahia-Eden-Valadares-FOTO-Divulgacao.jpg?resize=800%2C533\" alt=\"\" class=\"wp-image-55848\" srcset=\"https:\/\/i0.wp.com\/blogdoeloiltoncajuhy.com.br\/site\/wp-content\/uploads\/2021\/04\/presidente-do-PT-da-Bahia-Eden-Valadares-FOTO-Divulgacao.jpg?w=960&amp;ssl=1 960w, https:\/\/i0.wp.com\/blogdoeloiltoncajuhy.com.br\/site\/wp-content\/uploads\/2021\/04\/presidente-do-PT-da-Bahia-Eden-Valadares-FOTO-Divulgacao.jpg?resize=300%2C200&amp;ssl=1 300w, https:\/\/i0.wp.com\/blogdoeloiltoncajuhy.com.br\/site\/wp-content\/uploads\/2021\/04\/presidente-do-PT-da-Bahia-Eden-Valadares-FOTO-Divulgacao.jpg?resize=768%2C512&amp;ssl=1 768w\" sizes=\"(max-width: 800px) 100vw, 800px\" \/><\/a><figcaption><em>Atual presidente do PT da Bahia \u00c9den Valadares &#8211; Foto: Divulga\u00e7\u00e3o<\/em><\/figcaption><\/figure><\/div>\n\n\n\n<p>Os ministros do Supremo Tribunal Federal (STF), por ampla maioria, atenderam nesta quinta-feira (22) ao agravo regimental apresentado pela defesa do ex-presidente Luiz In\u00e1cio Lula da Silva (PT), onde afirmava que a decis\u00e3o sobre a incompet\u00eancia da 13\u00aa Vara Federal de Curitiba n\u00e3o afeta o reconhecimento da suspei\u00e7\u00e3o do ex-juiz Sergio Moro por quebra de imparcialidade, definido na Segunda Turma da Corte em 23 mar\u00e7o deste ano.<\/p>\n\n\n\n<p>No agravo que foi apreciado no plen\u00e1rio do STF, a defesa de Lula apontou que o HC 164493, da suspei\u00e7\u00e3o de Moro, n\u00e3o poderia ser derrubado ap\u00f3s a decis\u00e3o sobre a incompet\u00eancia de Curitiba, tendo em vista que o HC j\u00e1 foi apreciado na Segunda Turma.<\/p>\n\n\n\n<p>Quem celebrou a decis\u00e3o foi o presidente do PT da Bahia, \u00c9den Valadares. <em>\u201cFinalmente a verdade venceu. Desde o in\u00edcio do processo, n\u00f3s do PT apresentamos o car\u00e1ter ilegal, parcial e de persegui\u00e7\u00e3o pol\u00edtica ao presidente Lula. O ex-juiz S\u00e9rgio Moro atuou como um agente partid\u00e1rio e hoje o STF reconheceu isso. Quando a pol\u00edtica entra pela porta de um tribunal, a justi\u00e7a sai pela janela. Lula est\u00e1 definitivamente livre, inocente e a possibilidade de sua candidatura \u00e0 Presid\u00eancia \u00e9 uma luz de esperan\u00e7a para o Brasil sair desta fase marcada pela desumanidade, incompet\u00eancia e agravamento da fome, do desemprego e falta de oportunidades\u201d<\/em>, declara o petista.<\/p>\n","protected":false},"excerpt":{"rendered":"<p>Os ministros do Supremo Tribunal Federal (STF), por ampla maioria, atenderam nesta quinta-feira (22) ao agravo regimental apresentado pela defesa do ex-presidente Luiz In\u00e1cio Lula da Silva (PT), onde afirmava que a decis\u00e3o sobre a incompet\u00eancia da 13\u00aa Vara Federal de Curitiba n\u00e3o afeta o reconhecimento da suspei\u00e7\u00e3o do ex-juiz Sergio Moro por quebra de [&hellip;]<\/p>\n","protected":false},"author":2,"featured_media":55848,"comment_status":"open","ping_status":"open","sticky":false,"template":"","format":"standard","meta":{"_acf_changed":false,"_monsterinsights_skip_tracking":false,"_monsterinsights_sitenote_active":false,"_monsterinsights_sitenote_note":"","_monsterinsights_sitenote_category":0,"_jetpack_memberships_contains_paid_content":false,"footnotes":"","jetpack_publicize_message":"","jetpack_publicize_feature_enabled":true,"jetpack_social_post_already_shared":true,"jetpack_social_options":{"image_generator_settings":{"template":"highway","default_image_id":0,"font":"","enabled":false},"version":2}},"categories":[3],"tags":[],"class_list":["post-55847","post","type-post","status-publish","format-standard","has-post-thumbnail","hentry","category-politica"],"acf":[],"jetpack_publicize_connections":[],"jetpack_featured_media_url":"https:\/\/i0.wp.com\/blogdoeloiltoncajuhy.com.br\/site\/wp-content\/uploads\/2021\/04\/presidente-do-PT-da-Bahia-Eden-Valadares-FOTO-Divulgacao.jpg?fit=960%2C640&ssl=1","jetpack_sharing_enabled":true,"publishpress_future_workflow_manual_trigger":{"enabledWorkflows":[]},"_links":{"self":[{"href":"https:\/\/blogdoeloiltoncajuhy.com.br\/site\/wp-json\/wp\/v2\/posts\/55847","targetHints":{"allow":["GET"]}}],"collection":[{"href":"https:\/\/blogdoeloiltoncajuhy.com.br\/site\/wp-json\/wp\/v2\/posts"}],"about":[{"href":"https:\/\/blogdoeloiltoncajuhy.com.br\/site\/wp-json\/wp\/v2\/types\/post"}],"author":[{"embeddable":true,"href":"https:\/\/blogdoeloiltoncajuhy.com.br\/site\/wp-json\/wp\/v2\/users\/2"}],"replies":[{"embeddable":true,"href":"https:\/\/blogdoeloiltoncajuhy.com.br\/site\/wp-json\/wp\/v2\/comments?post=55847"}],"version-history":[{"count":2,"href":"https:\/\/blogdoeloiltoncajuhy.com.br\/site\/wp-json\/wp\/v2\/posts\/55847\/revisions"}],"predecessor-version":[{"id":55850,"href":"https:\/\/blogdoeloiltoncajuhy.com.br\/site\/wp-json\/wp\/v2\/posts\/55847\/revisions\/55850"}],"wp:featuredmedia":[{"embeddable":true,"href":"https:\/\/blogdoeloiltoncajuhy.com.br\/site\/wp-json\/wp\/v2\/media\/55848"}],"wp:attachment":[{"href":"https:\/\/blogdoeloiltoncajuhy.com.br\/site\/wp-json\/wp\/v2\/media?parent=55847"}],"wp:term":[{"taxonomy":"category","embeddable":true,"href":"https:\/\/blogdoeloiltoncajuhy.com.br\/site\/wp-json\/wp\/v2\/categories?post=55847"},{"taxonomy":"post_tag","embeddable":true,"href":"https:\/\/blogdoeloiltoncajuhy.com.br\/site\/wp-json\/wp\/v2\/tags?post=55847"}],"curies":[{"name":"wp","href":"https:\/\/api.w.org\/{rel}","templated":true}]}}