{"id":55838,"date":"2021-04-23T09:04:06","date_gmt":"2021-04-23T12:04:06","guid":{"rendered":"http:\/\/blogdoeloiltoncajuhy.com.br\/site\/?p=55838"},"modified":"2021-04-23T09:04:07","modified_gmt":"2021-04-23T12:04:07","slug":"suspeito-de-trafico-e-morto-em-troca-de-tiros-com-pms-e-cao-farejador-acha-50-kg-de-drogas-em-matagal","status":"publish","type":"post","link":"https:\/\/blogdoeloiltoncajuhy.com.br\/site\/suspeito-de-trafico-e-morto-em-troca-de-tiros-com-pms-e-cao-farejador-acha-50-kg-de-drogas-em-matagal\/","title":{"rendered":"Suspeito de tr\u00e1fico \u00e9 morto em troca de tiros com PM&#8217;s e c\u00e3o farejador acha 50 kg de drogas em matagal"},"content":{"rendered":"\n<h5 class=\"has-text-align-center wp-block-heading\"><em>A\u00e7\u00e3o policial foi realizada na quinta-feira (22), em Feira de Santana. Maconha e coca\u00edna estavam escondidas em um local de mata fechada<\/em><\/h5>\n\n\n\n<div class=\"wp-block-image\"><figure class=\"aligncenter size-large\"><a href=\"https:\/\/i0.wp.com\/blogdoeloiltoncajuhy.com.br\/site\/wp-content\/uploads\/2021\/04\/PM_AcaoFeira.jpeg\"><img data-recalc-dims=\"1\" fetchpriority=\"high\" decoding=\"async\" width=\"800\" height=\"501\" src=\"https:\/\/i0.wp.com\/blogdoeloiltoncajuhy.com.br\/site\/wp-content\/uploads\/2021\/04\/PM_AcaoFeira.jpeg?resize=800%2C501\" alt=\"\" class=\"wp-image-55839\" srcset=\"https:\/\/i0.wp.com\/blogdoeloiltoncajuhy.com.br\/site\/wp-content\/uploads\/2021\/04\/PM_AcaoFeira.jpeg?w=984&amp;ssl=1 984w, https:\/\/i0.wp.com\/blogdoeloiltoncajuhy.com.br\/site\/wp-content\/uploads\/2021\/04\/PM_AcaoFeira.jpeg?resize=300%2C188&amp;ssl=1 300w, https:\/\/i0.wp.com\/blogdoeloiltoncajuhy.com.br\/site\/wp-content\/uploads\/2021\/04\/PM_AcaoFeira.jpeg?resize=768%2C481&amp;ssl=1 768w\" sizes=\"(max-width: 800px) 100vw, 800px\" \/><\/a><figcaption><em>Ap\u00f3s confronto com suspeitos, c\u00e3o farejador encontrou 50 kg de drogas em matagal \u2014 Foto: Divulga\u00e7\u00e3o\/SSP-BA<\/em><\/figcaption><\/figure><\/div>\n\n\n\n<p>Um suspeito de tr\u00e1fico de drogas foi morto em troca de tiros com policiais militares, na tarde desta quinta-feira (22), em Feira de Santana. Durante a a\u00e7\u00e3o policial, um c\u00e3o farejador encontrou 50 quilos de drogas escondidos em matagal.<\/p>\n\n\n\n<p>Segundo informa\u00e7\u00f5es da Secretaria de Seguran\u00e7a P\u00fablica (SSP-BA), uma den\u00fancia an\u00f4nima sobre homens traficando levaram guarni\u00e7\u00f5es das Rondas Especiais (Rondesp) Leste at\u00e9 a localidade conhecida como Alimba. Quatro suspeitos foram avistados dentro de uma \u00e1rea de mata fechada e, durante aproxima\u00e7\u00e3o, atiraram contra os militares.<\/p>\n\n\n\n<p>Uma troca de tiros foi iniciada, e um dos traficante ficou ferido. Ele foi socorrido para o Hospital Geral Cl\u00e9riston Andrade, mas n\u00e3o resistiu. Ainda segundo a SSP, com ele foram apreendidos um rev\u00f3lver calibre 38, muni\u00e7\u00f5es e dois celulares. Os outros suspeitos conseguiram fugir.<\/p>\n\n\n\n<p>Com apoio de um c\u00e3o especialista em farejar entorpecentes, 50 tabletes e sacos com maconha e coca\u00edna foram achados escondidos no matagal. Os materiais apreendidos foram apresentados na Central de Flagrantes de Feira de Santana.<\/p>\n","protected":false},"excerpt":{"rendered":"<p>A\u00e7\u00e3o policial foi realizada na quinta-feira (22), em Feira de Santana. Maconha e coca\u00edna estavam escondidas em um local de mata fechada Um suspeito de tr\u00e1fico de drogas foi morto em troca de tiros com policiais militares, na tarde desta quinta-feira (22), em Feira de Santana. Durante a a\u00e7\u00e3o policial, um c\u00e3o farejador encontrou 50 [&hellip;]<\/p>\n","protected":false},"author":2,"featured_media":55839,"comment_status":"open","ping_status":"open","sticky":false,"template":"","format":"standard","meta":{"_acf_changed":false,"_monsterinsights_skip_tracking":false,"_monsterinsights_sitenote_active":false,"_monsterinsights_sitenote_note":"","_monsterinsights_sitenote_category":0,"_jetpack_memberships_contains_paid_content":false,"footnotes":"","jetpack_publicize_message":"","jetpack_publicize_feature_enabled":true,"jetpack_social_post_already_shared":true,"jetpack_social_options":{"image_generator_settings":{"template":"highway","default_image_id":0,"font":"","enabled":false},"version":2}},"categories":[15],"tags":[],"class_list":["post-55838","post","type-post","status-publish","format-standard","has-post-thumbnail","hentry","category-policia"],"acf":[],"jetpack_publicize_connections":[],"jetpack_featured_media_url":"https:\/\/i0.wp.com\/blogdoeloiltoncajuhy.com.br\/site\/wp-content\/uploads\/2021\/04\/PM_AcaoFeira.jpeg?fit=984%2C616&ssl=1","jetpack_sharing_enabled":true,"publishpress_future_workflow_manual_trigger":{"enabledWorkflows":[]},"_links":{"self":[{"href":"https:\/\/blogdoeloiltoncajuhy.com.br\/site\/wp-json\/wp\/v2\/posts\/55838","targetHints":{"allow":["GET"]}}],"collection":[{"href":"https:\/\/blogdoeloiltoncajuhy.com.br\/site\/wp-json\/wp\/v2\/posts"}],"about":[{"href":"https:\/\/blogdoeloiltoncajuhy.com.br\/site\/wp-json\/wp\/v2\/types\/post"}],"author":[{"embeddable":true,"href":"https:\/\/blogdoeloiltoncajuhy.com.br\/site\/wp-json\/wp\/v2\/users\/2"}],"replies":[{"embeddable":true,"href":"https:\/\/blogdoeloiltoncajuhy.com.br\/site\/wp-json\/wp\/v2\/comments?post=55838"}],"version-history":[{"count":2,"href":"https:\/\/blogdoeloiltoncajuhy.com.br\/site\/wp-json\/wp\/v2\/posts\/55838\/revisions"}],"predecessor-version":[{"id":55841,"href":"https:\/\/blogdoeloiltoncajuhy.com.br\/site\/wp-json\/wp\/v2\/posts\/55838\/revisions\/55841"}],"wp:featuredmedia":[{"embeddable":true,"href":"https:\/\/blogdoeloiltoncajuhy.com.br\/site\/wp-json\/wp\/v2\/media\/55839"}],"wp:attachment":[{"href":"https:\/\/blogdoeloiltoncajuhy.com.br\/site\/wp-json\/wp\/v2\/media?parent=55838"}],"wp:term":[{"taxonomy":"category","embeddable":true,"href":"https:\/\/blogdoeloiltoncajuhy.com.br\/site\/wp-json\/wp\/v2\/categories?post=55838"},{"taxonomy":"post_tag","embeddable":true,"href":"https:\/\/blogdoeloiltoncajuhy.com.br\/site\/wp-json\/wp\/v2\/tags?post=55838"}],"curies":[{"name":"wp","href":"https:\/\/api.w.org\/{rel}","templated":true}]}}