{"id":55828,"date":"2021-04-23T08:07:46","date_gmt":"2021-04-23T11:07:46","guid":{"rendered":"http:\/\/blogdoeloiltoncajuhy.com.br\/site\/?p=55828"},"modified":"2021-04-23T08:07:47","modified_gmt":"2021-04-23T11:07:47","slug":"fenagri-2021-e-lancada-durante-debate-ao-vivo-para-todo-pais","status":"publish","type":"post","link":"https:\/\/blogdoeloiltoncajuhy.com.br\/site\/fenagri-2021-e-lancada-durante-debate-ao-vivo-para-todo-pais\/","title":{"rendered":"Fenagri 2021 \u00e9 lan\u00e7ada durante debate ao vivo para todo Pa\u00eds"},"content":{"rendered":"\n<div class=\"wp-block-image\"><figure class=\"aligncenter size-large\"><a href=\"https:\/\/i0.wp.com\/blogdoeloiltoncajuhy.com.br\/site\/wp-content\/uploads\/2021\/04\/Fenagri_2021-04.jpeg\"><img data-recalc-dims=\"1\" fetchpriority=\"high\" decoding=\"async\" width=\"800\" height=\"456\" src=\"https:\/\/i0.wp.com\/blogdoeloiltoncajuhy.com.br\/site\/wp-content\/uploads\/2021\/04\/Fenagri_2021-04.jpeg?resize=800%2C456\" alt=\"\" class=\"wp-image-55829\" srcset=\"https:\/\/i0.wp.com\/blogdoeloiltoncajuhy.com.br\/site\/wp-content\/uploads\/2021\/04\/Fenagri_2021-04.jpeg?resize=1024%2C584&amp;ssl=1 1024w, https:\/\/i0.wp.com\/blogdoeloiltoncajuhy.com.br\/site\/wp-content\/uploads\/2021\/04\/Fenagri_2021-04.jpeg?resize=300%2C171&amp;ssl=1 300w, https:\/\/i0.wp.com\/blogdoeloiltoncajuhy.com.br\/site\/wp-content\/uploads\/2021\/04\/Fenagri_2021-04.jpeg?resize=768%2C438&amp;ssl=1 768w, https:\/\/i0.wp.com\/blogdoeloiltoncajuhy.com.br\/site\/wp-content\/uploads\/2021\/04\/Fenagri_2021-04.jpeg?w=1280&amp;ssl=1 1280w\" sizes=\"(max-width: 800px) 100vw, 800px\" \/><\/a><\/figure><\/div>\n\n\n\n<p>Depois de 35 anos de sucessivas e exitosas edi\u00e7\u00f5es, a 28\u00aa Feira Nacional de Agricultura Irrigada (Fenagri 2021), ser\u00e1 realizada, pela primeira vez, de forma h\u00edbrida, com eventos online e parte da programa\u00e7\u00e3o presencial, de 6 a 9 de outubro pr\u00f3ximo no novo P\u00e1tio de Eventos Ana das Carrancas, em Petrolina &#8211; PE. A novidade foi confirmada na tarde desta quinta-feira (22), durante o debate de lan\u00e7amento da feira, ao vivo para todo o Pa\u00eds, no programa Agro 360, que foi transmitido pelo Canal Terraviva e tamb\u00e9m pelas redes sociais Instagram, YouTube e Facebook.<\/p>\n\n\n\n<p>Considerada a maior feira de fruticultura irrigada da Am\u00e9rica Latina, a Fenagri, segundo o prefeito de Petrolina, Miguel Coelho, que abriu os trabalhos, \u00e9 uma vitrine para a promo\u00e7\u00e3o e realiza\u00e7\u00e3o de neg\u00f3cios, transfer\u00eancia de tecnologias e a divulga\u00e7\u00e3o, em todo o mundo, das potencialidades do Vale do S\u00e3o Francisco.<\/p>\n\n\n\n<p><em>\u201cNesta edi\u00e7\u00e3o, nosso foco ser\u00e1 a \u2018Agricultura Digital: Tecnologia e Inova\u00e7\u00e3o\u2019 e a feira, em fun\u00e7\u00e3o da pandemia da Covid \u2013 19, ir\u00e1 obedecer aos protocolos de seguran\u00e7a com medidas a exemplo da manuten\u00e7\u00e3o do distanciamento social, cumprimento de hor\u00e1rios e acessos separados para visitantes e expositores, controle de p\u00fablico, al\u00e9m do uso obrigat\u00f3rio de m\u00e1scaras e \u00e1lcool gel\u201d<\/em>, ressaltou.<\/p>\n\n\n\n<p>Em parceria com a Associa\u00e7\u00e3o dos Produtores e Exportadores de Hortigranjeiros e Derivados do Vale do S\u00e3o Francisco \u2013 Valexport, a prefeitura de Petrolina est\u00e1 montando uma vasta programa\u00e7\u00e3o com destaque para mostra de produtos e servi\u00e7os, f\u00f3rum sobre as perspectivas do agroneg\u00f3cio brasileiro, workshop, semin\u00e1rio, minicursos e o Agritec, apresentando inova\u00e7\u00f5es do agroneg\u00f3cio regional.<\/p>\n\n\n\n<div class=\"wp-block-image\"><figure class=\"aligncenter size-large\"><a href=\"https:\/\/i0.wp.com\/blogdoeloiltoncajuhy.com.br\/site\/wp-content\/uploads\/2021\/04\/Fenagri_2021-05.jpeg\"><img data-recalc-dims=\"1\" decoding=\"async\" width=\"800\" height=\"434\" src=\"https:\/\/i0.wp.com\/blogdoeloiltoncajuhy.com.br\/site\/wp-content\/uploads\/2021\/04\/Fenagri_2021-05.jpeg?resize=800%2C434\" alt=\"\" class=\"wp-image-55830\" srcset=\"https:\/\/i0.wp.com\/blogdoeloiltoncajuhy.com.br\/site\/wp-content\/uploads\/2021\/04\/Fenagri_2021-05.jpeg?resize=1024%2C555&amp;ssl=1 1024w, https:\/\/i0.wp.com\/blogdoeloiltoncajuhy.com.br\/site\/wp-content\/uploads\/2021\/04\/Fenagri_2021-05.jpeg?resize=300%2C163&amp;ssl=1 300w, https:\/\/i0.wp.com\/blogdoeloiltoncajuhy.com.br\/site\/wp-content\/uploads\/2021\/04\/Fenagri_2021-05.jpeg?resize=768%2C416&amp;ssl=1 768w, https:\/\/i0.wp.com\/blogdoeloiltoncajuhy.com.br\/site\/wp-content\/uploads\/2021\/04\/Fenagri_2021-05.jpeg?w=1280&amp;ssl=1 1280w\" sizes=\"(max-width: 800px) 100vw, 800px\" \/><\/a><\/figure><\/div>\n\n\n\n<p>A partir do tema do debate \u2018O impacto do agroneg\u00f3cio no ODS 2 (Objetivos de Desenvolvimento Sustent\u00e1vel) &#8211; Fome Zero e Agricultura Sustent\u00e1vel Investimento Social Privado\u2019, o presidente da Valexport, Jos\u00e9 Gualberto, lembrou que a feira, ao longo desses anos, ajudou a consolidar o Brasil como o terceiro maior produtor de frutas e um dos pa\u00edses que mais exporta em todo mundo.<\/p>\n\n\n\n<p><em>\u201cNosso Vale produz hoje numa \u00e1rea de 250 mil hectares 2,4 milh\u00f5es de toneladas de frutas que movimentam cerca de R$ 7,7 bilh\u00f5es por ano. Somente as culturas de uva e manga s\u00e3o respons\u00e1veis respectivamente por 98% e 87% das exporta\u00e7\u00f5es do Pa\u00eds\u201d<\/em>, acrescentou. Gualberto enfatizou ainda o potencial do Vale para a inser\u00e7\u00e3o de novas variedades de fruteiras e cobrou do Governo Federal mais cr\u00e9dito para os produtores e mais investimentos para a pesquisa agropecu\u00e1ria e extens\u00e3o rural.<\/p>\n\n\n\n<p>Participaram ainda do debate o ex-ministro da Agricultura e indicado ao Pr\u00eamio Nobel da Paz 2021, Alysson Paolinelli, o presidente da Caixa Econ\u00f4mica Federal, Pedro Guimar\u00e3es, Linda Pfeiffer (CEO &#8211; INMED Partnerships for Children), o diretor de Sustentabilidade da Bayer para Am\u00e9rica Latina, Eduardo Bastos e o produtor, ex-prefeito de Petrolina e ex-deputado federal, Guilherme Coelho, presidente da Associa\u00e7\u00e3o Brasileira dos Produtores Exportadores de Frutas e Derivados \u2013 Abrafrutas.<\/p>\n\n\n\n<p>At\u00e9 a realiza\u00e7\u00e3o da feira, em outubro, os organizadores ir\u00e3o realizar uma s\u00e9rie de eventos de envolvimento e prepara\u00e7\u00e3o a exemplo de um webinar (confer\u00eancia online ao vivo) com o tema \u2018A realidade ampliada do Nordeste &#8211; Transposi\u00e7\u00e3o do Rio S\u00e3o Francisco\u2019, que est\u00e1 programado para o pr\u00f3ximo m\u00eas de julho.<\/p>\n\n\n\n<div class=\"wp-block-image\"><figure class=\"aligncenter size-large\"><a href=\"https:\/\/i0.wp.com\/blogdoeloiltoncajuhy.com.br\/site\/wp-content\/uploads\/2021\/04\/Fenagri_2021-06.jpeg\"><img data-recalc-dims=\"1\" decoding=\"async\" width=\"800\" height=\"457\" src=\"https:\/\/i0.wp.com\/blogdoeloiltoncajuhy.com.br\/site\/wp-content\/uploads\/2021\/04\/Fenagri_2021-06.jpeg?resize=800%2C457\" alt=\"\" class=\"wp-image-55831\" srcset=\"https:\/\/i0.wp.com\/blogdoeloiltoncajuhy.com.br\/site\/wp-content\/uploads\/2021\/04\/Fenagri_2021-06.jpeg?resize=1024%2C585&amp;ssl=1 1024w, https:\/\/i0.wp.com\/blogdoeloiltoncajuhy.com.br\/site\/wp-content\/uploads\/2021\/04\/Fenagri_2021-06.jpeg?resize=300%2C171&amp;ssl=1 300w, https:\/\/i0.wp.com\/blogdoeloiltoncajuhy.com.br\/site\/wp-content\/uploads\/2021\/04\/Fenagri_2021-06.jpeg?resize=768%2C439&amp;ssl=1 768w, https:\/\/i0.wp.com\/blogdoeloiltoncajuhy.com.br\/site\/wp-content\/uploads\/2021\/04\/Fenagri_2021-06.jpeg?w=1280&amp;ssl=1 1280w\" sizes=\"(max-width: 800px) 100vw, 800px\" \/><\/a><\/figure><\/div>\n","protected":false},"excerpt":{"rendered":"<p>Depois de 35 anos de sucessivas e exitosas edi\u00e7\u00f5es, a 28\u00aa Feira Nacional de Agricultura Irrigada (Fenagri 2021), ser\u00e1 realizada, pela primeira vez, de forma h\u00edbrida, com eventos online e parte da programa\u00e7\u00e3o presencial, de 6 a 9 de outubro pr\u00f3ximo no novo P\u00e1tio de Eventos Ana das Carrancas, em Petrolina &#8211; PE. A novidade [&hellip;]<\/p>\n","protected":false},"author":2,"featured_media":55831,"comment_status":"open","ping_status":"open","sticky":false,"template":"","format":"standard","meta":{"_acf_changed":false,"_monsterinsights_skip_tracking":false,"_monsterinsights_sitenote_active":false,"_monsterinsights_sitenote_note":"","_monsterinsights_sitenote_category":0,"_jetpack_memberships_contains_paid_content":false,"footnotes":"","jetpack_publicize_message":"","jetpack_publicize_feature_enabled":true,"jetpack_social_post_already_shared":true,"jetpack_social_options":{"image_generator_settings":{"template":"highway","default_image_id":0,"font":"","enabled":false},"version":2}},"categories":[11],"tags":[],"class_list":["post-55828","post","type-post","status-publish","format-standard","has-post-thumbnail","hentry","category-regional"],"acf":[],"jetpack_publicize_connections":[],"jetpack_featured_media_url":"https:\/\/i0.wp.com\/blogdoeloiltoncajuhy.com.br\/site\/wp-content\/uploads\/2021\/04\/Fenagri_2021-06.jpeg?fit=1280%2C731&ssl=1","jetpack_sharing_enabled":true,"publishpress_future_workflow_manual_trigger":{"enabledWorkflows":[]},"_links":{"self":[{"href":"https:\/\/blogdoeloiltoncajuhy.com.br\/site\/wp-json\/wp\/v2\/posts\/55828","targetHints":{"allow":["GET"]}}],"collection":[{"href":"https:\/\/blogdoeloiltoncajuhy.com.br\/site\/wp-json\/wp\/v2\/posts"}],"about":[{"href":"https:\/\/blogdoeloiltoncajuhy.com.br\/site\/wp-json\/wp\/v2\/types\/post"}],"author":[{"embeddable":true,"href":"https:\/\/blogdoeloiltoncajuhy.com.br\/site\/wp-json\/wp\/v2\/users\/2"}],"replies":[{"embeddable":true,"href":"https:\/\/blogdoeloiltoncajuhy.com.br\/site\/wp-json\/wp\/v2\/comments?post=55828"}],"version-history":[{"count":1,"href":"https:\/\/blogdoeloiltoncajuhy.com.br\/site\/wp-json\/wp\/v2\/posts\/55828\/revisions"}],"predecessor-version":[{"id":55832,"href":"https:\/\/blogdoeloiltoncajuhy.com.br\/site\/wp-json\/wp\/v2\/posts\/55828\/revisions\/55832"}],"wp:featuredmedia":[{"embeddable":true,"href":"https:\/\/blogdoeloiltoncajuhy.com.br\/site\/wp-json\/wp\/v2\/media\/55831"}],"wp:attachment":[{"href":"https:\/\/blogdoeloiltoncajuhy.com.br\/site\/wp-json\/wp\/v2\/media?parent=55828"}],"wp:term":[{"taxonomy":"category","embeddable":true,"href":"https:\/\/blogdoeloiltoncajuhy.com.br\/site\/wp-json\/wp\/v2\/categories?post=55828"},{"taxonomy":"post_tag","embeddable":true,"href":"https:\/\/blogdoeloiltoncajuhy.com.br\/site\/wp-json\/wp\/v2\/tags?post=55828"}],"curies":[{"name":"wp","href":"https:\/\/api.w.org\/{rel}","templated":true}]}}