{"id":55821,"date":"2021-04-23T07:32:17","date_gmt":"2021-04-23T10:32:17","guid":{"rendered":"http:\/\/blogdoeloiltoncajuhy.com.br\/site\/?p=55821"},"modified":"2021-04-23T07:32:18","modified_gmt":"2021-04-23T10:32:18","slug":"ventos-e-tempestades-da-vida","status":"publish","type":"post","link":"https:\/\/blogdoeloiltoncajuhy.com.br\/site\/ventos-e-tempestades-da-vida\/","title":{"rendered":"Ventos e tempestades da vida"},"content":{"rendered":"\n<div class=\"wp-block-image\"><figure class=\"aligncenter size-large\"><a href=\"https:\/\/i0.wp.com\/blogdoeloiltoncajuhy.com.br\/site\/wp-content\/uploads\/2021\/04\/Reflexao_Ventos-e-tempestades-da-vida.jpg\"><img data-recalc-dims=\"1\" fetchpriority=\"high\" decoding=\"async\" width=\"416\" height=\"512\" src=\"https:\/\/i0.wp.com\/blogdoeloiltoncajuhy.com.br\/site\/wp-content\/uploads\/2021\/04\/Reflexao_Ventos-e-tempestades-da-vida.jpg?resize=416%2C512\" alt=\"\" class=\"wp-image-55822\" srcset=\"https:\/\/i0.wp.com\/blogdoeloiltoncajuhy.com.br\/site\/wp-content\/uploads\/2021\/04\/Reflexao_Ventos-e-tempestades-da-vida.jpg?w=416&amp;ssl=1 416w, https:\/\/i0.wp.com\/blogdoeloiltoncajuhy.com.br\/site\/wp-content\/uploads\/2021\/04\/Reflexao_Ventos-e-tempestades-da-vida.jpg?resize=244%2C300&amp;ssl=1 244w\" sizes=\"(max-width: 416px) 100vw, 416px\" \/><\/a><\/figure><\/div>\n\n\n\n<p>Um escritor ingl\u00eas, do s\u00e9culo passado, conta em uma de suas obras que na praia perto de sua casa, uma coisa muito interessante podia ser vista com frequ\u00eancia: um navio lan\u00e7ando a sua \u00e2ncora no mar enfurecido.<\/p>\n\n\n\n<p>Dificilmente existe uma coisa mais interessante ou sugestiva do que essa. O navio dan\u00e7a sobre as ondas. Parece estar sob o poder e \u00e0 merc\u00ea delas. O vento e a \u00e1gua se combinam para fazer do navio o seu brinquedo. Parece que vai haver destrui\u00e7\u00e3o. pois se o casco do navio for lan\u00e7ado sobre as rochas, ser\u00e1 despeda\u00e7ado.<\/p>\n\n\n\n<p>Mas observamos que o navio mant\u00e9m a sua posi\u00e7\u00e3o. Embora \u00e0 primeira vista parecesse um brinquedinho desamparado \u00e0 merc\u00ea dos elementos, o navio n\u00e3o \u00e9 vencido. Qual \u00e9 o segredo da seguran\u00e7a deste navio? Como pode resistir \u00e0s for\u00e7as da natureza com tanta tranquilidade? Existe seguran\u00e7a para o navio no meio da tempestade porque ele est\u00e1 ancorado! A corda \u00e0 qual ele est\u00e1 amarrado n\u00e3o depende das \u00e1guas, nem de qualquer outra coisa que flutue dentro delas.<\/p>\n\n\n\n<p>Ela as atravessa e est\u00e1 fixada no fundo s\u00f3lido do mar. N\u00e3o importa qu\u00e3o forte o vento sopre ou qu\u00e3o altas sejam as ondas do mar\u2026 A sua seguran\u00e7a depende da \u00e2ncora que est\u00e1 im\u00f3vel no fundo do oceano. Muitas vezes nos sentimos no meio de uma tormenta, sendo jogados pelas ondas da vida para cima e para baixo e a\u00e7oitados pelo vento da adversidade.<\/p>\n\n\n\n<p>Parece-nos, \u00e0s vezes, que n\u00e3o conseguiremos sobreviver a determinados per\u00edodos de nossas vidas. Sem uma vida espiritual, a nossa vida \u00e9 como um navio sacudido pelo mar enraivecido das circunst\u00e2ncias incontrol\u00e1veis da vida. Mas, confiando em Deus, experimentamos sua presen\u00e7a e amor como \u00e2ncora da nossa vida.<\/p>\n\n\n\n<p>Nos sentimos encorajados e esperan\u00e7osos. Essa esperan\u00e7a mant\u00e9m segura e firme a nossa vida, assim como a \u00e2ncora mant\u00e9m seguro o barco.<\/p>\n","protected":false},"excerpt":{"rendered":"<p>Um escritor ingl\u00eas, do s\u00e9culo passado, conta em uma de suas obras que na praia perto de sua casa, uma coisa muito interessante podia ser vista com frequ\u00eancia: um navio lan\u00e7ando a sua \u00e2ncora no mar enfurecido. Dificilmente existe uma coisa mais interessante ou sugestiva do que essa. O navio dan\u00e7a sobre as ondas. Parece [&hellip;]<\/p>\n","protected":false},"author":2,"featured_media":55822,"comment_status":"open","ping_status":"open","sticky":false,"template":"","format":"standard","meta":{"_acf_changed":false,"_monsterinsights_skip_tracking":false,"_monsterinsights_sitenote_active":false,"_monsterinsights_sitenote_note":"","_monsterinsights_sitenote_category":0,"_jetpack_memberships_contains_paid_content":false,"footnotes":"","jetpack_publicize_message":"","jetpack_publicize_feature_enabled":true,"jetpack_social_post_already_shared":true,"jetpack_social_options":{"image_generator_settings":{"template":"highway","default_image_id":0,"font":"","enabled":false},"version":2}},"categories":[9],"tags":[],"class_list":["post-55821","post","type-post","status-publish","format-standard","has-post-thumbnail","hentry","category-reflexao"],"acf":[],"jetpack_publicize_connections":[],"jetpack_featured_media_url":"https:\/\/i0.wp.com\/blogdoeloiltoncajuhy.com.br\/site\/wp-content\/uploads\/2021\/04\/Reflexao_Ventos-e-tempestades-da-vida.jpg?fit=416%2C512&ssl=1","jetpack_sharing_enabled":true,"publishpress_future_workflow_manual_trigger":{"enabledWorkflows":[]},"_links":{"self":[{"href":"https:\/\/blogdoeloiltoncajuhy.com.br\/site\/wp-json\/wp\/v2\/posts\/55821","targetHints":{"allow":["GET"]}}],"collection":[{"href":"https:\/\/blogdoeloiltoncajuhy.com.br\/site\/wp-json\/wp\/v2\/posts"}],"about":[{"href":"https:\/\/blogdoeloiltoncajuhy.com.br\/site\/wp-json\/wp\/v2\/types\/post"}],"author":[{"embeddable":true,"href":"https:\/\/blogdoeloiltoncajuhy.com.br\/site\/wp-json\/wp\/v2\/users\/2"}],"replies":[{"embeddable":true,"href":"https:\/\/blogdoeloiltoncajuhy.com.br\/site\/wp-json\/wp\/v2\/comments?post=55821"}],"version-history":[{"count":2,"href":"https:\/\/blogdoeloiltoncajuhy.com.br\/site\/wp-json\/wp\/v2\/posts\/55821\/revisions"}],"predecessor-version":[{"id":55824,"href":"https:\/\/blogdoeloiltoncajuhy.com.br\/site\/wp-json\/wp\/v2\/posts\/55821\/revisions\/55824"}],"wp:featuredmedia":[{"embeddable":true,"href":"https:\/\/blogdoeloiltoncajuhy.com.br\/site\/wp-json\/wp\/v2\/media\/55822"}],"wp:attachment":[{"href":"https:\/\/blogdoeloiltoncajuhy.com.br\/site\/wp-json\/wp\/v2\/media?parent=55821"}],"wp:term":[{"taxonomy":"category","embeddable":true,"href":"https:\/\/blogdoeloiltoncajuhy.com.br\/site\/wp-json\/wp\/v2\/categories?post=55821"},{"taxonomy":"post_tag","embeddable":true,"href":"https:\/\/blogdoeloiltoncajuhy.com.br\/site\/wp-json\/wp\/v2\/tags?post=55821"}],"curies":[{"name":"wp","href":"https:\/\/api.w.org\/{rel}","templated":true}]}}