{"id":55808,"date":"2021-04-22T07:59:02","date_gmt":"2021-04-22T10:59:02","guid":{"rendered":"http:\/\/blogdoeloiltoncajuhy.com.br\/site\/?p=55808"},"modified":"2021-04-22T07:59:03","modified_gmt":"2021-04-22T10:59:03","slug":"campanha-pt-solidario-chega-a-senhor-do-bonfim","status":"publish","type":"post","link":"https:\/\/blogdoeloiltoncajuhy.com.br\/site\/campanha-pt-solidario-chega-a-senhor-do-bonfim\/","title":{"rendered":"Campanha &#8220;PT Solid\u00e1rio&#8221; chega a Senhor do Bonfim"},"content":{"rendered":"\n<div class=\"wp-block-image\"><figure class=\"aligncenter size-large is-resized\"><a href=\"https:\/\/i0.wp.com\/blogdoeloiltoncajuhy.com.br\/site\/wp-content\/uploads\/2021\/04\/PT-Solidario.jpeg\"><img data-recalc-dims=\"1\" fetchpriority=\"high\" decoding=\"async\" src=\"https:\/\/i0.wp.com\/blogdoeloiltoncajuhy.com.br\/site\/wp-content\/uploads\/2021\/04\/PT-Solidario.jpeg?resize=768%2C768\" alt=\"\" class=\"wp-image-55809\" width=\"768\" height=\"768\" srcset=\"https:\/\/i0.wp.com\/blogdoeloiltoncajuhy.com.br\/site\/wp-content\/uploads\/2021\/04\/PT-Solidario.jpeg?resize=1024%2C1024&amp;ssl=1 1024w, https:\/\/i0.wp.com\/blogdoeloiltoncajuhy.com.br\/site\/wp-content\/uploads\/2021\/04\/PT-Solidario.jpeg?resize=300%2C300&amp;ssl=1 300w, https:\/\/i0.wp.com\/blogdoeloiltoncajuhy.com.br\/site\/wp-content\/uploads\/2021\/04\/PT-Solidario.jpeg?resize=150%2C150&amp;ssl=1 150w, https:\/\/i0.wp.com\/blogdoeloiltoncajuhy.com.br\/site\/wp-content\/uploads\/2021\/04\/PT-Solidario.jpeg?resize=768%2C768&amp;ssl=1 768w, https:\/\/i0.wp.com\/blogdoeloiltoncajuhy.com.br\/site\/wp-content\/uploads\/2021\/04\/PT-Solidario.jpeg?w=1080&amp;ssl=1 1080w\" sizes=\"(max-width: 768px) 100vw, 768px\" \/><\/a><\/figure><\/div>\n\n\n\n<p>A campanha que o Partido dos Trabalhadores (PT) lan\u00e7ou em v\u00e1rias cidades do pa\u00eds est\u00e1 chegando a Senhor do Bonfim. Lan\u00e7ada em 31 de mar\u00e7o, a campanha &#8220;PT Solid\u00e1rio&#8221; faz uma mobiliza\u00e7\u00e3o nacional para arrecadar alimentos e amenizar a fome. A campanha ser\u00e1 permanente.<\/p>\n\n\n\n<p>Em Senhor do Bonfim o partido est\u00e1 convidando sua milit\u00e2ncia, amigos e popula\u00e7\u00e3o em geral a engajarem-se neste movimento de solidariedade que tem como objetivo exclusivo arrecadar alimentos.<\/p>\n\n\n\n<p class=\"has-black-color has-text-color has-medium-font-size\"><strong>Confira os locais de coleta:<\/strong><\/p>\n\n\n\n<p><strong>Sindicato dos Ferrovi\u00e1rios \u2013 SINDIFERRO<\/strong><br>Rua Oper\u00e1rios da Leste, N\u00ba 359<br>Das 8h \u00e0s 11h30, de segunda a sexta-feira<\/p>\n\n\n\n<p><strong>Sindicato dos Trabalhadores Rurais da Agricultura Familiar &#8211; SINTRAF<\/strong><br>Rua Visconde do Rio Branco, N\u00ba 299, em frente ao 6\u00ba Batalh\u00e3o de Pol\u00edcia Militar<br>Das 8h \u00e0s 16h<\/p>\n\n\n\n<p>No dia 1\u00ba de maio (Dia do trabalhador) membros da campanha estar\u00e3o das 8h \u00e0s 17h no SINDIFERRO, aguardando as doa\u00e7\u00f5es, respeitando todos os protocolos de cuidado por conta do per\u00edodo de pandemia do coronav\u00edrus.<\/p>\n","protected":false},"excerpt":{"rendered":"<p>A campanha que o Partido dos Trabalhadores (PT) lan\u00e7ou em v\u00e1rias cidades do pa\u00eds est\u00e1 chegando a Senhor do Bonfim. Lan\u00e7ada em 31 de mar\u00e7o, a campanha &#8220;PT Solid\u00e1rio&#8221; faz uma mobiliza\u00e7\u00e3o nacional para arrecadar alimentos e amenizar a fome. A campanha ser\u00e1 permanente. Em Senhor do Bonfim o partido est\u00e1 convidando sua milit\u00e2ncia, amigos [&hellip;]<\/p>\n","protected":false},"author":2,"featured_media":55809,"comment_status":"open","ping_status":"open","sticky":false,"template":"","format":"standard","meta":{"_acf_changed":false,"_monsterinsights_skip_tracking":false,"_monsterinsights_sitenote_active":false,"_monsterinsights_sitenote_note":"","_monsterinsights_sitenote_category":0,"_jetpack_memberships_contains_paid_content":false,"footnotes":"","jetpack_publicize_message":"","jetpack_publicize_feature_enabled":true,"jetpack_social_post_already_shared":true,"jetpack_social_options":{"image_generator_settings":{"template":"highway","default_image_id":0,"font":"","enabled":false},"version":2}},"categories":[4],"tags":[],"class_list":["post-55808","post","type-post","status-publish","format-standard","has-post-thumbnail","hentry","category-local"],"acf":[],"jetpack_publicize_connections":[],"jetpack_featured_media_url":"https:\/\/i0.wp.com\/blogdoeloiltoncajuhy.com.br\/site\/wp-content\/uploads\/2021\/04\/PT-Solidario.jpeg?fit=1080%2C1080&ssl=1","jetpack_sharing_enabled":true,"publishpress_future_workflow_manual_trigger":{"enabledWorkflows":[]},"_links":{"self":[{"href":"https:\/\/blogdoeloiltoncajuhy.com.br\/site\/wp-json\/wp\/v2\/posts\/55808","targetHints":{"allow":["GET"]}}],"collection":[{"href":"https:\/\/blogdoeloiltoncajuhy.com.br\/site\/wp-json\/wp\/v2\/posts"}],"about":[{"href":"https:\/\/blogdoeloiltoncajuhy.com.br\/site\/wp-json\/wp\/v2\/types\/post"}],"author":[{"embeddable":true,"href":"https:\/\/blogdoeloiltoncajuhy.com.br\/site\/wp-json\/wp\/v2\/users\/2"}],"replies":[{"embeddable":true,"href":"https:\/\/blogdoeloiltoncajuhy.com.br\/site\/wp-json\/wp\/v2\/comments?post=55808"}],"version-history":[{"count":2,"href":"https:\/\/blogdoeloiltoncajuhy.com.br\/site\/wp-json\/wp\/v2\/posts\/55808\/revisions"}],"predecessor-version":[{"id":55811,"href":"https:\/\/blogdoeloiltoncajuhy.com.br\/site\/wp-json\/wp\/v2\/posts\/55808\/revisions\/55811"}],"wp:featuredmedia":[{"embeddable":true,"href":"https:\/\/blogdoeloiltoncajuhy.com.br\/site\/wp-json\/wp\/v2\/media\/55809"}],"wp:attachment":[{"href":"https:\/\/blogdoeloiltoncajuhy.com.br\/site\/wp-json\/wp\/v2\/media?parent=55808"}],"wp:term":[{"taxonomy":"category","embeddable":true,"href":"https:\/\/blogdoeloiltoncajuhy.com.br\/site\/wp-json\/wp\/v2\/categories?post=55808"},{"taxonomy":"post_tag","embeddable":true,"href":"https:\/\/blogdoeloiltoncajuhy.com.br\/site\/wp-json\/wp\/v2\/tags?post=55808"}],"curies":[{"name":"wp","href":"https:\/\/api.w.org\/{rel}","templated":true}]}}