{"id":55804,"date":"2021-04-22T07:21:38","date_gmt":"2021-04-22T10:21:38","guid":{"rendered":"http:\/\/blogdoeloiltoncajuhy.com.br\/site\/?p=55804"},"modified":"2021-04-22T07:21:39","modified_gmt":"2021-04-22T10:21:39","slug":"cantor-augusto-cesar-morre-aos-61-anos-no-recife-vitima-da-covid-19","status":"publish","type":"post","link":"https:\/\/blogdoeloiltoncajuhy.com.br\/site\/cantor-augusto-cesar-morre-aos-61-anos-no-recife-vitima-da-covid-19\/","title":{"rendered":"Cantor Augusto C\u00e9sar morre aos 61 anos, no Recife, v\u00edtima da Covid-19"},"content":{"rendered":"\n<div class=\"wp-block-image\"><figure class=\"aligncenter size-full is-resized\"><a href=\"https:\/\/i0.wp.com\/blogdoeloiltoncajuhy.com.br\/site\/wp-content\/uploads\/2021\/04\/Augusto-Cesar.jpg\"><img data-recalc-dims=\"1\" fetchpriority=\"high\" decoding=\"async\" src=\"https:\/\/i0.wp.com\/blogdoeloiltoncajuhy.com.br\/site\/wp-content\/uploads\/2021\/04\/Augusto-Cesar.jpg?resize=758%2C557\" alt=\"\" class=\"wp-image-55805\" width=\"758\" height=\"557\" srcset=\"https:\/\/i0.wp.com\/blogdoeloiltoncajuhy.com.br\/site\/wp-content\/uploads\/2021\/04\/Augusto-Cesar.jpg?w=640&amp;ssl=1 640w, https:\/\/i0.wp.com\/blogdoeloiltoncajuhy.com.br\/site\/wp-content\/uploads\/2021\/04\/Augusto-Cesar.jpg?resize=300%2C221&amp;ssl=1 300w\" sizes=\"(max-width: 758px) 100vw, 758px\" \/><\/a><figcaption><em>Foto: NPA Produ\u00e7\u00f5es\/Divulga\u00e7\u00e3o<\/em><\/figcaption><\/figure><\/div>\n\n\n\n<p>O cantor e compositor pernambucano Augusto C\u00e9sar morreu na noite de ter\u00e7a-feira (20), no Recife. O artista tinha 61 anos e estava internado no Hospital Hapvida da Caxang\u00e1, na Zona Oeste da capital pernambucana. De acordo com a fam\u00edlia, a morte do artista foi causada por uma insufici\u00eancia renal, agravada pelo quadro de diabetes e tamb\u00e9m por complica\u00e7\u00f5es da Covid-19. Augusto deixa quatro filhos e dois netos. O sepultamento do cantor foi realizado \u00e0s 17h desta quarta-feira (21), no Cemit\u00e9rio Morada da Paz, em Paulista, apenas para a fam\u00edlia.<\/p>\n\n\n\n<p>Ap\u00f3s passar mal em casa, o artista foi levado a uma unidade de sa\u00fade, mas depois encaminhado ao Hapvida da Caxang\u00e1, na segunda-feira (19), onde estava internado. De acordo com informa\u00e7\u00f5es da equipe do cantor, o quadro de diabetes de Augusto C\u00e9sar estava descontrolado. Ele chegou inconsciente ao hospital e foi encaminhado para a ala semi-intensiva.<\/p>\n\n\n\n<p>O cantor sofria de problemas renais e convivia com o diabetes h\u00e1 mais de 10 anos. Segundo os familiares, ele tamb\u00e9m recebeu diagn\u00f3stico positivo para a Covid-19. Por conta do novo coronav\u00edrus, o artista tamb\u00e9m chegou a ter insufici\u00eancia respirat\u00f3ria, o que teria agravado seu estado de sa\u00fade.<\/p>\n\n\n\n<p>Na noite de ter\u00e7a, a equipe de Augusto C\u00e9sar confirmou o diagn\u00f3stico do cantor para a Covid-19. <em>&#8220;Augusto tem diabetes e foi confirmado para a Covid-19, causando comprometimento dos rins&#8221;<\/em>. At\u00e9 aquele momento, segundo a equipe, o quadro do artista era est\u00e1vel. No mesmo dia, no entanto, o cantor teve v\u00e1rias paradas cardiorrespirat\u00f3rias e n\u00e3o resistiu. Ainda de acordo com a equipe, o artista disparou <em>&#8220;estou indo fazer o show&#8221;<\/em>, sendo essas suas \u00faltimas palavras antes de partir.<\/p>\n\n\n\n<p>Augusto C\u00e9sar participaria de uma live ao lado dos cantores Condinho, Andr\u00e9 Viana e Mit\u00f3 Labaredas em homenagem ao Dia das M\u00e3es, comemorado no pr\u00f3ximo dia 12 de maio e, segundo informado pela equipe de trabalho, aguardava ansioso o momento da vacina\u00e7\u00e3o. <em>&#8220;Ele estava confiante em rela\u00e7\u00e3o \u00e0 vacina. Queria se vacinar, falava muito que esse momento (de pandemia) iria passar&#8221;<\/em>. A morte de Augusto C\u00e9sar foi confirmada \u00e0 equipe por volta das 2h da madrugada.<\/p>\n\n\n\n<p class=\"has-black-color has-text-color has-medium-font-size\"><strong>Trajet\u00f3ria<\/strong><\/p>\n\n\n\n<p>Com 35 anos de trajet\u00f3ria na m\u00fasica, Augusto C\u00e9sar era conhecido pelo carisma que esbanjava nas ruas. A voz marcante que deu vida a sucessos no brega rom\u00e2ntico, como &#8220;Ela vai ter que decidir&#8221;, &#8220;Como posso te esquecer&#8221;, &#8220;Escalada&#8221; e &#8220;Amor de Verdade&#8221;, era reconhecida por onde passava. <em>&#8220;Virei um artista popular e era tudo o que eu queria. O artista tem que estar onde o povo est\u00e1&#8221;<\/em>, disse em outra ocasi\u00e3o, em entrevista ao Di\u00e1rio.<\/p>\n\n\n\n<p>Augusto C\u00e9sar deu o pontap\u00e9 na carreira art\u00edstica em 1985, mas o primeiro disco veio repercutir somente no ano seguinte. Ao longo da trajet\u00f3ria de tr\u00eas d\u00e9cadas e meia, o artista chegou a fazer quase 30 shows por m\u00eas, mas foi alvo das consequ\u00eancias da pirataria e sofreu preju\u00edzos. A sa\u00edda foi desenvolver um m\u00e9todo de divulga\u00e7\u00e3o pr\u00f3prio e que o aproximou ainda mais do p\u00fablico.<\/p>\n\n\n\n<p>Ele passou a circular por ruas de grande movimento do Recife e da Regi\u00e3o Metropolitana para vender pessoalmente seus produtos, distribu\u00eddos na discografia composta por 17 CDs, 2 DVDs, 5 LPs e um compacto. Foi a oportunidade perfeita de interagir com os f\u00e3s no cotidiano, consolidando ainda mais o imagin\u00e1rio social sobre a importante contribui\u00e7\u00e3o deixada \u00e0 m\u00fasica rom\u00e2ntica do estado.<\/p>\n\n\n\n<figure class=\"wp-block-embed aligncenter is-type-video is-provider-youtube wp-block-embed-youtube wp-embed-aspect-16-9 wp-has-aspect-ratio\"><div class=\"wp-block-embed__wrapper\">\n<iframe title=\"Escalada - Augusto Cesar\" width=\"800\" height=\"450\" src=\"https:\/\/www.youtube.com\/embed\/0jhgll-UcQ0?list=PLSGYSri_9rCK_pbs3KytLj3CO0XlK8mYx\" frameborder=\"0\" allow=\"accelerometer; autoplay; clipboard-write; encrypted-media; gyroscope; picture-in-picture\" allowfullscreen><\/iframe>\n<\/div><\/figure>\n\n\n\n<p class=\"has-black-color has-text-color has-medium-font-size\"><strong>Homenagens<\/strong><\/p>\n\n\n\n<p>O governador Paulo C\u00e2mara (PSB) prestou solidariedade a familiares e amigos. <em>\u201cQuero expressar meu pesar pelo falecimento do cantor Augusto C\u00e9sar, um artista querido pelos pernambucanos e int\u00e9rprete de can\u00e7\u00f5es rom\u00e2nticas marcantes. Augusto C\u00e9sar faleceu em decorr\u00eancia de complica\u00e7\u00f5es da Covid-19, na noite desta ter\u00e7a-feira no Recife, onde estava internado. Minha solidariedade \u00e0 fam\u00edlia, amigos e admiradores&#8221;<\/em>.<\/p>\n\n\n\n<p>O prefeito do Recife, Jo\u00e3o Campos (PSB), tamb\u00e9m lamentou o falecimento do cantor. <em>&#8220;\u00c9 com pesar que recebo a not\u00edcia do falecimento do cantor e compositor Augusto C\u00e9sar, um \u00edcone da m\u00fasica rom\u00e2ntica e popular que faz parte da mem\u00f3ria afetiva do povo recifense, de quem sempre foi pr\u00f3ximo, ao longo de uma carreira repleta de sucessos. Estendo \u00e0 fam\u00edlia minha solidariedade e meus votos de for\u00e7a nesse momento de dor&#8221;<\/em>.<\/p>\n\n\n\n<p>Quem tamb\u00e9m se pronunciou diante do falecimento do cantor foi o presidente da Assembleia Legislativa de Pernambuco (Alepe), Eriberto Medeiros. <em>\u201cFoi com muita tristeza que tomei conhecimento da morte do meu amigo cantor Augusto C\u00e9sar. Eu sou admirador do seu trabalho, frequentei muitos dos seus shows nas casas de festa do Recife e testemunhei sua alegria pela m\u00fasica brega, pelo romantismo que encantou tantas gera\u00e7\u00f5es. Pela sua humildade e talento, Augusto C\u00e9sar certamente ficar\u00e1 guardado nos cora\u00e7\u00f5es de muitos pernambucanos e pernambucanas. Em nome da Assembleia Legislativa, manifestamos nossos profundos sentimentos por essa perda. Que Deus possa receb\u00ea-lo em seus bra\u00e7os, al\u00e9m de confortar a todos os familiares e amigos\u201d<\/em>.<\/p>\n\n\n\n<p>O artista tamb\u00e9m era um ilustre torcedor do Santa Cruz, e fazia quest\u00e3o de externar o amor pelo clube do povo. Nas redes sociais, o clube coral prestou condol\u00eancias aos familiares e amigos pela perda. <em>&#8220;Nesse momento de tanta dor e tristeza, nos solidarizamos com sua fam\u00edlia e amigos&#8221;<\/em>.<\/p>\n","protected":false},"excerpt":{"rendered":"<p>O cantor e compositor pernambucano Augusto C\u00e9sar morreu na noite de ter\u00e7a-feira (20), no Recife. O artista tinha 61 anos e estava internado no Hospital Hapvida da Caxang\u00e1, na Zona Oeste da capital pernambucana. De acordo com a fam\u00edlia, a morte do artista foi causada por uma insufici\u00eancia renal, agravada pelo quadro de diabetes e [&hellip;]<\/p>\n","protected":false},"author":2,"featured_media":55805,"comment_status":"open","ping_status":"open","sticky":false,"template":"","format":"standard","meta":{"_acf_changed":false,"_monsterinsights_skip_tracking":false,"_monsterinsights_sitenote_active":false,"_monsterinsights_sitenote_note":"","_monsterinsights_sitenote_category":0,"_jetpack_memberships_contains_paid_content":false,"footnotes":"","jetpack_publicize_message":"","jetpack_publicize_feature_enabled":true,"jetpack_social_post_already_shared":true,"jetpack_social_options":{"image_generator_settings":{"template":"highway","default_image_id":0,"font":"","enabled":false},"version":2}},"categories":[8],"tags":[],"class_list":["post-55804","post","type-post","status-publish","format-standard","has-post-thumbnail","hentry","category-cultura"],"acf":[],"jetpack_publicize_connections":[],"jetpack_featured_media_url":"https:\/\/i0.wp.com\/blogdoeloiltoncajuhy.com.br\/site\/wp-content\/uploads\/2021\/04\/Augusto-Cesar.jpg?fit=640%2C471&ssl=1","jetpack_sharing_enabled":true,"publishpress_future_workflow_manual_trigger":{"enabledWorkflows":[]},"_links":{"self":[{"href":"https:\/\/blogdoeloiltoncajuhy.com.br\/site\/wp-json\/wp\/v2\/posts\/55804","targetHints":{"allow":["GET"]}}],"collection":[{"href":"https:\/\/blogdoeloiltoncajuhy.com.br\/site\/wp-json\/wp\/v2\/posts"}],"about":[{"href":"https:\/\/blogdoeloiltoncajuhy.com.br\/site\/wp-json\/wp\/v2\/types\/post"}],"author":[{"embeddable":true,"href":"https:\/\/blogdoeloiltoncajuhy.com.br\/site\/wp-json\/wp\/v2\/users\/2"}],"replies":[{"embeddable":true,"href":"https:\/\/blogdoeloiltoncajuhy.com.br\/site\/wp-json\/wp\/v2\/comments?post=55804"}],"version-history":[{"count":2,"href":"https:\/\/blogdoeloiltoncajuhy.com.br\/site\/wp-json\/wp\/v2\/posts\/55804\/revisions"}],"predecessor-version":[{"id":55807,"href":"https:\/\/blogdoeloiltoncajuhy.com.br\/site\/wp-json\/wp\/v2\/posts\/55804\/revisions\/55807"}],"wp:featuredmedia":[{"embeddable":true,"href":"https:\/\/blogdoeloiltoncajuhy.com.br\/site\/wp-json\/wp\/v2\/media\/55805"}],"wp:attachment":[{"href":"https:\/\/blogdoeloiltoncajuhy.com.br\/site\/wp-json\/wp\/v2\/media?parent=55804"}],"wp:term":[{"taxonomy":"category","embeddable":true,"href":"https:\/\/blogdoeloiltoncajuhy.com.br\/site\/wp-json\/wp\/v2\/categories?post=55804"},{"taxonomy":"post_tag","embeddable":true,"href":"https:\/\/blogdoeloiltoncajuhy.com.br\/site\/wp-json\/wp\/v2\/tags?post=55804"}],"curies":[{"name":"wp","href":"https:\/\/api.w.org\/{rel}","templated":true}]}}