{"id":55765,"date":"2021-04-20T08:12:35","date_gmt":"2021-04-20T11:12:35","guid":{"rendered":"http:\/\/blogdoeloiltoncajuhy.com.br\/site\/?p=55765"},"modified":"2021-04-20T08:12:36","modified_gmt":"2021-04-20T11:12:36","slug":"misterio-bombeiros-seguem-com-buscas-por-menino-de-11-anos-que-sumiu-apos-sair-de-casa-para-visitar-avo-em-itiuba","status":"publish","type":"post","link":"https:\/\/blogdoeloiltoncajuhy.com.br\/site\/misterio-bombeiros-seguem-com-buscas-por-menino-de-11-anos-que-sumiu-apos-sair-de-casa-para-visitar-avo-em-itiuba\/","title":{"rendered":"Mist\u00e9rio: Bombeiros seguem com buscas por menino de 11 anos que sumiu ap\u00f3s sair de casa para visitar av\u00f3 em Iti\u00faba"},"content":{"rendered":"\n<h5 class=\"has-text-align-center wp-block-heading\"><em>Davi Lima Silva foi visto pela \u00faltima vez no dia 28 de mar\u00e7o, ap\u00f3s sair da casa da tia, em dire\u00e7\u00e3o \u00e0 resid\u00eancia da av\u00f3<\/em><\/h5>\n\n\n\n<div class=\"wp-block-image\"><figure class=\"aligncenter size-large\"><a href=\"https:\/\/i0.wp.com\/blogdoeloiltoncajuhy.com.br\/site\/wp-content\/uploads\/2021\/04\/Davi-Lima_4.jpg\"><img data-recalc-dims=\"1\" fetchpriority=\"high\" decoding=\"async\" width=\"800\" height=\"838\" src=\"https:\/\/i0.wp.com\/blogdoeloiltoncajuhy.com.br\/site\/wp-content\/uploads\/2021\/04\/Davi-Lima_4.jpg?resize=800%2C838\" alt=\"\" class=\"wp-image-55766\" srcset=\"https:\/\/i0.wp.com\/blogdoeloiltoncajuhy.com.br\/site\/wp-content\/uploads\/2021\/04\/Davi-Lima_4.jpg?resize=978%2C1024&amp;ssl=1 978w, https:\/\/i0.wp.com\/blogdoeloiltoncajuhy.com.br\/site\/wp-content\/uploads\/2021\/04\/Davi-Lima_4.jpg?resize=287%2C300&amp;ssl=1 287w, https:\/\/i0.wp.com\/blogdoeloiltoncajuhy.com.br\/site\/wp-content\/uploads\/2021\/04\/Davi-Lima_4.jpg?resize=768%2C804&amp;ssl=1 768w, https:\/\/i0.wp.com\/blogdoeloiltoncajuhy.com.br\/site\/wp-content\/uploads\/2021\/04\/Davi-Lima_4.jpg?w=984&amp;ssl=1 984w\" sizes=\"(max-width: 800px) 100vw, 800px\" \/><\/a><figcaption><em>Corpo de bombeiros segue com buscas por menino de 11 anos que sumiu ap\u00f3s sair de casa na zona rural de Iti\u00faba \u2014 Foto: Arquivo Pessoal<\/em><\/figcaption><\/figure><\/div>\n\n\n\n<p>O menino Davi Lima Silva, de 11 anos, segue desaparecido, ap\u00f3s sair da casa de uma tia, no dia 28 de mar\u00e7o, em Iti\u00faba. A informa\u00e7\u00e3o \u00e9 do Corpo de Bombeiros, que atua na opera\u00e7\u00e3o para encontrar a crian\u00e7a.<\/p>\n\n\n\n<p>Quatro dias depois, as buscas por Davi tinham sido encerradas por decis\u00e3o das for\u00e7as de salvamento que atuavam no caso. Entretanto, as a\u00e7\u00f5es foram retomadas no dia 3 de abril e seguem sem desfecho.<\/p>\n\n\n\n<p>Em entrevista ao <strong>G1<\/strong>, o tenente-coronel Tarc\u00edsio Ribeiro, comandante do 9\u00baGBM, contou que todas as possibilidades de encontrar e resgatar o menino j\u00e1 foram tentadas e n\u00e3o houve sucesso. Agora, a equipe refaz os mesmos passos para tentar encontrar Davi.<\/p>\n\n\n\n<p><em>&#8220;As for\u00e7as est\u00e3o aqui, todos os dias o Corpo de Bombeiros est\u00e1 presente, tem um capit\u00e3o \u00e0 frente, mas infelizmente chegamos \u00e0 exaust\u00e3o com rela\u00e7\u00e3o a encontrar essa crian\u00e7a&#8221;<\/em>, disse.<\/p>\n\n\n\n<p>As buscas j\u00e1 contaram com o apoio de brigadistas, policiais militares e civis, al\u00e9m de volunt\u00e1rios. Tamb\u00e9m j\u00e1 foram usados um helic\u00f3ptero do Graer, drone e at\u00e9 c\u00e3es farejadores.<\/p>\n\n\n\n<p><em>&#8220;Apesar das intensifica\u00e7\u00f5es desses \u00f3rg\u00e3os juntos, chegou-se a conclus\u00e3o que \u00e9 um caso de pol\u00edcia. Por isso que, hoje, apenas os Bombeiros continuam as buscas. E quem entrou no cen\u00e1rio tamb\u00e9m foi a Pol\u00edcia Civil para fazer a investiga\u00e7\u00e3o, que instaurou o inqu\u00e9rito. H\u00e1 uma suposi\u00e7\u00e3o de rapto, de um sequestro&#8221;<\/em>, contou o tenente-coronel.<\/p>\n\n\n\n<p>O G1 entrou em contato com a Pol\u00edcia Civil e aguarda posicionamento do caso. O tenente-coronel informou que o local onde Davi \u00e9 procurado \u00e9 considerado de dif\u00edcil acesso. <em>&#8220;A \u00e1rea \u00e9 de dif\u00edcil acesso, s\u00e3o serras cheias de pedras, muitos espinhos, cactos, enfestada de cobras pe\u00e7onhentas, cascavel. \u00c9 muito dif\u00edcil o acesso, uma \u00e1rea de montanha, morros&#8221;<\/em>.<\/p>\n\n\n\n<p class=\"has-black-color has-text-color has-medium-font-size\"><strong>Mist\u00e9rio<\/strong><\/p>\n\n\n\n<div class=\"wp-block-image\"><figure class=\"aligncenter size-large\"><a href=\"https:\/\/i0.wp.com\/blogdoeloiltoncajuhy.com.br\/site\/wp-content\/uploads\/2021\/04\/Davi-Lima_3.png\"><img data-recalc-dims=\"1\" decoding=\"async\" width=\"800\" height=\"548\" src=\"https:\/\/i0.wp.com\/blogdoeloiltoncajuhy.com.br\/site\/wp-content\/uploads\/2021\/04\/Davi-Lima_3.png?resize=800%2C548\" alt=\"\" class=\"wp-image-55767\" srcset=\"https:\/\/i0.wp.com\/blogdoeloiltoncajuhy.com.br\/site\/wp-content\/uploads\/2021\/04\/Davi-Lima_3.png?w=802&amp;ssl=1 802w, https:\/\/i0.wp.com\/blogdoeloiltoncajuhy.com.br\/site\/wp-content\/uploads\/2021\/04\/Davi-Lima_3.png?resize=300%2C205&amp;ssl=1 300w, https:\/\/i0.wp.com\/blogdoeloiltoncajuhy.com.br\/site\/wp-content\/uploads\/2021\/04\/Davi-Lima_3.png?resize=768%2C526&amp;ssl=1 768w\" sizes=\"(max-width: 800px) 100vw, 800px\" \/><\/a><figcaption><em>Foto: Redes Sociais<\/em><\/figcaption><\/figure><\/div>\n\n\n\n<p>Davi foi visto pela \u00faltima vez no dia 28 de mar\u00e7o, ap\u00f3s sair da casa de uma tia em dire\u00e7\u00e3o \u00e0 resid\u00eancia da av\u00f3. Os im\u00f3veis s\u00e3o pr\u00f3ximos um do outro e, segundo os familiares, o menino fazia o percurso com frequ\u00eancia.<\/p>\n\n\n\n<p>De acordo com a tia do garoto, no dia do desaparecimento, ele estava muito agitado. Davi estava usando uma camisa de cor cinza e um short estampado no dia em que desapareceu.<\/p>\n\n\n\n<p>Ainda segundo a fam\u00edlia, um vizinho informou que ele seguiu em dire\u00e7\u00e3o a uma serra pr\u00f3xima ao povoado, mas desde ent\u00e3o n\u00e3o h\u00e1 informa\u00e7\u00f5es sobre o garoto.<\/p>\n\n\n\n<p>Familiares disseram que uma pessoa teria ouvido gritos de socorro em uma regi\u00e3o de mata, na localidade de Laje da Cruz, tamb\u00e9m em Iti\u00faba. Mas, como ela n\u00e3o sabia que algu\u00e9m na \u00e1rea estava desaparecido, n\u00e3o foi averiguar.<\/p>\n","protected":false},"excerpt":{"rendered":"<p>Davi Lima Silva foi visto pela \u00faltima vez no dia 28 de mar\u00e7o, ap\u00f3s sair da casa da tia, em dire\u00e7\u00e3o \u00e0 resid\u00eancia da av\u00f3 O menino Davi Lima Silva, de 11 anos, segue desaparecido, ap\u00f3s sair da casa de uma tia, no dia 28 de mar\u00e7o, em Iti\u00faba. A informa\u00e7\u00e3o \u00e9 do Corpo de [&hellip;]<\/p>\n","protected":false},"author":2,"featured_media":55767,"comment_status":"open","ping_status":"open","sticky":false,"template":"","format":"standard","meta":{"_acf_changed":false,"_monsterinsights_skip_tracking":false,"_monsterinsights_sitenote_active":false,"_monsterinsights_sitenote_note":"","_monsterinsights_sitenote_category":0,"_jetpack_memberships_contains_paid_content":false,"footnotes":"","jetpack_publicize_message":"","jetpack_publicize_feature_enabled":true,"jetpack_social_post_already_shared":true,"jetpack_social_options":{"image_generator_settings":{"template":"highway","default_image_id":0,"font":"","enabled":false},"version":2}},"categories":[11],"tags":[],"class_list":["post-55765","post","type-post","status-publish","format-standard","has-post-thumbnail","hentry","category-regional"],"acf":[],"jetpack_publicize_connections":[],"jetpack_featured_media_url":"https:\/\/i0.wp.com\/blogdoeloiltoncajuhy.com.br\/site\/wp-content\/uploads\/2021\/04\/Davi-Lima_3.png?fit=802%2C549&ssl=1","jetpack_sharing_enabled":true,"publishpress_future_workflow_manual_trigger":{"enabledWorkflows":[]},"_links":{"self":[{"href":"https:\/\/blogdoeloiltoncajuhy.com.br\/site\/wp-json\/wp\/v2\/posts\/55765","targetHints":{"allow":["GET"]}}],"collection":[{"href":"https:\/\/blogdoeloiltoncajuhy.com.br\/site\/wp-json\/wp\/v2\/posts"}],"about":[{"href":"https:\/\/blogdoeloiltoncajuhy.com.br\/site\/wp-json\/wp\/v2\/types\/post"}],"author":[{"embeddable":true,"href":"https:\/\/blogdoeloiltoncajuhy.com.br\/site\/wp-json\/wp\/v2\/users\/2"}],"replies":[{"embeddable":true,"href":"https:\/\/blogdoeloiltoncajuhy.com.br\/site\/wp-json\/wp\/v2\/comments?post=55765"}],"version-history":[{"count":2,"href":"https:\/\/blogdoeloiltoncajuhy.com.br\/site\/wp-json\/wp\/v2\/posts\/55765\/revisions"}],"predecessor-version":[{"id":55769,"href":"https:\/\/blogdoeloiltoncajuhy.com.br\/site\/wp-json\/wp\/v2\/posts\/55765\/revisions\/55769"}],"wp:featuredmedia":[{"embeddable":true,"href":"https:\/\/blogdoeloiltoncajuhy.com.br\/site\/wp-json\/wp\/v2\/media\/55767"}],"wp:attachment":[{"href":"https:\/\/blogdoeloiltoncajuhy.com.br\/site\/wp-json\/wp\/v2\/media?parent=55765"}],"wp:term":[{"taxonomy":"category","embeddable":true,"href":"https:\/\/blogdoeloiltoncajuhy.com.br\/site\/wp-json\/wp\/v2\/categories?post=55765"},{"taxonomy":"post_tag","embeddable":true,"href":"https:\/\/blogdoeloiltoncajuhy.com.br\/site\/wp-json\/wp\/v2\/tags?post=55765"}],"curies":[{"name":"wp","href":"https:\/\/api.w.org\/{rel}","templated":true}]}}