{"id":55761,"date":"2021-04-20T07:54:46","date_gmt":"2021-04-20T10:54:46","guid":{"rendered":"http:\/\/blogdoeloiltoncajuhy.com.br\/site\/?p=55761"},"modified":"2021-04-20T07:54:48","modified_gmt":"2021-04-20T10:54:48","slug":"dedim-gouveia-cantor-e-sanfoneiro-morre-aos-61-anos-com-covid-19-em-fortaleza","status":"publish","type":"post","link":"https:\/\/blogdoeloiltoncajuhy.com.br\/site\/dedim-gouveia-cantor-e-sanfoneiro-morre-aos-61-anos-com-covid-19-em-fortaleza\/","title":{"rendered":"Dedim Gouveia, cantor e sanfoneiro, morre aos 61 anos com Covid-19, em Fortaleza"},"content":{"rendered":"\n<h5 class=\"has-text-align-center wp-block-heading\"><em>O forrozeiro estava internado em uma UTI desde o \u00faltimo dia 11<\/em><\/h5>\n\n\n\n<div class=\"wp-block-image\"><figure class=\"aligncenter size-large\"><a href=\"https:\/\/i0.wp.com\/blogdoeloiltoncajuhy.com.br\/site\/wp-content\/uploads\/2021\/04\/dedim-gouveia.jpeg\"><img data-recalc-dims=\"1\" fetchpriority=\"high\" decoding=\"async\" width=\"800\" height=\"707\" src=\"https:\/\/i0.wp.com\/blogdoeloiltoncajuhy.com.br\/site\/wp-content\/uploads\/2021\/04\/dedim-gouveia.jpeg?resize=800%2C707\" alt=\"\" class=\"wp-image-55762\" srcset=\"https:\/\/i0.wp.com\/blogdoeloiltoncajuhy.com.br\/site\/wp-content\/uploads\/2021\/04\/dedim-gouveia.jpeg?w=984&amp;ssl=1 984w, https:\/\/i0.wp.com\/blogdoeloiltoncajuhy.com.br\/site\/wp-content\/uploads\/2021\/04\/dedim-gouveia.jpeg?resize=300%2C265&amp;ssl=1 300w, https:\/\/i0.wp.com\/blogdoeloiltoncajuhy.com.br\/site\/wp-content\/uploads\/2021\/04\/dedim-gouveia.jpeg?resize=768%2C679&amp;ssl=1 768w\" sizes=\"(max-width: 800px) 100vw, 800px\" \/><\/a><figcaption><em>Dedim Gouveia morre aos 61 anos com Covid-19 \u2014 Foto: Instagram\/Reprodu\u00e7\u00e3o<\/em><\/figcaption><\/figure><\/div>\n\n\n\n<p>O cantor de forr\u00f3 e sanfoneiro Dedim Gouveia morreu de Covid-19, aos 61 anos, nesta segunda-feira (19). O forrozeiro estava internado em uma Unidade de Terapia Intensiva (UTI) do Hospital Dr. Carlos Alberto Studart Gomes, no Bairro Messejana, desde o \u00faltimo dia 11 de abril.<\/p>\n\n\n\n<p>A fam\u00edlia lamentou a morte do artista e informou que o vel\u00f3rio vai ser realizado \u00e0s 10h desta ter\u00e7a-feira (20) em cerim\u00f4nia fechada para dez pessoas. Na mensagem publicada nos perfis das redes sociais do cantor os parentes agradeceram as ora\u00e7\u00f5es dos f\u00e3s e pediram respeito a dor dos familiares.<\/p>\n\n\n\n<p>Nas redes sociais, artistas do forr\u00f3 como Taty Girl e Toca do Vale lamentam a morte de Dedim Gouveia.<\/p>\n\n\n\n<p>O cantor Batista Lima, que teve uma longa passagem pela banda Lim\u00e3o com Mel se manifestou sobre a morte do sanfoneiro. <em>&#8220;Senhor, receba teu filho. O forr\u00f3 est\u00e1 de luto&#8221;<\/em>, escreveu ele em uma postagem nas redes sociais.<\/p>\n\n\n\n<p>O tamb\u00e9m sanfoneiro Waldonys cancelou uma apresenta\u00e7\u00e3o ao vivo nas redes sociais que faria em homenagem aos 80 anos de Roberto Carlos ao saber da morte do amigo. <em>&#8220;Eu suspendi nossa live ap\u00f3s a informa\u00e7\u00e3o do falecimento do Dedim Gouveia. Que Deus te receba de bra\u00e7os aberto e desejo conforto a toda a fam\u00edlia&#8221;<\/em>, disse.<\/p>\n\n\n\n<p>A \u00faltima atualiza\u00e7\u00e3o nas redes sociais do forrozeiro, publicada no dia 17 de abril, apontava que o artista tinha <em>&#8220;total chance de melhora e recupera\u00e7\u00e3o&#8221;<\/em>.<\/p>\n\n\n\n<p class=\"has-black-color has-text-color has-medium-font-size\"><strong>Carreira<\/strong><\/p>\n\n\n\n<figure class=\"wp-block-embed aligncenter is-type-video is-provider-youtube wp-block-embed-youtube wp-embed-aspect-16-9 wp-has-aspect-ratio\"><div class=\"wp-block-embed__wrapper\">\n<iframe title=\"Dedim Gouveia - Pisca Pisca ( Clipe Oficial ) Lan\u00e7amento 2020\" width=\"800\" height=\"450\" src=\"https:\/\/www.youtube.com\/embed\/7o4PHEFb-zg?feature=oembed\" frameborder=\"0\" allow=\"accelerometer; autoplay; clipboard-write; encrypted-media; gyroscope; picture-in-picture\" allowfullscreen><\/iframe>\n<\/div><\/figure>\n\n\n\n<p>Dedim Gouveia era natural de Reden\u00e7\u00e3o, cidade a 60 km de Fortaleza. Cresceu em Serra da Fa\u00edsca, distrito de Reden\u00e7\u00e3o. Na escola, estudou at\u00e9 o 2\u00ba grau. Foi criado pela av\u00f3 Isabel Moreira, sua grande incentivadora no meio musical, que apostava que ainda veria o neto fazer sucesso na m\u00fasica.<\/p>\n\n\n\n<p>Incorporou o apelido de Dedim como nome art\u00edstico ap\u00f3s come\u00e7ar a tocar sanfona aos 16 anos. Ao todo, lan\u00e7ou 13 CDs, 5 DVDs, embalando v\u00e1rios hits. Uma de suas \u00faltimas composi\u00e7\u00f5es foi \u201cA Natureza \u00c9 Linda\u201d, lan\u00e7ada em 2020.<\/p>\n\n\n\n<p>O cantor deixa a mulher, quatro filhos, al\u00e9m de uma multid\u00e3o de f\u00e3s e amigos que fez no meio da m\u00fasica.<\/p>\n","protected":false},"excerpt":{"rendered":"<p>O forrozeiro estava internado em uma UTI desde o \u00faltimo dia 11 O cantor de forr\u00f3 e sanfoneiro Dedim Gouveia morreu de Covid-19, aos 61 anos, nesta segunda-feira (19). O forrozeiro estava internado em uma Unidade de Terapia Intensiva (UTI) do Hospital Dr. Carlos Alberto Studart Gomes, no Bairro Messejana, desde o \u00faltimo dia 11 [&hellip;]<\/p>\n","protected":false},"author":2,"featured_media":55762,"comment_status":"open","ping_status":"open","sticky":false,"template":"","format":"standard","meta":{"_acf_changed":false,"_monsterinsights_skip_tracking":false,"_monsterinsights_sitenote_active":false,"_monsterinsights_sitenote_note":"","_monsterinsights_sitenote_category":0,"_jetpack_memberships_contains_paid_content":false,"footnotes":"","jetpack_publicize_message":"","jetpack_publicize_feature_enabled":true,"jetpack_social_post_already_shared":true,"jetpack_social_options":{"image_generator_settings":{"template":"highway","default_image_id":0,"font":"","enabled":false},"version":2}},"categories":[8],"tags":[],"class_list":["post-55761","post","type-post","status-publish","format-standard","has-post-thumbnail","hentry","category-cultura"],"acf":[],"jetpack_publicize_connections":[],"jetpack_featured_media_url":"https:\/\/i0.wp.com\/blogdoeloiltoncajuhy.com.br\/site\/wp-content\/uploads\/2021\/04\/dedim-gouveia.jpeg?fit=984%2C870&ssl=1","jetpack_sharing_enabled":true,"publishpress_future_workflow_manual_trigger":{"enabledWorkflows":[]},"_links":{"self":[{"href":"https:\/\/blogdoeloiltoncajuhy.com.br\/site\/wp-json\/wp\/v2\/posts\/55761","targetHints":{"allow":["GET"]}}],"collection":[{"href":"https:\/\/blogdoeloiltoncajuhy.com.br\/site\/wp-json\/wp\/v2\/posts"}],"about":[{"href":"https:\/\/blogdoeloiltoncajuhy.com.br\/site\/wp-json\/wp\/v2\/types\/post"}],"author":[{"embeddable":true,"href":"https:\/\/blogdoeloiltoncajuhy.com.br\/site\/wp-json\/wp\/v2\/users\/2"}],"replies":[{"embeddable":true,"href":"https:\/\/blogdoeloiltoncajuhy.com.br\/site\/wp-json\/wp\/v2\/comments?post=55761"}],"version-history":[{"count":2,"href":"https:\/\/blogdoeloiltoncajuhy.com.br\/site\/wp-json\/wp\/v2\/posts\/55761\/revisions"}],"predecessor-version":[{"id":55764,"href":"https:\/\/blogdoeloiltoncajuhy.com.br\/site\/wp-json\/wp\/v2\/posts\/55761\/revisions\/55764"}],"wp:featuredmedia":[{"embeddable":true,"href":"https:\/\/blogdoeloiltoncajuhy.com.br\/site\/wp-json\/wp\/v2\/media\/55762"}],"wp:attachment":[{"href":"https:\/\/blogdoeloiltoncajuhy.com.br\/site\/wp-json\/wp\/v2\/media?parent=55761"}],"wp:term":[{"taxonomy":"category","embeddable":true,"href":"https:\/\/blogdoeloiltoncajuhy.com.br\/site\/wp-json\/wp\/v2\/categories?post=55761"},{"taxonomy":"post_tag","embeddable":true,"href":"https:\/\/blogdoeloiltoncajuhy.com.br\/site\/wp-json\/wp\/v2\/tags?post=55761"}],"curies":[{"name":"wp","href":"https:\/\/api.w.org\/{rel}","templated":true}]}}