{"id":55752,"date":"2021-04-19T20:46:32","date_gmt":"2021-04-19T23:46:32","guid":{"rendered":"http:\/\/blogdoeloiltoncajuhy.com.br\/site\/?p=55752"},"modified":"2021-04-19T20:46:33","modified_gmt":"2021-04-19T23:46:33","slug":"prefeita-de-cachoeira-relata-sofrer-ameacas-de-morte-apos-se-tonar-1a-mulher-eleita-ao-cargo-povo-nao-elegeu-uma-covarde","status":"publish","type":"post","link":"https:\/\/blogdoeloiltoncajuhy.com.br\/site\/prefeita-de-cachoeira-relata-sofrer-ameacas-de-morte-apos-se-tonar-1a-mulher-eleita-ao-cargo-povo-nao-elegeu-uma-covarde\/","title":{"rendered":"Prefeita de Cachoeira relata sofrer amea\u00e7as de morte ap\u00f3s se tonar 1\u00aa mulher eleita ao cargo: &#8216;Povo n\u00e3o elegeu uma covarde&#8217;"},"content":{"rendered":"\n<h5 class=\"has-text-align-center wp-block-heading\"><em>Eliana de Jesus relatou que dois militantes, que eram bem ativos durante a campanha, foram mortos entre o final de 2020 e mar\u00e7o deste ano. Ela tamb\u00e9m recebeu liga\u00e7\u00e3o e quando atendeu, ouviu barulho de rajadas de tiros<\/em><\/h5>\n\n\n\n<div class=\"wp-block-image\"><figure class=\"aligncenter size-large\"><a href=\"https:\/\/i0.wp.com\/blogdoeloiltoncajuhy.com.br\/site\/wp-content\/uploads\/2021\/04\/Eliana-Gonzaga-01.jpg\"><img data-recalc-dims=\"1\" fetchpriority=\"high\" decoding=\"async\" width=\"800\" height=\"450\" src=\"https:\/\/i0.wp.com\/blogdoeloiltoncajuhy.com.br\/site\/wp-content\/uploads\/2021\/04\/Eliana-Gonzaga-01.jpg?resize=800%2C450\" alt=\"\" class=\"wp-image-55753\" srcset=\"https:\/\/i0.wp.com\/blogdoeloiltoncajuhy.com.br\/site\/wp-content\/uploads\/2021\/04\/Eliana-Gonzaga-01.jpg?w=984&amp;ssl=1 984w, https:\/\/i0.wp.com\/blogdoeloiltoncajuhy.com.br\/site\/wp-content\/uploads\/2021\/04\/Eliana-Gonzaga-01.jpg?resize=300%2C169&amp;ssl=1 300w, https:\/\/i0.wp.com\/blogdoeloiltoncajuhy.com.br\/site\/wp-content\/uploads\/2021\/04\/Eliana-Gonzaga-01.jpg?resize=768%2C432&amp;ssl=1 768w\" sizes=\"(max-width: 800px) 100vw, 800px\" \/><\/a><figcaption><em>Prefeita de Cachoeira relata sofrer amea\u00e7as ap\u00f3s ser eleita 1\u00aa mulher ao cargo \u2014 Foto: Ascom \/ Prefeitura de Cachoeira<\/em><\/figcaption><\/figure><\/div>\n\n\n\n<p>A prefeita de Cachoeira, cidade do rec\u00f4ncavo da Bahia, Eliana Gonzaga de Jesus (Republicanos), de 52 anos, denunciou ter recebido amea\u00e7as de morte desde que come\u00e7ou a campanha, que terminou com a elei\u00e7\u00e3o dela, em novembro do ano passado.<\/p>\n\n\n\n<p>Por causa das amea\u00e7as, Eliana de Jesus conta que j\u00e1 registrou dois boletins de ocorr\u00eancia na delegacia de Cachoeira. Os casos s\u00e3o investigados, de acordo com a pol\u00edcia da cidade.<\/p>\n\n\n\n<p>Em entrevista ao <strong>G1<\/strong>, Eliana de Jesus, primeira mulher a ser eleita prefeita de Cachoeira, contou que as amea\u00e7as come\u00e7aram ainda no per\u00edodo da campanha.<\/p>\n\n\n\n<p>A gestora municipal ainda relatou que dois militantes, que eram bem ativos durante a campanha, foram mortos entre o final de 2020 e mar\u00e7o deste ano. Um deles chamava-se Ivan Passos.<\/p>\n\n\n\n<p>A prefeita afirmou que ap\u00f3s a morte do militante, as pessoas da cidade comentavam que existia uma lista com o nome de v\u00e1rias pessoas ligadas a campanha dela que seriam os pr\u00f3ximos alvos dos criminosos e que ela n\u00e3o assumiria o cargo.<\/p>\n\n\n\n<p>Segundo Eliana de Jesus, ela ajudou v\u00e1rias pessoas a se mudarem para a regi\u00e3o metropolitana de Salvador, para que se protegessem dos criminosos.<\/p>\n\n\n\n<div class=\"wp-block-image\"><figure class=\"aligncenter size-large\"><a href=\"https:\/\/i0.wp.com\/blogdoeloiltoncajuhy.com.br\/site\/wp-content\/uploads\/2021\/04\/Eliana-Gonzaga-02.jpg\"><img data-recalc-dims=\"1\" decoding=\"async\" width=\"800\" height=\"533\" src=\"https:\/\/i0.wp.com\/blogdoeloiltoncajuhy.com.br\/site\/wp-content\/uploads\/2021\/04\/Eliana-Gonzaga-02.jpg?resize=800%2C533\" alt=\"\" class=\"wp-image-55754\" srcset=\"https:\/\/i0.wp.com\/blogdoeloiltoncajuhy.com.br\/site\/wp-content\/uploads\/2021\/04\/Eliana-Gonzaga-02.jpg?w=984&amp;ssl=1 984w, https:\/\/i0.wp.com\/blogdoeloiltoncajuhy.com.br\/site\/wp-content\/uploads\/2021\/04\/Eliana-Gonzaga-02.jpg?resize=300%2C200&amp;ssl=1 300w, https:\/\/i0.wp.com\/blogdoeloiltoncajuhy.com.br\/site\/wp-content\/uploads\/2021\/04\/Eliana-Gonzaga-02.jpg?resize=768%2C512&amp;ssl=1 768w\" sizes=\"(max-width: 800px) 100vw, 800px\" \/><\/a><figcaption><em>Prefeita de Cachoeira relata sofrer amea\u00e7as ap\u00f3s ser eleita 1\u00aa mulher ao cargo \u2014 Foto: Ascom \/ Prefeitura de Cachoeira<\/em><\/figcaption><\/figure><\/div>\n\n\n\n<p>Entre as pessoas que precisou deixar Cachoeira estava o vereador Georlando Silva, que s\u00f3 voltou para a cidade do rec\u00f4ncavo baiano dois dias antes da posse da prefeita Eliana de Jesus, e ao permanecer no munic\u00edpio, foi morto a tiros no dia 7 de mar\u00e7o, na frente da delegacia da cidade.<\/p>\n\n\n\n<figure class=\"wp-block-pullquote\"><blockquote><p><em><strong>&#8220;Eu tomei posse e seguimos a vida pol\u00edtica. Quando foi no dia 7 de mar\u00e7o, na v\u00e9spera do Dia Internacional da Mulher, Georlando foi assassinado tamb\u00e9m, com 19 tiros na face&#8221;.<\/strong><\/em><\/p><\/blockquote><\/figure>\n\n\n\n<p><em>&#8220;Foi t\u00e3o agressivo, o crime foi t\u00e3o b\u00e1rbaro, com um requinte de crueldade tamanho, que o rosto dele ficou t\u00e3o desfigurado e o IML teve que fazer o envolvimento de toda face dele. Imprimimos uma foto dele em tamanho real para a sobrepor o rosto e velar o corpo&#8221;<\/em>, contou<\/p>\n\n\n\n<p>De acordo com a prefeita, a situa\u00e7\u00e3o amedrontou ainda mais os funcion\u00e1rios da atual gest\u00e3o. Ela disse que circula boatos que o nome dela, do marido e do filho tamb\u00e9m est\u00e3o na lista de amea\u00e7ados.<\/p>\n\n\n\n<div class=\"wp-block-image\"><figure class=\"aligncenter size-large\"><a href=\"https:\/\/i0.wp.com\/blogdoeloiltoncajuhy.com.br\/site\/wp-content\/uploads\/2021\/04\/Eliana-Gonzaga-03.jpg\"><img data-recalc-dims=\"1\" decoding=\"async\" width=\"800\" height=\"533\" src=\"https:\/\/i0.wp.com\/blogdoeloiltoncajuhy.com.br\/site\/wp-content\/uploads\/2021\/04\/Eliana-Gonzaga-03.jpg?resize=800%2C533\" alt=\"\" class=\"wp-image-55755\" srcset=\"https:\/\/i0.wp.com\/blogdoeloiltoncajuhy.com.br\/site\/wp-content\/uploads\/2021\/04\/Eliana-Gonzaga-03.jpg?w=984&amp;ssl=1 984w, https:\/\/i0.wp.com\/blogdoeloiltoncajuhy.com.br\/site\/wp-content\/uploads\/2021\/04\/Eliana-Gonzaga-03.jpg?resize=300%2C200&amp;ssl=1 300w, https:\/\/i0.wp.com\/blogdoeloiltoncajuhy.com.br\/site\/wp-content\/uploads\/2021\/04\/Eliana-Gonzaga-03.jpg?resize=768%2C512&amp;ssl=1 768w\" sizes=\"(max-width: 800px) 100vw, 800px\" \/><\/a><figcaption><em>Prefeita de Cachoeira relata sofrer amea\u00e7as ap\u00f3s ser eleita 1\u00aa mulher ao cargo \u2014 Foto: Ascom \/ Prefeitura de Cachoeira<\/em><\/figcaption><\/figure><\/div>\n\n\n\n<p>A prefeita, que j\u00e1 foi vereadora do munic\u00edpio duas vezes, afirma que n\u00e3o sabe o motivo das amea\u00e7as. Ela conta que n\u00e3o tem inimigos e que nunca tinha sido amea\u00e7ada antes da campanha para comandar a prefeitura da cidade.<\/p>\n\n\n\n<p><em>&#8220;Esses crimes supostamente s\u00e3o pol\u00edticos, porque eu nunca me vi em uma situa\u00e7\u00e3o dessa antes de ganhar uma elei\u00e7\u00e3o para o executivo. Eu n\u00e3o tenho inimigos, n\u00e3o tinha at\u00e9 ent\u00e3o, e de repente eu me candidato, foi uma elei\u00e7\u00e3o muito bonita, gra\u00e7as a Deus, com uma diferen\u00e7a de 2.535 votos&#8221;<\/em>, contou. Apesar das amea\u00e7as, Eliana conta que n\u00e3o tem pretens\u00e3o de renunciar o cargo.<\/p>\n\n\n\n<figure class=\"wp-block-pullquote\"><blockquote><p><em><strong>&#8220;Desistir jamais, o povo n\u00e3o elegeu uma covarde&#8221;, disse.<\/strong><\/em><\/p><\/blockquote><\/figure>\n\n\n\n<p><em>&#8220;O povo elegeu uma mulher de fibra, uma mulher de luta, que vem do movimento sindical, acostumada com a luta, com uma veia sindical. Sindicalista n\u00e3o recua, sindicalista avan\u00e7a sempre, com determina\u00e7\u00e3o, com foco, n\u00f3s vamos vencer essa luta coletiva. Eu preciso exercer a fun\u00e7\u00e3o que o povo me credenciou&#8221;<\/em>, completa a prefeita.<\/p>\n\n\n\n<p>A prefeita Eliana Gonzaga de Jesus declara ao TSE a ocupa\u00e7\u00e3o de agricultora e tem ensino m\u00e9dio completo. Ela tem um patrim\u00f4nio declarado de R$ 137.974,67.<\/p>\n\n\n\n<p>Eliana, do Republicanos, foi eleita prefeita de Cachoeira para os pr\u00f3ximos quatro anos. Ao fim da apura\u00e7\u00e3o, Eliana teve 55,94% dos votos. Foram 10.448 votos no total. A gestora derrotou Tato, que ficou em segundo lugar com 42,37% (7.913 votos).<\/p>\n","protected":false},"excerpt":{"rendered":"<p>Eliana de Jesus relatou que dois militantes, que eram bem ativos durante a campanha, foram mortos entre o final de 2020 e mar\u00e7o deste ano. Ela tamb\u00e9m recebeu liga\u00e7\u00e3o e quando atendeu, ouviu barulho de rajadas de tiros A prefeita de Cachoeira, cidade do rec\u00f4ncavo da Bahia, Eliana Gonzaga de Jesus (Republicanos), de 52 anos, [&hellip;]<\/p>\n","protected":false},"author":2,"featured_media":55753,"comment_status":"open","ping_status":"open","sticky":false,"template":"","format":"standard","meta":{"_acf_changed":false,"_monsterinsights_skip_tracking":false,"_monsterinsights_sitenote_active":false,"_monsterinsights_sitenote_note":"","_monsterinsights_sitenote_category":0,"_jetpack_memberships_contains_paid_content":false,"footnotes":"","jetpack_publicize_message":"","jetpack_publicize_feature_enabled":true,"jetpack_social_post_already_shared":true,"jetpack_social_options":{"image_generator_settings":{"template":"highway","default_image_id":0,"font":"","enabled":false},"version":2}},"categories":[3],"tags":[],"class_list":["post-55752","post","type-post","status-publish","format-standard","has-post-thumbnail","hentry","category-politica"],"acf":[],"jetpack_publicize_connections":[],"jetpack_featured_media_url":"https:\/\/i0.wp.com\/blogdoeloiltoncajuhy.com.br\/site\/wp-content\/uploads\/2021\/04\/Eliana-Gonzaga-01.jpg?fit=984%2C554&ssl=1","jetpack_sharing_enabled":true,"publishpress_future_workflow_manual_trigger":{"enabledWorkflows":[]},"_links":{"self":[{"href":"https:\/\/blogdoeloiltoncajuhy.com.br\/site\/wp-json\/wp\/v2\/posts\/55752","targetHints":{"allow":["GET"]}}],"collection":[{"href":"https:\/\/blogdoeloiltoncajuhy.com.br\/site\/wp-json\/wp\/v2\/posts"}],"about":[{"href":"https:\/\/blogdoeloiltoncajuhy.com.br\/site\/wp-json\/wp\/v2\/types\/post"}],"author":[{"embeddable":true,"href":"https:\/\/blogdoeloiltoncajuhy.com.br\/site\/wp-json\/wp\/v2\/users\/2"}],"replies":[{"embeddable":true,"href":"https:\/\/blogdoeloiltoncajuhy.com.br\/site\/wp-json\/wp\/v2\/comments?post=55752"}],"version-history":[{"count":2,"href":"https:\/\/blogdoeloiltoncajuhy.com.br\/site\/wp-json\/wp\/v2\/posts\/55752\/revisions"}],"predecessor-version":[{"id":55757,"href":"https:\/\/blogdoeloiltoncajuhy.com.br\/site\/wp-json\/wp\/v2\/posts\/55752\/revisions\/55757"}],"wp:featuredmedia":[{"embeddable":true,"href":"https:\/\/blogdoeloiltoncajuhy.com.br\/site\/wp-json\/wp\/v2\/media\/55753"}],"wp:attachment":[{"href":"https:\/\/blogdoeloiltoncajuhy.com.br\/site\/wp-json\/wp\/v2\/media?parent=55752"}],"wp:term":[{"taxonomy":"category","embeddable":true,"href":"https:\/\/blogdoeloiltoncajuhy.com.br\/site\/wp-json\/wp\/v2\/categories?post=55752"},{"taxonomy":"post_tag","embeddable":true,"href":"https:\/\/blogdoeloiltoncajuhy.com.br\/site\/wp-json\/wp\/v2\/tags?post=55752"}],"curies":[{"name":"wp","href":"https:\/\/api.w.org\/{rel}","templated":true}]}}