{"id":55741,"date":"2021-04-19T11:02:56","date_gmt":"2021-04-19T14:02:56","guid":{"rendered":"http:\/\/blogdoeloiltoncajuhy.com.br\/site\/?p=55741"},"modified":"2021-04-19T11:02:58","modified_gmt":"2021-04-19T14:02:58","slug":"gente-que-faz-historia-rei-roberto-carlos-completa-80-anos","status":"publish","type":"post","link":"https:\/\/blogdoeloiltoncajuhy.com.br\/site\/gente-que-faz-historia-rei-roberto-carlos-completa-80-anos\/","title":{"rendered":"Gente Que Faz Hist\u00f3ria: Rei Roberto Carlos completa 80 anos"},"content":{"rendered":"\n<figure class=\"wp-block-gallery aligncenter columns-1 is-cropped wp-block-gallery-1 is-layout-flex wp-block-gallery-is-layout-flex\"><ul class=\"blocks-gallery-grid\"><li class=\"blocks-gallery-item\"><figure><a href=\"https:\/\/i0.wp.com\/blogdoeloiltoncajuhy.com.br\/site\/wp-content\/uploads\/2021\/04\/roberto-carlos-2015-celso-tavares-g1-22.jpg\"><img data-recalc-dims=\"1\" fetchpriority=\"high\" decoding=\"async\" width=\"800\" height=\"533\" src=\"https:\/\/i0.wp.com\/blogdoeloiltoncajuhy.com.br\/site\/wp-content\/uploads\/2021\/04\/roberto-carlos-2015-celso-tavares-g1-22.jpg?resize=800%2C533\" alt=\"\" data-id=\"55742\" data-full-url=\"http:\/\/blogdoeloiltoncajuhy.com.br\/site\/wp-content\/uploads\/2021\/04\/roberto-carlos-2015-celso-tavares-g1-22.jpg\" data-link=\"http:\/\/blogdoeloiltoncajuhy.com.br\/site\/?attachment_id=55742\" class=\"wp-image-55742\" srcset=\"https:\/\/i0.wp.com\/blogdoeloiltoncajuhy.com.br\/site\/wp-content\/uploads\/2021\/04\/roberto-carlos-2015-celso-tavares-g1-22.jpg?w=1008&amp;ssl=1 1008w, https:\/\/i0.wp.com\/blogdoeloiltoncajuhy.com.br\/site\/wp-content\/uploads\/2021\/04\/roberto-carlos-2015-celso-tavares-g1-22.jpg?resize=300%2C200&amp;ssl=1 300w, https:\/\/i0.wp.com\/blogdoeloiltoncajuhy.com.br\/site\/wp-content\/uploads\/2021\/04\/roberto-carlos-2015-celso-tavares-g1-22.jpg?resize=768%2C512&amp;ssl=1 768w\" sizes=\"(max-width: 800px) 100vw, 800px\" \/><\/a><figcaption class=\"blocks-gallery-item__caption\"><em>Considerado por muitos o rei da m\u00fasica popular brasileira, Roberto Carlos \u00e9 tema de tributos em discos, livros e filmes \u2014 Foto: Celso Tavares\/G1<\/em><\/figcaption><\/figure><\/li><\/ul><\/figure>\n\n\n\n<p>Maria Beth\u00e2nia tinha por volta de 18 anos quando viu Roberto Carlos pela primeira vez na TV. Foi no Programa Jovem Guarda, que o cantor apresentou, ao lado de Erasmo Carlos e Wanderl\u00e9a, de 22 de agosto de 1965 a 17 de janeiro de 1968, na Record. <em>&#8220;Fiquei deslumbrada&#8221;<\/em>, recorda a baiana. <em>&#8220;Gostei de tudo: da voz, da interpreta\u00e7\u00e3o, do charme\u2026 Fiquei completamente comovida e arrebatada&#8221;<\/em>.<\/p>\n\n\n\n<p>Antes de estourar na Record, Roberto participou de Hoje \u00c9 Dia de Rock, na extinta TV Rio. Foi em uma dessas apresenta\u00e7\u00f5es que, com 12 anos, o pequeno Luiz Maur\u00edcio, o Lulu Santos, acompanhado do tio Haroldo, descobriu o que queria fazer da vida: <em>&#8220;tocar guitarra na TV&#8221;<\/em>, como diria na can\u00e7\u00e3o Minha Vida (1986). <em>&#8220;Foi a ponta de um proverbial iceberg. Entramos no teatro antes da transmiss\u00e3o e vi m\u00fasicos ensaiando pela primeira vez. Aquilo mudou minha vida&#8221;<\/em>, admite o \u00faltimo rom\u00e2ntico.<\/p>\n\n\n\n<p>A mem\u00f3ria afetiva de Teresa Cristina consegue ir ainda mais longe. Ela conta que aprendeu a balbuciar as primeiras palavras, quando era pequena, ouvindo a m\u00e3e, Dona Hilda, cantarolar as m\u00fasicas do Roberto Carlos enquanto lavava roupa no tanque. A m\u00e3e cantava e a filha imitava. <em>&#8220;O \u00e1lbum de 1972, que tem \u00c0 Janela e A Montanha, foi uma cartilha. Comecei a falar ali, repetindo os versos do Roberto&#8221;, recorda a sambista. &#8220;Tenho uma rela\u00e7\u00e3o muito emotiva com esse disco&#8221;<\/em>.<\/p>\n\n\n\n<p>Mal sabiam Beth\u00e2nia, Lulu e Teresa que, d\u00e9cadas depois, gravariam \u00e1lbuns em homenagem ao \u00eddolo de todas as idades: As Can\u00e7\u00f5es Que Voc\u00ea Fez pra Mim (1993), Lulu Canta &amp; Toca Roberto e Erasmo (2013) e Teresa Cristina + Os Outros = Roberto Carlos (2012). Esses s\u00e3o apenas tr\u00eas dos mais de 140 t\u00edtulos, entre LPs e CDs, que artistas, nacionais e internacionais, j\u00e1 lan\u00e7aram com m\u00fasicas do artista.<\/p>\n\n\n\n<figure class=\"wp-block-embed aligncenter is-type-video is-provider-youtube wp-block-embed-youtube wp-embed-aspect-16-9 wp-has-aspect-ratio\"><div class=\"wp-block-embed__wrapper\">\n<iframe title=\"Roberto Carlos - Detalhes\" width=\"800\" height=\"450\" src=\"https:\/\/www.youtube.com\/embed\/W9NLgb1Zhgw?feature=oembed\" frameborder=\"0\" allow=\"accelerometer; autoplay; clipboard-write; encrypted-media; gyroscope; picture-in-picture\" allowfullscreen><\/iframe>\n<\/div><\/figure>\n\n\n\n<p class=\"has-black-color has-text-color has-medium-font-size\"><strong>De Elvis a Sinatra<\/strong><\/p>\n\n\n\n<p>O pioneiro do g\u00eanero foi S\u00f4nia Mello Interpreta Roberto e Erasmo Carlos, lan\u00e7ado pela gravadora Odeon no distante ano de 1975. De l\u00e1 para c\u00e1, um n\u00famero incont\u00e1vel de artistas, dos mais diferentes g\u00eaneros e estilos, seguiram o exemplo da cantora pernambucana: Nara Le\u00e3o (1978), Waldick Soriano (1984), Roberto Leal (1999), Padre Marcelo Rossi (2001), Cauby Peixoto (2009), Roberta Miranda (2014) e Nando Reis (2019).<\/p>\n\n\n\n<p><em>&#8220;As can\u00e7\u00f5es do Roberto s\u00e3o lindas, falam de amor e t\u00eam conte\u00fado. Por essas e outras, atravessam gera\u00e7\u00f5es&#8221;<\/em>, tenta explicar Roberta Miranda que, quando adolescente, cansou de sair correndo atr\u00e1s do carro do \u00eddolo s\u00f3 para v\u00ea-lo de perto. <em>&#8220;Certa vez, levei empurr\u00e3o e ralei os joelhos. Naquele dia, at\u00e9 pux\u00e3o de cabelo me deram&#8221;<\/em>, cai na risada.<\/p>\n\n\n\n<div class=\"wp-block-image\"><figure class=\"aligncenter size-large\"><a href=\"https:\/\/i0.wp.com\/blogdoeloiltoncajuhy.com.br\/site\/wp-content\/uploads\/2021\/04\/roberto-carlos-amigos-bbc.jpeg\"><img data-recalc-dims=\"1\" decoding=\"async\" width=\"800\" height=\"450\" src=\"https:\/\/i0.wp.com\/blogdoeloiltoncajuhy.com.br\/site\/wp-content\/uploads\/2021\/04\/roberto-carlos-amigos-bbc.jpeg?resize=800%2C450\" alt=\"\" class=\"wp-image-55743\" srcset=\"https:\/\/i0.wp.com\/blogdoeloiltoncajuhy.com.br\/site\/wp-content\/uploads\/2021\/04\/roberto-carlos-amigos-bbc.jpeg?w=984&amp;ssl=1 984w, https:\/\/i0.wp.com\/blogdoeloiltoncajuhy.com.br\/site\/wp-content\/uploads\/2021\/04\/roberto-carlos-amigos-bbc.jpeg?resize=300%2C169&amp;ssl=1 300w, https:\/\/i0.wp.com\/blogdoeloiltoncajuhy.com.br\/site\/wp-content\/uploads\/2021\/04\/roberto-carlos-amigos-bbc.jpeg?resize=768%2C432&amp;ssl=1 768w\" sizes=\"(max-width: 800px) 100vw, 800px\" \/><\/a><figcaption><em>Apresentado por Roberto, Erasmo e Wanderl\u00e9a, Programa Jovem Guarda, da TV Record, durou quase tr\u00eas anos, de agosto de 1965 a janeiro de 1968 \u2014 Foto: Divulga\u00e7\u00e3o<\/em><\/figcaption><\/figure><\/div>\n\n\n\n<p>De todos os tributos, o mais bem-sucedido, comercialmente, foi As Can\u00e7\u00f5es Que Voc\u00ea Fez pra Mim (1993). Segundo estimativas extraoficiais, vendeu mais de um milh\u00e3o de c\u00f3pias. A ideia, lembra Beth\u00e2nia, partiu de um dos executivos da Polygram, Max Pierre. Segundo a cantora, Roberto e Erasmo n\u00e3o opinaram sobre os arranjos, nem participaram da sele\u00e7\u00e3o das m\u00fasicas. <em>&#8220;Ningu\u00e9m opina em repert\u00f3rio meu. Se n\u00e3o, eu n\u00e3o sei cantar&#8221;<\/em>, garante Beth\u00e2nia que, \u00e0 \u00e9poca, morou dois meses em Los Angeles, onde parte do CD foi gravada.<\/p>\n\n\n\n<p>Roberto Frejat nunca gravou um \u00e1lbum s\u00f3 com m\u00fasicas do xar\u00e1. Mas, em compensa\u00e7\u00e3o, produziu um songbook: Rei (1994), que reuniu grandes nomes do rock nacional, como Skank (\u00c9 Proibido Fumar), C\u00e1ssia Eller (Parei na Contram\u00e3o) e Blitz (Sentado \u00e0 Beira do Caminho). Com o Bar\u00e3o, ele cantou Quando (1967).<\/p>\n\n\n\n<p><em>&#8220;Sou muito f\u00e3 da fase mais rock&#8217;n&#8217;roll dos anos 1960. Mas, qualquer pessoa sensata sabe que o talento dele n\u00e3o acabou ali. Tem grandes can\u00e7\u00f5es gravadas nos anos 1970, quando fez a transi\u00e7\u00e3o de Elvis Presley para Frank Sinatra&#8221;<\/em>, analisa o cantor, compositor e guitarrista.<\/p>\n\n\n\n<p class=\"has-black-color has-text-color has-medium-font-size\"><strong>O divisor de \u00e1guas<\/strong><\/p>\n\n\n\n<p>Autor dos livros Roberto Carlos em Detalhes (2006) e O R\u00e9u e o Rei: Minha Hist\u00f3ria com Roberto Carlos, em Detalhes (2014), o jornalista e escritor Paulo C\u00e9sar de Ara\u00fajo divide a carreira do artista em tr\u00eas fases. A primeira vai de 1965 a 1971 e corresponde ao seu auge discogr\u00e1fico.<\/p>\n\n\n\n<p><em>&#8220;S\u00e3o grandes discos. Um melhor que o outro&#8221;<\/em>, entusiasma-se. A segunda abrange um per\u00edodo mais longo, de 1972 a 1986. \u00c9 a consolida\u00e7\u00e3o de sua fase rom\u00e2ntica. <em>&#8220;Cai o n\u00famero de grandes can\u00e7\u00f5es por \u00e1lbum. Roberto j\u00e1 n\u00e3o tem o pique criativo de antes&#8221;<\/em>, detecta. E a terceira e \u00faltima fase: de 1987 at\u00e9 os dias atuais. <em>&#8220;N\u00e3o h\u00e1 nenhum grande disco, mas ainda temos grandes can\u00e7\u00f5es, como Nossa Senhora (1993) e Esse Cara Sou Eu (2012)&#8221;<\/em>, exemplifica.<\/p>\n\n\n\n<p>O primeiro \u00e1lbum, com Jo\u00e3o e Maria de um lado e Fora do Tom do outro, foi lan\u00e7ado em 1959, pela Polydor. Antes disso, por\u00e9m, Roberto ouviu &#8220;n\u00e3o&#8221; de pelo menos quatro gravadoras: Chantecler, RCA, Philips e Odeon. Desde ent\u00e3o, lan\u00e7ou mais de 62 \u00e1lbuns nacionais e 40 internacionais, que venderam, segundo estimativas, algo em torno de 120 milh\u00f5es de c\u00f3pias.<\/p>\n\n\n\n<p>Desses, o mais importante, na opini\u00e3o de Paulo C\u00e9sar, \u00e9 Jovem Guarda (1965), que traz o megahit Quero Que V\u00e1 Tudo Pro Inferno. <em>&#8220;Foi o disco que definiu a sonoridade pop moderna brasileira dos anos 1960&#8221;<\/em>, sintetiza o pesquisador. <em>&#8220;Historicamente, \u00e9 o disco mais importante da carreira do Roberto. Daquele disco em diante, todo mundo passou a copi\u00e1-lo&#8221;<\/em>.<\/p>\n\n\n\n<div class=\"wp-block-image\"><figure class=\"aligncenter size-large\"><a href=\"https:\/\/i0.wp.com\/blogdoeloiltoncajuhy.com.br\/site\/wp-content\/uploads\/2021\/04\/roberto-papa-bbc2.jpeg\"><img data-recalc-dims=\"1\" decoding=\"async\" width=\"800\" height=\"450\" src=\"https:\/\/i0.wp.com\/blogdoeloiltoncajuhy.com.br\/site\/wp-content\/uploads\/2021\/04\/roberto-papa-bbc2.jpeg?resize=800%2C450\" alt=\"\" class=\"wp-image-55744\" srcset=\"https:\/\/i0.wp.com\/blogdoeloiltoncajuhy.com.br\/site\/wp-content\/uploads\/2021\/04\/roberto-papa-bbc2.jpeg?w=984&amp;ssl=1 984w, https:\/\/i0.wp.com\/blogdoeloiltoncajuhy.com.br\/site\/wp-content\/uploads\/2021\/04\/roberto-papa-bbc2.jpeg?resize=300%2C169&amp;ssl=1 300w, https:\/\/i0.wp.com\/blogdoeloiltoncajuhy.com.br\/site\/wp-content\/uploads\/2021\/04\/roberto-papa-bbc2.jpeg?resize=768%2C432&amp;ssl=1 768w\" sizes=\"(max-width: 800px) 100vw, 800px\" \/><\/a><figcaption><em>Roberto Carlos com Papa Jo\u00e3o Paulo 2\u00ba: al\u00e9m de can\u00e7\u00f5es rom\u00e2nticas e ecol\u00f3gicas, Roberto escreveu can\u00e7\u00f5es religiosas, como Jesus Cristo (1970), A Montanha (1972) e Luz Divina (1991) \u2014 Foto: Divulga\u00e7\u00e3o<\/em><\/figcaption><\/figure><\/div>\n\n\n\n<p>Para o jornalista e escritor Nelson Motta, o \u00e1lbum mais relevante, musicalmente falando, \u00e9 o de 1969. <em>&#8220;Com N\u00e3o Vou Ficar, Sua Estupidez e As Curvas da Estrada de Santos, marcou sua passagem de \u00eddolo juvenil para adulto&#8221;<\/em>, destaca o compositor que teve uma de suas can\u00e7\u00f5es, Como Uma Onda (1983), em parceria com Lulu Santos, cantada por Roberto no especial da TV Globo, de 2013.<\/p>\n\n\n\n<p>T\u00e1rik de Souza pensa diferente. Na opini\u00e3o do jornalista e cr\u00edtico musical, o mais importante \u00e9 o \u00e1lbum de 1971. \u00c9 o que traz a autoral Detalhes, a psicanal\u00edtica Traumas, a rebelde Todos Est\u00e3o Surdos, a rom\u00e2ntica Amada Amante\u2026 E, ainda, Como Dois e Dois, de Caetano Veloso, e Debaixo dos Carac\u00f3is dos Seus Cabelos, que Roberto comp\u00f4s para o baiano em seu ex\u00edlio pol\u00edtico, em Londres.<\/p>\n\n\n\n<p><em>&#8220;Junto com o parceiro Erasmo, Roberto moldou um pop brasileiro de largo espectro, utilizando elementos da MPB, rock e balada. Tudo coroado pelo excelente desempenho como cantor, de estilo cevado na melhor escola modernista, a de Jo\u00e3o Gilberto&#8221;<\/em>, diz.<\/p>\n\n\n\n<figure class=\"wp-block-embed aligncenter is-type-video is-provider-youtube wp-block-embed-youtube wp-embed-aspect-16-9 wp-has-aspect-ratio\"><div class=\"wp-block-embed__wrapper\">\n<iframe title=\"Roberto Carlos - Emo\u00e7\u00f5es (Ao vivo em Jerusal\u00e9m)\" width=\"800\" height=\"450\" src=\"https:\/\/www.youtube.com\/embed\/4C7tX-AxQuo?feature=oembed\" frameborder=\"0\" allow=\"accelerometer; autoplay; clipboard-write; encrypted-media; gyroscope; picture-in-picture\" allowfullscreen><\/iframe>\n<\/div><\/figure>\n\n\n\n<p class=\"has-black-color has-text-color has-medium-font-size\"><strong>Amigos de f\u00e9<\/strong><\/p>\n\n\n\n<p>A parceria com Erasmo come\u00e7ou em 1963, com Parei na Contram\u00e3o, que abre o \u00e1lbum Splish Splash. Roberto escreveu um trecho da letra durante seu expediente como datil\u00f3grafo do Minist\u00e9rio da Fazenda. Segundo levantamento do ECAD, Roberto Carlos tem 676 m\u00fasicas cadastradas &#8211; a imensa maioria em parceria com o &#8220;Tremend\u00e3o&#8221;.<\/p>\n\n\n\n<p>A letra de Imoral, Ilegal ou Engorda (1976), por exemplo, foi composta ao telefone: Roberto em Los Angeles e Erasmo no Rio. Mas, alguns de seus cl\u00e1ssicos s\u00e3o solos, como Namoradinha de Um Amigo Meu (1966), Como \u00c9 Grande o Meu Amor Por Voc\u00ea (1967) &#8211; composta para a primeira mulher, Cleonice Rossi, a Nice &#8211; e Por Isso Corro Demais (1967). Suas favoritas s\u00e3o Detalhes (1971) e Eu Te Amo Tanto (1998) &#8211; homenagem a Maria Rita Sim\u00f5es, sua terceira esposa &#8211; e a mais regravada, Emo\u00e7\u00f5es (1981), com 92 vers\u00f5es. Para Erasmo, <em>&#8220;o mais certo das horas incertas&#8221;<\/em>, comp\u00f4s Amigo (1977).<\/p>\n\n\n\n<p><em>&#8220;Roberto Carlos foi muito sagaz ao perceber que a Jovem Guarda era um movimento passageiro. Quando sentiu que aquele modismo estava prestes a se extinguir, migrou para a fase rom\u00e2ntica. Talvez, se tivesse insistido mais na fase rock&#8217;n&#8217;roll, n\u00e3o tivesse se perpetuado como cantor rom\u00e2ntico&#8221;<\/em>, analisa o jornalista e historiador Ricardo Cravo Albin. Al\u00e9m de m\u00fasicas que tocam o cora\u00e7\u00e3o, Roberto passou a escrever tamb\u00e9m can\u00e7\u00f5es de apelo ecol\u00f3gico, como O Progresso (1976), As Baleias (1981) e Amaz\u00f4nia (1989), e de cunho religioso, como Jesus Cristo (1970), A Montanha (1972) e Luz Divina (1991).<\/p>\n\n\n\n<div class=\"wp-block-image\"><figure class=\"aligncenter size-large\"><a href=\"https:\/\/i0.wp.com\/blogdoeloiltoncajuhy.com.br\/site\/wp-content\/uploads\/2021\/04\/roberto-walnderlea-erasmo-bbc3.jpeg\"><img data-recalc-dims=\"1\" loading=\"lazy\" decoding=\"async\" width=\"800\" height=\"450\" src=\"https:\/\/i0.wp.com\/blogdoeloiltoncajuhy.com.br\/site\/wp-content\/uploads\/2021\/04\/roberto-walnderlea-erasmo-bbc3.jpeg?resize=800%2C450\" alt=\"\" class=\"wp-image-55745\" srcset=\"https:\/\/i0.wp.com\/blogdoeloiltoncajuhy.com.br\/site\/wp-content\/uploads\/2021\/04\/roberto-walnderlea-erasmo-bbc3.jpeg?w=984&amp;ssl=1 984w, https:\/\/i0.wp.com\/blogdoeloiltoncajuhy.com.br\/site\/wp-content\/uploads\/2021\/04\/roberto-walnderlea-erasmo-bbc3.jpeg?resize=300%2C169&amp;ssl=1 300w, https:\/\/i0.wp.com\/blogdoeloiltoncajuhy.com.br\/site\/wp-content\/uploads\/2021\/04\/roberto-walnderlea-erasmo-bbc3.jpeg?resize=768%2C432&amp;ssl=1 768w\" sizes=\"(max-width: 800px) 100vw, 800px\" \/><\/a><figcaption><em>Roberto tem 676 m\u00fasicas cadastradas no ECAD &#8211; a imensa maioria em parceria com Erasmo Carlos. A mais regravada \u00e9 Emo\u00e7\u00f5es (1981) \u2014 Foto: Acervo cia BBC<\/em><\/figcaption><\/figure><\/div>\n","protected":false},"excerpt":{"rendered":"<p>Maria Beth\u00e2nia tinha por volta de 18 anos quando viu Roberto Carlos pela primeira vez na TV. Foi no Programa Jovem Guarda, que o cantor apresentou, ao lado de Erasmo Carlos e Wanderl\u00e9a, de 22 de agosto de 1965 a 17 de janeiro de 1968, na Record. &#8220;Fiquei deslumbrada&#8221;, recorda a baiana. &#8220;Gostei de tudo: [&hellip;]<\/p>\n","protected":false},"author":2,"featured_media":13998,"comment_status":"open","ping_status":"open","sticky":false,"template":"","format":"standard","meta":{"_acf_changed":false,"_monsterinsights_skip_tracking":false,"_monsterinsights_sitenote_active":false,"_monsterinsights_sitenote_note":"","_monsterinsights_sitenote_category":0,"_jetpack_memberships_contains_paid_content":false,"footnotes":"","jetpack_publicize_message":"","jetpack_publicize_feature_enabled":true,"jetpack_social_post_already_shared":true,"jetpack_social_options":{"image_generator_settings":{"template":"highway","default_image_id":0,"font":"","enabled":false},"version":2}},"categories":[8],"tags":[],"class_list":["post-55741","post","type-post","status-publish","format-standard","has-post-thumbnail","hentry","category-cultura"],"acf":[],"jetpack_publicize_connections":[],"jetpack_featured_media_url":"https:\/\/i0.wp.com\/blogdoeloiltoncajuhy.com.br\/site\/wp-content\/uploads\/2016\/12\/roberto-carlos-1.jpg?fit=600%2C350&ssl=1","jetpack_sharing_enabled":true,"publishpress_future_workflow_manual_trigger":{"enabledWorkflows":[]},"_links":{"self":[{"href":"https:\/\/blogdoeloiltoncajuhy.com.br\/site\/wp-json\/wp\/v2\/posts\/55741","targetHints":{"allow":["GET"]}}],"collection":[{"href":"https:\/\/blogdoeloiltoncajuhy.com.br\/site\/wp-json\/wp\/v2\/posts"}],"about":[{"href":"https:\/\/blogdoeloiltoncajuhy.com.br\/site\/wp-json\/wp\/v2\/types\/post"}],"author":[{"embeddable":true,"href":"https:\/\/blogdoeloiltoncajuhy.com.br\/site\/wp-json\/wp\/v2\/users\/2"}],"replies":[{"embeddable":true,"href":"https:\/\/blogdoeloiltoncajuhy.com.br\/site\/wp-json\/wp\/v2\/comments?post=55741"}],"version-history":[{"count":2,"href":"https:\/\/blogdoeloiltoncajuhy.com.br\/site\/wp-json\/wp\/v2\/posts\/55741\/revisions"}],"predecessor-version":[{"id":55747,"href":"https:\/\/blogdoeloiltoncajuhy.com.br\/site\/wp-json\/wp\/v2\/posts\/55741\/revisions\/55747"}],"wp:featuredmedia":[{"embeddable":true,"href":"https:\/\/blogdoeloiltoncajuhy.com.br\/site\/wp-json\/wp\/v2\/media\/13998"}],"wp:attachment":[{"href":"https:\/\/blogdoeloiltoncajuhy.com.br\/site\/wp-json\/wp\/v2\/media?parent=55741"}],"wp:term":[{"taxonomy":"category","embeddable":true,"href":"https:\/\/blogdoeloiltoncajuhy.com.br\/site\/wp-json\/wp\/v2\/categories?post=55741"},{"taxonomy":"post_tag","embeddable":true,"href":"https:\/\/blogdoeloiltoncajuhy.com.br\/site\/wp-json\/wp\/v2\/tags?post=55741"}],"curies":[{"name":"wp","href":"https:\/\/api.w.org\/{rel}","templated":true}]}}