{"id":55725,"date":"2021-04-19T09:06:24","date_gmt":"2021-04-19T12:06:24","guid":{"rendered":"http:\/\/blogdoeloiltoncajuhy.com.br\/site\/?p=55725"},"modified":"2021-04-19T09:06:25","modified_gmt":"2021-04-19T12:06:25","slug":"detran-ba-passa-a-fazer-parte-do-registro-nacional-de-acidentes-e-estatisticas-de-transito","status":"publish","type":"post","link":"https:\/\/blogdoeloiltoncajuhy.com.br\/site\/detran-ba-passa-a-fazer-parte-do-registro-nacional-de-acidentes-e-estatisticas-de-transito\/","title":{"rendered":"Detran-BA passa a fazer parte do Registro Nacional de Acidentes e Estat\u00edsticas de Tr\u00e2nsito"},"content":{"rendered":"\n<div class=\"wp-block-image\"><figure class=\"aligncenter size-large\"><a href=\"https:\/\/i0.wp.com\/blogdoeloiltoncajuhy.com.br\/site\/wp-content\/uploads\/2021\/04\/Detran_Acidente-768x431-1.jpeg\"><img data-recalc-dims=\"1\" fetchpriority=\"high\" decoding=\"async\" width=\"768\" height=\"431\" src=\"https:\/\/i0.wp.com\/blogdoeloiltoncajuhy.com.br\/site\/wp-content\/uploads\/2021\/04\/Detran_Acidente-768x431-1.jpeg?resize=768%2C431\" alt=\"\" class=\"wp-image-55726\" srcset=\"https:\/\/i0.wp.com\/blogdoeloiltoncajuhy.com.br\/site\/wp-content\/uploads\/2021\/04\/Detran_Acidente-768x431-1.jpeg?w=768&amp;ssl=1 768w, https:\/\/i0.wp.com\/blogdoeloiltoncajuhy.com.br\/site\/wp-content\/uploads\/2021\/04\/Detran_Acidente-768x431-1.jpeg?resize=300%2C168&amp;ssl=1 300w\" sizes=\"(max-width: 768px) 100vw, 768px\" \/><\/a><\/figure><\/div>\n\n\n\n<p>O Departamento Estadual de Tr\u00e2nsito (Detran-BA) finalizou a integra\u00e7\u00e3o ao sistema do Registro Nacional de Acidentes e Estat\u00edsticas de Tr\u00e2nsito (Renaest), implantado pelo Minist\u00e9rio da Infraestrutura. A Bahia entrou para o grupo de 15 estados que j\u00e1 disponibilizam as informa\u00e7\u00f5es sobre as ocorr\u00eancias nas vias.<\/p>\n\n\n\n<p>O levantamento dos dados \u00e9 feito pelo Detran-BA, em parceria com as secretarias estaduais da Infraestrutura (Seinfra), Seguran\u00e7a P\u00fablica (SSP) e Sa\u00fade (Sesab), Batalh\u00e3o de Pol\u00edcia Rodovi\u00e1ria da PM (BPRv), Transalvador e Pol\u00edcia Rodovi\u00e1ria Federal (PRF). As informa\u00e7\u00f5es sobre o n\u00famero de acidentes e os locais em que eles aconteceram, com o perfil das v\u00edtimas e quantidade de feridos e mortos, s\u00e3o consolidadas pelo Detran-BA e enviadas ao sistema Renaest, dispon\u00edvel no portal do minist\u00e9rio.<\/p>\n\n\n\n<p>No primeiro relat\u00f3rio, com dados de janeiro de 2018 a outubro de 2020, a Bahia registrou 52.874 acidentes de tr\u00e2nsito, com 79.645 v\u00edtimas n\u00e3o fatais e 5.002 mortes. As estat\u00edsticas completas do per\u00edodo est\u00e3o dispon\u00edveis no site do Detran-BA, no campo \u201cConsulta\/Registro de acidentes\u201d.<\/p>\n","protected":false},"excerpt":{"rendered":"<p>O Departamento Estadual de Tr\u00e2nsito (Detran-BA) finalizou a integra\u00e7\u00e3o ao sistema do Registro Nacional de Acidentes e Estat\u00edsticas de Tr\u00e2nsito (Renaest), implantado pelo Minist\u00e9rio da Infraestrutura. A Bahia entrou para o grupo de 15 estados que j\u00e1 disponibilizam as informa\u00e7\u00f5es sobre as ocorr\u00eancias nas vias. O levantamento dos dados \u00e9 feito pelo Detran-BA, em parceria [&hellip;]<\/p>\n","protected":false},"author":2,"featured_media":55726,"comment_status":"open","ping_status":"open","sticky":false,"template":"","format":"standard","meta":{"_acf_changed":false,"_monsterinsights_skip_tracking":false,"_monsterinsights_sitenote_active":false,"_monsterinsights_sitenote_note":"","_monsterinsights_sitenote_category":0,"_jetpack_memberships_contains_paid_content":false,"footnotes":"","jetpack_publicize_message":"","jetpack_publicize_feature_enabled":true,"jetpack_social_post_already_shared":true,"jetpack_social_options":{"image_generator_settings":{"template":"highway","default_image_id":0,"font":"","enabled":false},"version":2}},"categories":[1],"tags":[],"class_list":["post-55725","post","type-post","status-publish","format-standard","has-post-thumbnail","hentry","category-noticias"],"acf":[],"jetpack_publicize_connections":[],"jetpack_featured_media_url":"https:\/\/i0.wp.com\/blogdoeloiltoncajuhy.com.br\/site\/wp-content\/uploads\/2021\/04\/Detran_Acidente-768x431-1.jpeg?fit=768%2C431&ssl=1","jetpack_sharing_enabled":true,"publishpress_future_workflow_manual_trigger":{"enabledWorkflows":[]},"_links":{"self":[{"href":"https:\/\/blogdoeloiltoncajuhy.com.br\/site\/wp-json\/wp\/v2\/posts\/55725","targetHints":{"allow":["GET"]}}],"collection":[{"href":"https:\/\/blogdoeloiltoncajuhy.com.br\/site\/wp-json\/wp\/v2\/posts"}],"about":[{"href":"https:\/\/blogdoeloiltoncajuhy.com.br\/site\/wp-json\/wp\/v2\/types\/post"}],"author":[{"embeddable":true,"href":"https:\/\/blogdoeloiltoncajuhy.com.br\/site\/wp-json\/wp\/v2\/users\/2"}],"replies":[{"embeddable":true,"href":"https:\/\/blogdoeloiltoncajuhy.com.br\/site\/wp-json\/wp\/v2\/comments?post=55725"}],"version-history":[{"count":2,"href":"https:\/\/blogdoeloiltoncajuhy.com.br\/site\/wp-json\/wp\/v2\/posts\/55725\/revisions"}],"predecessor-version":[{"id":55728,"href":"https:\/\/blogdoeloiltoncajuhy.com.br\/site\/wp-json\/wp\/v2\/posts\/55725\/revisions\/55728"}],"wp:featuredmedia":[{"embeddable":true,"href":"https:\/\/blogdoeloiltoncajuhy.com.br\/site\/wp-json\/wp\/v2\/media\/55726"}],"wp:attachment":[{"href":"https:\/\/blogdoeloiltoncajuhy.com.br\/site\/wp-json\/wp\/v2\/media?parent=55725"}],"wp:term":[{"taxonomy":"category","embeddable":true,"href":"https:\/\/blogdoeloiltoncajuhy.com.br\/site\/wp-json\/wp\/v2\/categories?post=55725"},{"taxonomy":"post_tag","embeddable":true,"href":"https:\/\/blogdoeloiltoncajuhy.com.br\/site\/wp-json\/wp\/v2\/tags?post=55725"}],"curies":[{"name":"wp","href":"https:\/\/api.w.org\/{rel}","templated":true}]}}