{"id":55719,"date":"2021-04-19T08:31:56","date_gmt":"2021-04-19T11:31:56","guid":{"rendered":"http:\/\/blogdoeloiltoncajuhy.com.br\/site\/?p=55719"},"modified":"2021-04-19T08:59:01","modified_gmt":"2021-04-19T11:59:01","slug":"policia-civil-de-senhor-do-bonfim-prende-elementos-acusados-de-torturar-matar-e-enterrar-tita","status":"publish","type":"post","link":"https:\/\/blogdoeloiltoncajuhy.com.br\/site\/policia-civil-de-senhor-do-bonfim-prende-elementos-acusados-de-torturar-matar-e-enterrar-tita\/","title":{"rendered":"Pol\u00edcia Civil de Senhor do Bonfim prende elementos acusados de torturar, matar e enterrar \u2018Tita\u2019"},"content":{"rendered":"\n<div class=\"wp-block-image\"><figure class=\"aligncenter size-large is-resized\"><a href=\"https:\/\/i0.wp.com\/blogdoeloiltoncajuhy.com.br\/site\/wp-content\/uploads\/2021\/04\/Quintal-tortura-Tita.jpg\"><img data-recalc-dims=\"1\" fetchpriority=\"high\" decoding=\"async\" src=\"https:\/\/i0.wp.com\/blogdoeloiltoncajuhy.com.br\/site\/wp-content\/uploads\/2021\/04\/Quintal-tortura-Tita.jpg?resize=576%2C768\" alt=\"\" class=\"wp-image-55720\" width=\"576\" height=\"768\" srcset=\"https:\/\/i0.wp.com\/blogdoeloiltoncajuhy.com.br\/site\/wp-content\/uploads\/2021\/04\/Quintal-tortura-Tita.jpg?resize=768%2C1024&amp;ssl=1 768w, https:\/\/i0.wp.com\/blogdoeloiltoncajuhy.com.br\/site\/wp-content\/uploads\/2021\/04\/Quintal-tortura-Tita.jpg?resize=225%2C300&amp;ssl=1 225w, https:\/\/i0.wp.com\/blogdoeloiltoncajuhy.com.br\/site\/wp-content\/uploads\/2021\/04\/Quintal-tortura-Tita.jpg?w=960&amp;ssl=1 960w\" sizes=\"(max-width: 576px) 100vw, 576px\" \/><\/a><figcaption><em>Local onde o corpo de Tita foi enterrado pela primeira vez<\/em><\/figcaption><\/figure><\/div>\n\n\n\n<p>Uma equipe comandada pelo delegado de Pol\u00edcia, Dr. Felipe Neri, prendeu na manh\u00e3 deste segunda-feira (19) dois elementos acusados de torturar, matar e enterrar o corpo de <strong>Ricardo Lu\u00eds Bispo da Silva<\/strong>, conhecido por <strong>&#8220;Tita&#8221;<\/strong>.<\/p>\n\n\n\n<p>Os elementos contaram que os tr\u00eas estavam bebendo, no dia primeiro de abril, na casa de um deles, e que acabaram se desentendendo por causa de um celular. O desentendimento terminou em assassinato. Tita foi morto com requintes de crueldade.<\/p>\n\n\n\n<p>A Pol\u00edcia Civil apreendeu uma picareta e uma faca utilizadas no crime. As investiga\u00e7\u00f5es apontaram que por volta das 19h do dia 1\u00ba, os tr\u00eas se desentenderam ap\u00f3s o um deles ter furtado o celular de Tita. Segundo a pol\u00edcia, um dos autores do crime, que seria o dono da casa, segurou a v\u00edtima e o outro utilizando os instrumentos apreendidos a matou.<\/p>\n\n\n\n<p>Em seguida, enterraram o corpo da v\u00edtima no quintal da casa onde ocorreu o fato e, no dia 11, por volta das 2h da madrugada, desenterraram-no, colocaram em um carrinho de m\u00e3o e enterraram numa cova rasa no final da rua Carrapichel, deixando suas pernas fora da cova. No mesmo dia pela manh\u00e3, o corpo foi localizado por populares.<\/p>\n\n\n\n<p>Os dois acusados est\u00e3o sendo ouvidos neste momento.<\/p>\n\n\n\n<div class=\"wp-block-image\"><figure class=\"aligncenter size-full is-resized\"><a href=\"https:\/\/i0.wp.com\/blogdoeloiltoncajuhy.com.br\/site\/wp-content\/uploads\/2021\/04\/Tita.jpg\"><img data-recalc-dims=\"1\" decoding=\"async\" src=\"https:\/\/i0.wp.com\/blogdoeloiltoncajuhy.com.br\/site\/wp-content\/uploads\/2021\/04\/Tita.jpg?resize=480%2C596\" alt=\"\" class=\"wp-image-55534\" width=\"480\" height=\"596\" srcset=\"https:\/\/i0.wp.com\/blogdoeloiltoncajuhy.com.br\/site\/wp-content\/uploads\/2021\/04\/Tita.jpg?w=640&amp;ssl=1 640w, https:\/\/i0.wp.com\/blogdoeloiltoncajuhy.com.br\/site\/wp-content\/uploads\/2021\/04\/Tita.jpg?resize=242%2C300&amp;ssl=1 242w\" sizes=\"(max-width: 480px) 100vw, 480px\" \/><\/a><figcaption><em>Tita foi torturado e morto<\/em><\/figcaption><\/figure><\/div>\n","protected":false},"excerpt":{"rendered":"<p>Uma equipe comandada pelo delegado de Pol\u00edcia, Dr. Felipe Neri, prendeu na manh\u00e3 deste segunda-feira (19) dois elementos acusados de torturar, matar e enterrar o corpo de Ricardo Lu\u00eds Bispo da Silva, conhecido por &#8220;Tita&#8221;. Os elementos contaram que os tr\u00eas estavam bebendo, no dia primeiro de abril, na casa de um deles, e que [&hellip;]<\/p>\n","protected":false},"author":2,"featured_media":55455,"comment_status":"open","ping_status":"open","sticky":false,"template":"","format":"standard","meta":{"_acf_changed":false,"_monsterinsights_skip_tracking":false,"_monsterinsights_sitenote_active":false,"_monsterinsights_sitenote_note":"","_monsterinsights_sitenote_category":0,"_jetpack_memberships_contains_paid_content":false,"footnotes":"","jetpack_publicize_message":"","jetpack_publicize_feature_enabled":true,"jetpack_social_post_already_shared":true,"jetpack_social_options":{"image_generator_settings":{"template":"highway","default_image_id":0,"font":"","enabled":false},"version":2}},"categories":[15],"tags":[],"class_list":["post-55719","post","type-post","status-publish","format-standard","has-post-thumbnail","hentry","category-policia"],"acf":[],"jetpack_publicize_connections":[],"jetpack_featured_media_url":"https:\/\/i0.wp.com\/blogdoeloiltoncajuhy.com.br\/site\/wp-content\/uploads\/2021\/04\/Policia-Civil-2.jpeg?fit=760%2C1098&ssl=1","jetpack_sharing_enabled":true,"publishpress_future_workflow_manual_trigger":{"enabledWorkflows":[]},"_links":{"self":[{"href":"https:\/\/blogdoeloiltoncajuhy.com.br\/site\/wp-json\/wp\/v2\/posts\/55719","targetHints":{"allow":["GET"]}}],"collection":[{"href":"https:\/\/blogdoeloiltoncajuhy.com.br\/site\/wp-json\/wp\/v2\/posts"}],"about":[{"href":"https:\/\/blogdoeloiltoncajuhy.com.br\/site\/wp-json\/wp\/v2\/types\/post"}],"author":[{"embeddable":true,"href":"https:\/\/blogdoeloiltoncajuhy.com.br\/site\/wp-json\/wp\/v2\/users\/2"}],"replies":[{"embeddable":true,"href":"https:\/\/blogdoeloiltoncajuhy.com.br\/site\/wp-json\/wp\/v2\/comments?post=55719"}],"version-history":[{"count":3,"href":"https:\/\/blogdoeloiltoncajuhy.com.br\/site\/wp-json\/wp\/v2\/posts\/55719\/revisions"}],"predecessor-version":[{"id":55724,"href":"https:\/\/blogdoeloiltoncajuhy.com.br\/site\/wp-json\/wp\/v2\/posts\/55719\/revisions\/55724"}],"wp:featuredmedia":[{"embeddable":true,"href":"https:\/\/blogdoeloiltoncajuhy.com.br\/site\/wp-json\/wp\/v2\/media\/55455"}],"wp:attachment":[{"href":"https:\/\/blogdoeloiltoncajuhy.com.br\/site\/wp-json\/wp\/v2\/media?parent=55719"}],"wp:term":[{"taxonomy":"category","embeddable":true,"href":"https:\/\/blogdoeloiltoncajuhy.com.br\/site\/wp-json\/wp\/v2\/categories?post=55719"},{"taxonomy":"post_tag","embeddable":true,"href":"https:\/\/blogdoeloiltoncajuhy.com.br\/site\/wp-json\/wp\/v2\/tags?post=55719"}],"curies":[{"name":"wp","href":"https:\/\/api.w.org\/{rel}","templated":true}]}}