{"id":55708,"date":"2021-04-18T22:54:38","date_gmt":"2021-04-19T01:54:38","guid":{"rendered":"http:\/\/blogdoeloiltoncajuhy.com.br\/site\/?p=55708"},"modified":"2021-04-18T22:54:39","modified_gmt":"2021-04-19T01:54:39","slug":"conselho-de-desenvolvimento-sustentavel-de-andorinha-realiza-reuniao-extraordinaria","status":"publish","type":"post","link":"https:\/\/blogdoeloiltoncajuhy.com.br\/site\/conselho-de-desenvolvimento-sustentavel-de-andorinha-realiza-reuniao-extraordinaria\/","title":{"rendered":"Conselho de Desenvolvimento Sustent\u00e1vel de Andorinha realiza reuni\u00e3o extraordin\u00e1ria"},"content":{"rendered":"\n<div class=\"wp-block-image\"><figure class=\"aligncenter size-large\"><a href=\"https:\/\/i0.wp.com\/blogdoeloiltoncajuhy.com.br\/site\/wp-content\/uploads\/2021\/04\/PMA_ReuniaoConselhoSustentavel-01.jpeg\"><img data-recalc-dims=\"1\" fetchpriority=\"high\" decoding=\"async\" width=\"800\" height=\"598\" src=\"https:\/\/i0.wp.com\/blogdoeloiltoncajuhy.com.br\/site\/wp-content\/uploads\/2021\/04\/PMA_ReuniaoConselhoSustentavel-01.jpeg?resize=800%2C598\" alt=\"\" class=\"wp-image-55709\" srcset=\"https:\/\/i0.wp.com\/blogdoeloiltoncajuhy.com.br\/site\/wp-content\/uploads\/2021\/04\/PMA_ReuniaoConselhoSustentavel-01.jpeg?resize=1024%2C766&amp;ssl=1 1024w, https:\/\/i0.wp.com\/blogdoeloiltoncajuhy.com.br\/site\/wp-content\/uploads\/2021\/04\/PMA_ReuniaoConselhoSustentavel-01.jpeg?resize=300%2C225&amp;ssl=1 300w, https:\/\/i0.wp.com\/blogdoeloiltoncajuhy.com.br\/site\/wp-content\/uploads\/2021\/04\/PMA_ReuniaoConselhoSustentavel-01.jpeg?resize=768%2C575&amp;ssl=1 768w, https:\/\/i0.wp.com\/blogdoeloiltoncajuhy.com.br\/site\/wp-content\/uploads\/2021\/04\/PMA_ReuniaoConselhoSustentavel-01.jpeg?w=1280&amp;ssl=1 1280w\" sizes=\"(max-width: 800px) 100vw, 800px\" \/><\/a><\/figure><\/div>\n\n\n\n<p>A Prefeitura Municipal de Andorinha e a Dire\u00e7\u00e3o do Conselho Municipal de Desenvolvimento Sustent\u00e1vel (CMDS) convocaram para esta sexta-feira, 16, todos os conselheiros para uma reuni\u00e3o extraordin\u00e1ria com o objetivo de debater assuntos relevantes para os agricultores familiares do munic\u00edpio, dentre os quais, a homologa\u00e7\u00e3o das inscri\u00e7\u00f5es do Programa Garantia-Safra\/2020\/2021.<\/p>\n\n\n\n<p>O Presidente do CMDS e secret\u00e1rio de Desenvolvimento Rural e Meio Ambiente, Valt\u00f4nio Guimar\u00e3es, iniciou a reuni\u00e3o com os informes da plen\u00e1ria e, logo ap\u00f3s, iniciou-se as discuss\u00f5es sobre a homologa\u00e7\u00e3o das inscri\u00e7\u00f5es dos agricultores no Programa Garantia-Safra 2020\/2021, falando das dificuldades encontradas para realizar o cadastramento, em fun\u00e7\u00e3o da Pandemia da COVID-19 e, em seguida, apresentou a planilha de inscri\u00e7\u00f5es com o total de 1.266 agricultores familiares cadastrados e inscritos no programa, ressaltando sobre alguns crit\u00e9rios impostos pelo Governo Federal, que implicam no bloqueio do pagamento de alguns benef\u00edcios, por NIS desatualizado, renda acima da permitida, possuir ve\u00edculo com valor alto, residir fora do munic\u00edpio e etc.<\/p>\n\n\n\n<p>Na reuni\u00e3o, ocorreu tamb\u00e9m a reapresenta\u00e7\u00e3o e atualiza\u00e7\u00e3o do Regime Interno do CMDS que, ap\u00f3s aprovado, foi assinado pelos conselheiros presentes, documento que ser\u00e1 enviado ao Conselho Estadual de Desenvolvimento Rural Sustent\u00e1vel (CEDRS), juntamente com a Ata de Atualiza\u00e7\u00e3o da Composi\u00e7\u00e3o e Dire\u00e7\u00e3o do Conselho, Rela\u00e7\u00e3o de Conselheiros e Decreto de Nomea\u00e7\u00e3o dos Conselheiros pelo Executivo Municipal. O Regimento Interno ser\u00e1 socializado para Conselheiros, via grupo de WhatsApp do CMDS.<\/p>\n\n\n\n<div class=\"wp-block-image\"><figure class=\"aligncenter size-large\"><a href=\"https:\/\/i0.wp.com\/blogdoeloiltoncajuhy.com.br\/site\/wp-content\/uploads\/2021\/04\/PMA_ReuniaoConselhoSustentavel-02.jpeg\"><img data-recalc-dims=\"1\" decoding=\"async\" width=\"800\" height=\"598\" src=\"https:\/\/i0.wp.com\/blogdoeloiltoncajuhy.com.br\/site\/wp-content\/uploads\/2021\/04\/PMA_ReuniaoConselhoSustentavel-02.jpeg?resize=800%2C598\" alt=\"\" class=\"wp-image-55710\" srcset=\"https:\/\/i0.wp.com\/blogdoeloiltoncajuhy.com.br\/site\/wp-content\/uploads\/2021\/04\/PMA_ReuniaoConselhoSustentavel-02.jpeg?resize=1024%2C766&amp;ssl=1 1024w, https:\/\/i0.wp.com\/blogdoeloiltoncajuhy.com.br\/site\/wp-content\/uploads\/2021\/04\/PMA_ReuniaoConselhoSustentavel-02.jpeg?resize=300%2C225&amp;ssl=1 300w, https:\/\/i0.wp.com\/blogdoeloiltoncajuhy.com.br\/site\/wp-content\/uploads\/2021\/04\/PMA_ReuniaoConselhoSustentavel-02.jpeg?resize=768%2C575&amp;ssl=1 768w, https:\/\/i0.wp.com\/blogdoeloiltoncajuhy.com.br\/site\/wp-content\/uploads\/2021\/04\/PMA_ReuniaoConselhoSustentavel-02.jpeg?w=1280&amp;ssl=1 1280w\" sizes=\"(max-width: 800px) 100vw, 800px\" \/><\/a><\/figure><\/div>\n\n\n\n<p>O encontro contou com a presen\u00e7a do presidente do CMDS, Valt\u00f4nio Guimar\u00e3es, do vice-presidente, Etelvaldo Dantas e do secret\u00e1rio Fabr\u00edcio Santos, juntamente com os representantes das entidades e institui\u00e7\u00f5es participantes do conselho, dentre eles, os vereadores Jairo Duarte e Jos\u00e9 Albino (Z\u00e9 da Paz), que representaram o Poder Legislativo do Munic\u00edpio e participaram ativamente dos debates da reuni\u00e3o.<\/p>\n\n\n\n<p>Aproveitando a presen\u00e7a do p\u00fablico, a representante da Secretaria de Educa\u00e7\u00e3o, Delmaci Guimar\u00e3es, refor\u00e7ou a import\u00e2ncia da matr\u00edcula da rede municipal. <em>\u201cEstamos com o n\u00famero alto de alunos que n\u00e3o compareceram para renovar a sua matr\u00edcula. Pe\u00e7o a colabora\u00e7\u00e3o de todos os representantes das comunidade, para incentivar os pais e respons\u00e1veis das suas respectivas comunidades, a procurarem as escolas para realizar as matr\u00edculas de seus filhos, principalmente as fam\u00edlias que recebem o benef\u00edcio do Programa Bolsa Fam\u00edlia. Informo tamb\u00e9m que a partir de segunda-feira (19), estaremos entregando as atividades remotas em todas as escolas do munic\u00edpio. Pe\u00e7o que os pais\/respons\u00e1veis peguem o material, evitando ac\u00famulo de atividades para os alunos&#8221;<\/em>, pontuou Delmaci Guimar\u00e3es.<\/p>\n","protected":false},"excerpt":{"rendered":"<p>A Prefeitura Municipal de Andorinha e a Dire\u00e7\u00e3o do Conselho Municipal de Desenvolvimento Sustent\u00e1vel (CMDS) convocaram para esta sexta-feira, 16, todos os conselheiros para uma reuni\u00e3o extraordin\u00e1ria com o objetivo de debater assuntos relevantes para os agricultores familiares do munic\u00edpio, dentre os quais, a homologa\u00e7\u00e3o das inscri\u00e7\u00f5es do Programa Garantia-Safra\/2020\/2021. O Presidente do CMDS e [&hellip;]<\/p>\n","protected":false},"author":2,"featured_media":55709,"comment_status":"open","ping_status":"open","sticky":false,"template":"","format":"standard","meta":{"_acf_changed":false,"_monsterinsights_skip_tracking":false,"_monsterinsights_sitenote_active":false,"_monsterinsights_sitenote_note":"","_monsterinsights_sitenote_category":0,"_jetpack_memberships_contains_paid_content":false,"footnotes":"","jetpack_publicize_message":"","jetpack_publicize_feature_enabled":true,"jetpack_social_post_already_shared":true,"jetpack_social_options":{"image_generator_settings":{"template":"highway","default_image_id":0,"font":"","enabled":false},"version":2}},"categories":[11],"tags":[],"class_list":["post-55708","post","type-post","status-publish","format-standard","has-post-thumbnail","hentry","category-regional"],"acf":[],"jetpack_publicize_connections":[],"jetpack_featured_media_url":"https:\/\/i0.wp.com\/blogdoeloiltoncajuhy.com.br\/site\/wp-content\/uploads\/2021\/04\/PMA_ReuniaoConselhoSustentavel-01.jpeg?fit=1280%2C958&ssl=1","jetpack_sharing_enabled":true,"publishpress_future_workflow_manual_trigger":{"enabledWorkflows":[]},"_links":{"self":[{"href":"https:\/\/blogdoeloiltoncajuhy.com.br\/site\/wp-json\/wp\/v2\/posts\/55708","targetHints":{"allow":["GET"]}}],"collection":[{"href":"https:\/\/blogdoeloiltoncajuhy.com.br\/site\/wp-json\/wp\/v2\/posts"}],"about":[{"href":"https:\/\/blogdoeloiltoncajuhy.com.br\/site\/wp-json\/wp\/v2\/types\/post"}],"author":[{"embeddable":true,"href":"https:\/\/blogdoeloiltoncajuhy.com.br\/site\/wp-json\/wp\/v2\/users\/2"}],"replies":[{"embeddable":true,"href":"https:\/\/blogdoeloiltoncajuhy.com.br\/site\/wp-json\/wp\/v2\/comments?post=55708"}],"version-history":[{"count":1,"href":"https:\/\/blogdoeloiltoncajuhy.com.br\/site\/wp-json\/wp\/v2\/posts\/55708\/revisions"}],"predecessor-version":[{"id":55711,"href":"https:\/\/blogdoeloiltoncajuhy.com.br\/site\/wp-json\/wp\/v2\/posts\/55708\/revisions\/55711"}],"wp:featuredmedia":[{"embeddable":true,"href":"https:\/\/blogdoeloiltoncajuhy.com.br\/site\/wp-json\/wp\/v2\/media\/55709"}],"wp:attachment":[{"href":"https:\/\/blogdoeloiltoncajuhy.com.br\/site\/wp-json\/wp\/v2\/media?parent=55708"}],"wp:term":[{"taxonomy":"category","embeddable":true,"href":"https:\/\/blogdoeloiltoncajuhy.com.br\/site\/wp-json\/wp\/v2\/categories?post=55708"},{"taxonomy":"post_tag","embeddable":true,"href":"https:\/\/blogdoeloiltoncajuhy.com.br\/site\/wp-json\/wp\/v2\/tags?post=55708"}],"curies":[{"name":"wp","href":"https:\/\/api.w.org\/{rel}","templated":true}]}}