{"id":55704,"date":"2021-04-18T22:39:06","date_gmt":"2021-04-19T01:39:06","guid":{"rendered":"http:\/\/blogdoeloiltoncajuhy.com.br\/site\/?p=55704"},"modified":"2021-04-18T22:39:08","modified_gmt":"2021-04-19T01:39:08","slug":"novo-decreto-do-governo-do-estado-permite-19-municipios-a-retomarem-aulas-semipresenciais","status":"publish","type":"post","link":"https:\/\/blogdoeloiltoncajuhy.com.br\/site\/novo-decreto-do-governo-do-estado-permite-19-municipios-a-retomarem-aulas-semipresenciais\/","title":{"rendered":"Novo decreto do Governo do Estado permite 19 munic\u00edpios a retomarem aulas semipresenciais"},"content":{"rendered":"\n<h5 class=\"has-text-align-center wp-block-heading\"><em>Medida foi publicada neste domingo (18), na vers\u00e3o on-line do Di\u00e1rio Oficial do Estado (DOE)<\/em><\/h5>\n\n\n\n<div class=\"wp-block-image\"><figure class=\"aligncenter size-large\"><a href=\"https:\/\/i0.wp.com\/blogdoeloiltoncajuhy.com.br\/site\/wp-content\/uploads\/2021\/04\/CoronaToqueRecolher_Abr-2021.jpg\"><img data-recalc-dims=\"1\" fetchpriority=\"high\" decoding=\"async\" width=\"768\" height=\"512\" src=\"https:\/\/i0.wp.com\/blogdoeloiltoncajuhy.com.br\/site\/wp-content\/uploads\/2021\/04\/CoronaToqueRecolher_Abr-2021.jpg?resize=768%2C512\" alt=\"\" class=\"wp-image-55705\" srcset=\"https:\/\/i0.wp.com\/blogdoeloiltoncajuhy.com.br\/site\/wp-content\/uploads\/2021\/04\/CoronaToqueRecolher_Abr-2021.jpg?w=768&amp;ssl=1 768w, https:\/\/i0.wp.com\/blogdoeloiltoncajuhy.com.br\/site\/wp-content\/uploads\/2021\/04\/CoronaToqueRecolher_Abr-2021.jpg?resize=300%2C200&amp;ssl=1 300w\" sizes=\"(max-width: 768px) 100vw, 768px\" \/><\/a><figcaption><em>Foto: El\u00f3i Corr\u00eaa\/GOVBA<\/em><\/figcaption><\/figure><\/div>\n\n\n\n<p>O toque de recolher passa a vigorar das 20h \u00e0s 5h de 18 a 26 de abril, em 208 munic\u00edpios baianos <strong><em>[veja lista no final da reportagem]<\/em><\/strong>. Nos demais munic\u00edpios, inclusive Salvador, fica restrita a locomo\u00e7\u00e3o noturna, vedados a qualquer indiv\u00edduo a perman\u00eancia e o tr\u00e2nsito em vias, equipamentos, locais e pra\u00e7as p\u00fablicas, das 21h \u00e0s 5h, de 18 de abril at\u00e9 26 de abril. A medida foi publicada neste domingo (18), na vers\u00e3o on-line do Di\u00e1rio Oficial do Estado (DOE).<\/p>\n\n\n\n<p class=\"has-black-color has-text-color has-medium-font-size\"><strong>Aulas semipresenciais<\/strong><\/p>\n\n\n\n<p>As atividades letivas, nas unidades de ensino p\u00fablicas e particulares, poder\u00e3o ocorrer de maneira semipresencial, conforme disposi\u00e7\u00f5es editadas pela Secretaria da Educa\u00e7\u00e3o, em 19 munic\u00edpios listados <strong><em>[veja lista no final da mat\u00e9ria]<\/em><\/strong>, em que a taxa de ocupa\u00e7\u00e3o de leitos de UTI se mantenha, por cinco dias consecutivos, igual ou inferior a 75%.<\/p>\n\n\n\n<p>A realiza\u00e7\u00e3o das atividades letivas semipresenciais fica condicionada \u00e0 ocupa\u00e7\u00e3o m\u00e1xima de 50% da capacidade de cada sala de aula e ao atendimento dos protocolos sanit\u00e1rios estabelecidos. No restante do estado, continuam suspensas, at\u00e9 26 de abril, as aulas presenciais nas unidades de ensino, p\u00fablicas e particulares.<\/p>\n\n\n\n<p class=\"has-black-color has-text-color has-medium-font-size\"><strong>Outras medidas<\/strong><\/p>\n\n\n\n<p>Segundo o decreto, os estabelecimentos comerciais que funcionem como restaurantes, bares e cong\u00eaneres, localizados nos 208 munic\u00edpios dever\u00e3o encerrar o atendimento presencial \u00e0s 19h, permitidos os servi\u00e7os de entrega em domic\u00edlio (delivery) de alimenta\u00e7\u00e3o at\u00e9 as 24h.<\/p>\n\n\n\n<p>Fica vedada em todo o estado a venda de bebida alco\u00f3lica em quaisquer estabelecimentos, inclusive por delivery, no per\u00edodo das 18h do dia 23 at\u00e9 as 5h de 26 de abril.<\/p>\n\n\n\n<p>Segundo o governo da Bahia, excepcionalmente, essa medida n\u00e3o se aplicar\u00e1 a outros 19 munic\u00edpios baianos <strong><em>[veja lista no final da mat\u00e9ria]<\/em><\/strong> em que a taxa de ocupa\u00e7\u00e3o de leitos de UTI se mantenha, por cinco dias consecutivos, igual ou inferior a 75%.<\/p>\n\n\n\n<p class=\"has-black-color has-text-color has-medium-font-size\"><strong>Eventos proibidos<\/strong><\/p>\n\n\n\n<p>Permanecem proibidos at\u00e9 o dia 26 de abril os eventos e atividades, independentemente do n\u00famero de participantes, ainda que previamente autorizados, que envolvam aglomera\u00e7\u00e3o de pessoas, como eventos desportivos coletivos e amadores, cerim\u00f4nias de casamento, eventos recreativos em logradouros p\u00fablicos ou privados, circos, eventos cient\u00edficos, solenidades de formatura, passeatas e afins, bem como aulas em academias de dan\u00e7a e gin\u00e1stica.<\/p>\n\n\n\n<p>Apenas eventos cient\u00edficos, corporativos e reuni\u00f5es continuam liberados, com p\u00fablico m\u00e1ximo de 50 pessoas, exceto para os 208 munic\u00edpios listados pelo governo <strong><em>[veja lista no final da mat\u00e9ria]<\/em><\/strong>.<\/p>\n\n\n\n<p>Segue proibida ainda, em todo o territ\u00f3rio baiano, a pr\u00e1tica de quaisquer atividades esportivas coletivas amadoras at\u00e9 26 de abril, sendo permitidas as pr\u00e1ticas individuais, desde que n\u00e3o gerem aglomera\u00e7\u00f5es.<\/p>\n\n\n\n<p>Continua autorizado o funcionamento de academias e estabelecimentos voltados para a realiza\u00e7\u00e3o de atividades f\u00edsicas, desde que limitada a ocupa\u00e7\u00e3o ao m\u00e1ximo de 50% da capacidade do local, observados os protocolos sanit\u00e1rios estabelecidos.<\/p>\n\n\n\n<p>Continuam permitidos os atos religiosos lit\u00fargicos, com limita\u00e7\u00e3o da ocupa\u00e7\u00e3o ao m\u00e1ximo de 25% da capacidade do local.<\/p>\n\n\n\n<p class=\"has-black-color has-text-color has-medium-font-size\"><strong>Veja as 19 cidades em que aulas semipresenciais podem ser retomadas:<\/strong><\/p>\n\n\n\n<p>Ca\u00e9m<br>Caldeir\u00e3o Grande<br>Capim Grosso<br>Jacobina<br>Mairi<br>Miguel Calmon<br>Mirangaba<br>Morro do Chap\u00e9u<br>Ourol\u00e2ndia<br>Piritiba<br>Quixabeira<br>S\u00e3o Jos\u00e9 do Jacu\u00edpe<br>Sa\u00fade<br>Serrol\u00e2ndia<br>Tapiramut\u00e1<br>Umburanas<br>V\u00e1rzea da Ro\u00e7a<br>V\u00e1rzea do Po\u00e7o<br>V\u00e1rzea Nova<\/p>\n\n\n\n<p class=\"has-black-color has-text-color has-medium-font-size\"><strong>Veja as 208 cidades baianas com toque de recolher a partir das 20h:<\/strong><\/p>\n\n\n\n<p>Aba\u00edra<br>Acajutiba<br>Adustina<br>Alagoinhas<br>Alcoba\u00e7a<br>Am\u00e9rica Dourada<br>Anag\u00e9<br>Andara\u00ed<br>Angical<br>Antas<br>Apor\u00e1<br>Ara\u00e7\u00e1s<br>Aracatu<br>Aramari<br>Baian\u00f3polis<br>Banza\u00ea<br>Barra<br>Barra do Cho\u00e7a<br>Barra da Estiva<br>Barra do Mendes<br>Barreiras<br>Barro Alto<br>Belmonte<br>Belo Campo<br>Boa Vista do Tupim<br>Bom Jesus da Lapa<br>Bom Jesus da Serra<br>Boninal<br>Bonito<br>Boquira<br>Botupor\u00e3<br>Brejol\u00e2ndia<br>Brotas de Maca\u00fabas<br>Brumado<br>Buritirama<br>Caatiba<br>Cacul\u00e9<br>Caetanos<br>Caetit\u00e9<br>Cafarnaum<br>Can\u00e1polis<br>Canarana<br>Candiba<br>C\u00e2ndido Sales<br>Cara\u00edbas<br>Caravelas<br>Cardeal da Silva<br>Carinhanha<br>Catol\u00e2ndia<br>Catu<br>Caturama<br>Central<br>C\u00edcero Dantas<br>Cip\u00f3<br>Cocos<br>Conde\u00faba<br>Contendas do Sincor\u00e1<br>Cordeiros<br>Coribe<br>Coronel Jo\u00e3o S\u00e1<br>Correntina<br>Cotegipe<br>Cris\u00f3polis<br>Crist\u00f3polis<br>Dom Bas\u00edlio<br>Encruzilhada<br>Entre Rios<br>\u00c9rico Cardoso<br>Esplanada<br>Eun\u00e1polis<br>F\u00e1tima<br>Feira da Mata<br>Firmino Alves<br>Formosa do Rio Preto<br>Gentio do Ouro<br>Guajeru<br>Guanambi<br>Guaratinga<br>Heli\u00f3polis<br>Ia\u00e7u<br>Ibiassuc\u00ea<br>Ibicoara<br>Ibicu\u00ed<br>Ibipeba<br>Ibipitanga<br>Ibiquera<br>Ibirapu\u00e3<br>Ibitiara<br>Ibitit\u00e1<br>Ibotirama<br>Igapor\u00e3<br>Igua\u00ed<br>Inhambupe<br>Ipupiara<br>Iraquara<br>Irec\u00ea<br>Itabela<br>Itaberaba<br>Itaet\u00ea<br>Itagimirim<br>Itagua\u00e7u da Bahia<br>Itamaraju<br>Itamb\u00e9<br>Itanagra<br>Itanh\u00e9m<br>Itapebi<br>Itapetinga<br>Itapicuru<br>Itarantim<br>Itoror\u00f3<br>Itua\u00e7u<br>Iuiu<br>Jaborandi<br>Jacaraci<br>Janda\u00edra<br>Jo\u00e3o Dourado<br>Jucuru\u00e7u<br>Jussara<br>Jussiape<br>Lagoa Real<br>Lajed\u00e3o<br>Lajedinho<br>Lap\u00e3o<br>Len\u00e7\u00f3is<br>Lic\u00ednio de Almeida<br>Livramento de Nossa Senhora<br>Lu\u00eds Eduardo Magalh\u00e3es<br>Macajuba<br>Macarani<br>Maca\u00fabas<br>Maetinga<br>Maiquinique<br>Malhada<br>Malhada de Pedras<br>Mansid\u00e3o<br>Marcion\u00edlio Souza<br>Matina<br>Medeiros Neto<br>Mirante<br>Morpar\u00e1<br>Mortugaba<br>Mucug\u00ea<br>Mucuri<br>Mulungu do Morro<br>Muqu\u00e9m do S\u00e3o Francisco<br>Nova Cana\u00e3<br>Nova Reden\u00e7\u00e3o<br>Nova Soure<br>Nova Vi\u00e7osa<br>Novo Horizonte<br>Novo Triunfo<br>Olindina<br>Oliveira dos Brejinhos<br>Ouri\u00e7angas<br>Palmas de Monte Alto<br>Palmeiras<br>Paramirim<br>Paratinga<br>Paripiranga<br>Pedr\u00e3o<br>Piat\u00e3<br>Pinda\u00ed<br>Pirip\u00e1<br>Planalto<br>Po\u00e7\u00f5es<br>Porto Seguro<br>Potiragu\u00e1<br>Prado<br>Presidente Dutra<br>Presidente J\u00e2nio Quadros<br>Riach\u00e3o das Neves<br>Riacho de Santana<br>Ribeira do Amparo<br>Ribeira do Pombal<br>Ribeir\u00e3o do Largo<br>Rio de Contas<br>Rio do Ant\u00f4nio<br>Rio do Pires<br>Rio Real<br>Ruy Barbosa<br>Santa Cruz Cabr\u00e1lia<br>Santa Maria da Vit\u00f3ria<br>Santa Rita de C\u00e1ssia<br>Santana<br>S\u00e3o Desid\u00e9rio<br>S\u00e3o F\u00e9lix do Coribe<br>S\u00e3o Gabriel<br>S\u00e1tiro Dias<br>Seabra<br>Sebasti\u00e3o Laranjeiras<br>Serra do Ramalho<br>Serra Dourada<br>S\u00edtio do Mato<br>S\u00edtio do Quinto<br>Souto Soares<br>Tabocas do Brejo Velho<br>Tanha\u00e7u<br>Tanque Novo<br>Teixeira de Freitas<br>Tremedal<br>Uiba\u00ed<br>Urandi<br>Utinga<br>Vereda<br>Vit\u00f3ria da Conquista<br>Wagner<br>Wanderley<br>Xique-Xique<\/p>\n","protected":false},"excerpt":{"rendered":"<p>Medida foi publicada neste domingo (18), na vers\u00e3o on-line do Di\u00e1rio Oficial do Estado (DOE) O toque de recolher passa a vigorar das 20h \u00e0s 5h de 18 a 26 de abril, em 208 munic\u00edpios baianos [veja lista no final da reportagem]. Nos demais munic\u00edpios, inclusive Salvador, fica restrita a locomo\u00e7\u00e3o noturna, vedados a qualquer [&hellip;]<\/p>\n","protected":false},"author":2,"featured_media":55705,"comment_status":"open","ping_status":"open","sticky":false,"template":"","format":"standard","meta":{"_acf_changed":false,"_monsterinsights_skip_tracking":false,"_monsterinsights_sitenote_active":false,"_monsterinsights_sitenote_note":"","_monsterinsights_sitenote_category":0,"_jetpack_memberships_contains_paid_content":false,"footnotes":"","jetpack_publicize_message":"","jetpack_publicize_feature_enabled":true,"jetpack_social_post_already_shared":true,"jetpack_social_options":{"image_generator_settings":{"template":"highway","default_image_id":0,"font":"","enabled":false},"version":2}},"categories":[7],"tags":[],"class_list":["post-55704","post","type-post","status-publish","format-standard","has-post-thumbnail","hentry","category-saude"],"acf":[],"jetpack_publicize_connections":[],"jetpack_featured_media_url":"https:\/\/i0.wp.com\/blogdoeloiltoncajuhy.com.br\/site\/wp-content\/uploads\/2021\/04\/CoronaToqueRecolher_Abr-2021.jpg?fit=768%2C512&ssl=1","jetpack_sharing_enabled":true,"publishpress_future_workflow_manual_trigger":{"enabledWorkflows":[]},"_links":{"self":[{"href":"https:\/\/blogdoeloiltoncajuhy.com.br\/site\/wp-json\/wp\/v2\/posts\/55704","targetHints":{"allow":["GET"]}}],"collection":[{"href":"https:\/\/blogdoeloiltoncajuhy.com.br\/site\/wp-json\/wp\/v2\/posts"}],"about":[{"href":"https:\/\/blogdoeloiltoncajuhy.com.br\/site\/wp-json\/wp\/v2\/types\/post"}],"author":[{"embeddable":true,"href":"https:\/\/blogdoeloiltoncajuhy.com.br\/site\/wp-json\/wp\/v2\/users\/2"}],"replies":[{"embeddable":true,"href":"https:\/\/blogdoeloiltoncajuhy.com.br\/site\/wp-json\/wp\/v2\/comments?post=55704"}],"version-history":[{"count":2,"href":"https:\/\/blogdoeloiltoncajuhy.com.br\/site\/wp-json\/wp\/v2\/posts\/55704\/revisions"}],"predecessor-version":[{"id":55707,"href":"https:\/\/blogdoeloiltoncajuhy.com.br\/site\/wp-json\/wp\/v2\/posts\/55704\/revisions\/55707"}],"wp:featuredmedia":[{"embeddable":true,"href":"https:\/\/blogdoeloiltoncajuhy.com.br\/site\/wp-json\/wp\/v2\/media\/55705"}],"wp:attachment":[{"href":"https:\/\/blogdoeloiltoncajuhy.com.br\/site\/wp-json\/wp\/v2\/media?parent=55704"}],"wp:term":[{"taxonomy":"category","embeddable":true,"href":"https:\/\/blogdoeloiltoncajuhy.com.br\/site\/wp-json\/wp\/v2\/categories?post=55704"},{"taxonomy":"post_tag","embeddable":true,"href":"https:\/\/blogdoeloiltoncajuhy.com.br\/site\/wp-json\/wp\/v2\/tags?post=55704"}],"curies":[{"name":"wp","href":"https:\/\/api.w.org\/{rel}","templated":true}]}}